{"id":62922,"date":"2025-02-25T12:53:59","date_gmt":"2025-02-25T11:53:59","guid":{"rendered":"https:\/\/www.africanchallenges.com\/?p=62922"},"modified":"2025-02-25T12:57:02","modified_gmt":"2025-02-25T11:57:02","slug":"tunisie-renforcement-des-relations-economiques-et-les-partenariats-entre-la-tunisie-et-la-delegation-generale-wallonie-bruxelles-dans-les-secteurs-porteurs-et-innovants","status":"publish","type":"post","link":"https:\/\/www.africanchallenges.com\/?p=62922","title":{"rendered":"Tunisie: Renforcement des relations \u00e9conomiques et des partenariats entre la Tunisie et la D\u00e9l\u00e9gation g\u00e9n\u00e9rale Wallonie-Bruxelles dans les secteurs porteurs et innovants"},"content":{"rendered":"\n<p class=\"wp-block-paragraph\">Madame Rajae Essefiani, D\u00e9l\u00e9gu\u00e9e g\u00e9n\u00e9rale Wallonie-Bruxelles, a eu le plaisir de rencontrer et d\u2019\u00e9changer avec Monsieur Aslan Berjeb, Pr\u00e9sident de la Conect &#8211; Conf\u00e9d\u00e9ration des Entreprises Citoyennes de Tunisie ainsi que Monsieur Bilel Ben Hamida, Directeur Ex\u00e9cutif de la CONECT international, et Madame Samia Chelbi pr\u00e9sidente des industries cr\u00e9atives de la CONECT, le 21 f\u00e9vrier 2025 au si\u00e8ge de la CONECT.<\/p>\n\n\n\n<p class=\"wp-block-paragraph\">Cette rencontre a permis de r\u00e9affirmer la volont\u00e9 commune de renforcer les relations \u00e9conomiques et les partenariats entre la Tunisie et la D\u00e9l\u00e9gation g\u00e9n\u00e9rale Wallonie-Bruxelles, notamment dans les secteurs porteurs et innovants.<\/p>\n\n\n","protected":false},"excerpt":{"rendered":"<p>Madame Rajae Essefiani, D\u00e9l\u00e9gu\u00e9e g\u00e9n\u00e9rale Wallonie-Bruxelles, a eu le plaisir de rencontrer et d\u2019\u00e9changer avec Monsieur Aslan Berjeb, Pr\u00e9sident de la Conect &#8211; Conf\u00e9d\u00e9ration des Entreprises Citoyennes de Tunisie ainsi que Monsieur Bilel Ben Hamida, Directeur Ex\u00e9cutif de la CONECT international, et Madame Samia Chelbi pr\u00e9sidente des industries cr\u00e9atives de la CONECT, le 21 f\u00e9vrier [&hellip;]<\/p>\n","protected":false},"author":4,"featured_media":62923,"comment_status":"open","ping_status":"closed","sticky":false,"template":"","format":"standard","meta":{"content-type":"","jnews-multi-image_gallery":[],"jnews_single_post":{"subtitle":"","format":"standard","video":"","gallery":"","source_name":"","source_url":"","via_name":"","via_url":"","override_template":"0","override":[{"template":"1","single_blog_custom":"","parallax":"1","fullscreen":"1","layout":"right-sidebar","sidebar":"default-sidebar","second_sidebar":"default-sidebar","sticky_sidebar":"1","share_position":"top","share_float_style":"share-monocrhome","show_share_counter":"1","show_view_counter":"1","show_featured":"1","show_post_meta":"1","show_post_author":"1","show_post_author_image":"1","show_post_date":"1","post_date_format":"default","post_date_format_custom":"Y\/m\/d","show_post_category":"1","show_post_reading_time":"0","post_reading_time_wpm":"300","show_zoom_button":"0","zoom_button_out_step":"2","zoom_button_in_step":"3","show_post_tag":"1","show_prev_next_post":"1","show_popup_post":"1","number_popup_post":"1","show_author_box":"0","show_post_related":"0","show_inline_post_related":"0"}],"override_image_size":"0","image_override":[{"single_post_thumbnail_size":"crop-500","single_post_gallery_size":"crop-500"}],"trending_post":"0","trending_post_position":"meta","trending_post_label":"Trending","sponsored_post":"0","sponsored_post_label":"Sponsored by","sponsored_post_name":"","sponsored_post_url":"","sponsored_post_logo_enable":"0","sponsored_post_logo":"","sponsored_post_desc":"","disable_ad":"0"},"jnews_primary_category":{"id":"","hide":""},"jnews_override_bookmark_settings":[],"jnews_review":[],"enable_review":"","type":"","name":"","summary":"","brand":"","sku":"","good":[],"bad":[],"score_override":"","override_value":"","rating":[],"price":[],"jnews_post_split":[],"footnotes":""},"categories":[43,73],"tags":[14833,51,9199,10761,6561,54],"class_list":["post-62922","post","type-post","status-publish","format-standard","has-post-thumbnail","hentry","category-eco-business","category-eco","tag-aslan-berjeb","tag-conect","tag-delegation-generale-wallonie-bruxelles","tag-rajae-essefiani","tag-relations-economiques","tag-tunisie"],"_links":{"self":[{"href":"https:\/\/www.africanchallenges.com\/index.php?rest_route=\/wp\/v2\/posts\/62922","targetHints":{"allow":["GET"]}}],"collection":[{"href":"https:\/\/www.africanchallenges.com\/index.php?rest_route=\/wp\/v2\/posts"}],"about":[{"href":"https:\/\/www.africanchallenges.com\/index.php?rest_route=\/wp\/v2\/types\/post"}],"author":[{"embeddable":true,"href":"https:\/\/www.africanchallenges.com\/index.php?rest_route=\/wp\/v2\/users\/4"}],"replies":[{"embeddable":true,"href":"https:\/\/www.africanchallenges.com\/index.php?rest_route=%2Fwp%2Fv2%2Fcomments&post=62922"}],"version-history":[{"count":4,"href":"https:\/\/www.africanchallenges.com\/index.php?rest_route=\/wp\/v2\/posts\/62922\/revisions"}],"predecessor-version":[{"id":62928,"href":"https:\/\/www.africanchallenges.com\/index.php?rest_route=\/wp\/v2\/posts\/62922\/revisions\/62928"}],"wp:featuredmedia":[{"embeddable":true,"href":"https:\/\/www.africanchallenges.com\/index.php?rest_route=\/wp\/v2\/media\/62923"}],"wp:attachment":[{"href":"https:\/\/www.africanchallenges.com\/index.php?rest_route=%2Fwp%2Fv2%2Fmedia&parent=62922"}],"wp:term":[{"taxonomy":"category","embeddable":true,"href":"https:\/\/www.africanchallenges.com\/index.php?rest_route=%2Fwp%2Fv2%2Fcategories&post=62922"},{"taxonomy":"post_tag","embeddable":true,"href":"https:\/\/www.africanchallenges.com\/index.php?rest_route=%2Fwp%2Fv2%2Ftags&post=62922"}],"curies":[{"name":"wp","href":"https:\/\/api.w.org\/{rel}","templated":true}]}}