{"id":62917,"date":"2025-02-25T12:46:14","date_gmt":"2025-02-25T11:46:14","guid":{"rendered":"https:\/\/www.africanchallenges.com\/?p=62917"},"modified":"2025-02-25T12:47:13","modified_gmt":"2025-02-25T11:47:13","slug":"la-tunisie-interpelle-lonu-sur-les-fonds-detournes-et-la-dette","status":"publish","type":"post","link":"https:\/\/www.africanchallenges.com\/?p=62917","title":{"rendered":"La Tunisie interpelle l\u2019ONU sur les fonds d\u00e9tourn\u00e9s et la dette"},"content":{"rendered":"\n<p class=\"wp-block-paragraph\">Le ministre des Affaires \u00e9trang\u00e8res, de la migration et des Tunisiens \u00e0 l\u2019\u00e9tranger, Mohamed Ali Nafti, a soulign\u00e9 la n\u00e9cessit\u00e9 de d\u00e9velopper des dispositifs de coop\u00e9ration internationale aux niveaux bilat\u00e9ral et multilat\u00e9ral afin d\u2019acc\u00e9l\u00e9rer la restitution des fonds spoli\u00e9s et d\u00e9tourn\u00e9s \u00e0 l\u2019\u00e9tranger.<\/p>\n\n\n\n<p class=\"wp-block-paragraph\">Il s\u2019agit d\u2019un droit inh\u00e9rent et imprescriptible des peuples, a lanc\u00e9 le ministre lors de sa participation, ce lundi, en visioconf\u00e9rence, \u00e0 la 58e session du Conseil des droits de l\u2019Homme des Nations Unies \u00e0 Gen\u00e8ve.<\/p>\n\n\n\n<p class=\"wp-block-paragraph\">\u00c0 cette occasion, Nafti a qualifi\u00e9 la r\u00e9cup\u00e9ration des fonds d\u00e9tourn\u00e9s \u00e0 l\u2019\u00e9tranger de \u201d revendication populaire\u201d toujours entrav\u00e9e, malgr\u00e9 les efforts consid\u00e9rables d\u00e9ploy\u00e9s par l\u2019institution judiciaire et les d\u00e9marches diplomatiques engag\u00e9es depuis plus d\u2019une d\u00e9cennie.<\/p>\n\n\n\n<p class=\"wp-block-paragraph\">Nous insistons donc sur la n\u00e9cessit\u00e9 de d\u00e9velopper les outils de coop\u00e9ration internationale, tant bilat\u00e9rale que multilat\u00e9rale, afin d\u2019acc\u00e9l\u00e9rer le processus de la r\u00e9cup\u00e9ration des fonds d\u00e9tourn\u00e9s \u00e0 l\u2019\u00e9tranger, ceux-ci \u00e9tant un droit inali\u00e9nable et imprescriptible des peuples l\u00e9s\u00e9s\u201d a-t-il dit.<\/p>\n\n\n\n<p class=\"wp-block-paragraph\">Dans ce contexte, tout en renouvelant son appel aux \u00c9tats membres du Conseil pour soutenir sa d\u00e9marche dans la r\u00e9cup\u00e9ration de ses fonds, la Tunisie appelle \u00e0 soutenir le projet de r\u00e9solution africain sur \u201cl\u2019impact n\u00e9gatif du non-retour des fonds d\u2019origine illicite \u00e0 leurs pays d\u2019origine sur la jouissance des droits de l\u2019Homme et l\u2019importance d\u2019am\u00e9liorer la coop\u00e9ration internationale dans ce domaine\u201d.<\/p>\n\n\n\n<p class=\"wp-block-paragraph\">D\u2019ailleurs, ce projet est co-parrain\u00e9 par la Tunisie, l\u2019\u00c9gypte et la Libye lors de cette session, \u201c\u00e9tant donn\u00e9 que la restitution de ces fonds est un droit fondamental consacr\u00e9 par le droit international, notamment par la Convention des Nations Unies contre la corruption, en particulier dans un contexte o\u00f9 de nombreux pays en d\u00e9veloppement sont contraints de recourir \u00e0 l\u2019emprunt ext\u00e9rieur,\u201d rappelle Nafti.<\/p>\n\n\n\n<p class=\"wp-block-paragraph\">Volet migration, le ministre a rappel\u00e9 que \u201cles migrants irr\u00e9guliers sont des victimes d\u2019un syst\u00e8me \u00e9conomique mondial dont les pays de notre r\u00e9gion, dont la Tunisie, ne sont pas la cause, mais ils font bien partie ses victimes.<\/p>\n\n\n\n<p class=\"wp-block-paragraph\">Toutefois, la Tunisie aborde ce ph\u00e9nom\u00e8ne conform\u00e9ment \u00e0 son engagement au respect des lois internationales et de la dignit\u00e9 humaine de ces victimes de la traite des \u00eatres humains\u201d a-t-il martel\u00e9.<\/p>\n\n\n\n<p class=\"wp-block-paragraph\">Dans cette perspective, Mohamed Ali Nafti insiste sur le fait que l\u2019approche tunisienne en mati\u00e8re de gestion de la migration irr\u00e9guli\u00e8re repose en effet sur le respect des droits de l\u2019Homme et le rejet de toute forme de discrimination raciale et de discours de haine, conform\u00e9ment aux engagements internationaux et en respect aux l\u00e9gislations nationales.<\/p>\n\n\n\n<p class=\"wp-block-paragraph\">\u00c0 cet \u00e9gard, l\u2019\u00c9tat tunisien, selon la m\u00eame source, \u201cd\u00e9ploie, dans la mesure de ses moyens, des efforts consid\u00e9rables pour sauver des vies, fournir les soins et l\u2019accompagnement n\u00e9cessaires \u00e0 ceux qui en ont besoin, pr\u00e9server leur dignit\u00e9 et les prot\u00e9ger contre l\u2019exploitation par les r\u00e9seaux de trafic et de traite des \u00eatres humains\u201d a-t-il dit.<\/p>\n\n\n\n<p class=\"wp-block-paragraph\">Et d\u2019ajouter: \u201cnous r\u00e9affirmons notre refus des tentatives d\u00e9sesp\u00e9r\u00e9es de proposer ou d\u2019imposer des projets de r\u00e9installation d\u00e9guis\u00e9e des migrants irr\u00e9guliers, ainsi que toutes les tentatives d\u2019exploitation politique et m\u00e9diatique de la situation des migrants et de leurs souffrances pour atteindre des objectifs politiques et servir des agendas particuliers\u201d a-t-il encore soulign\u00e9 .<\/p>\n\n\n\n<p class=\"wp-block-paragraph\">Parall\u00e8lement, Nafti appelle \u00e0 \u201cla n\u00e9cessit\u00e9 d\u2019entreprendre des r\u00e9formes fondamentales du syst\u00e8me financier international, de r\u00e9examiner le r\u00f4le des agences de notation internationales, de r\u00e9duire le fardeau de la dette et du service de la dette pour les pays en d\u00e9veloppement, et de faciliter leur acc\u00e8s aux sources de financement\u201d.<\/p>\n\n\n\n<p class=\"wp-block-paragraph\">Nafti rappelle la position de la Tunisie en faveur de la cause palestinienne en condamnant \u201cce que subit le peuple palestinien en termes de famine, de d\u00e9placement forc\u00e9, de nettoyage ethnique, de g\u00e9nocide et de menace de d\u00e9placement\u201d.<\/p>\n\n\n\n<p class=\"wp-block-paragraph\">En ce sens, il d\u00e9nonce \u201cla diffamation, le d\u00e9placement forc\u00e9, le nettoyage ethnique, le g\u00e9nocide et la menace de d\u00e9portation subis par le peuple palestinien\u201d.<\/p>\n\n\n\n<p class=\"wp-block-paragraph\">Par ailleurs, Nafti a salu\u00e9 les positions de la Cour p\u00e9nale internationale concernant les crimes de guerre commis par l\u2019entit\u00e9 sioniste.<\/p>\n\n\n\n<p class=\"wp-block-paragraph\">En ce sens, il a r\u00e9it\u00e9r\u00e9 la position ferme de la Tunisie \u00e0 l\u2019encontre du refus de l\u2019expulsion des Palestiniens, au soutien du droit du peuple palestinien \u00e0 r\u00e9cup\u00e9rer son droit inali\u00e9nable \u00e0 un \u00c9tat ind\u00e9pendant avec Al Qods Al Sharif comme capitale.<\/p>\n\n\n\n<p class=\"wp-block-paragraph\"><strong>Avec TAP<\/strong><\/p>\n","protected":false},"excerpt":{"rendered":"<p>Le ministre des Affaires \u00e9trang\u00e8res, de la migration et des Tunisiens \u00e0 l\u2019\u00e9tranger, Mohamed Ali Nafti, a soulign\u00e9 la n\u00e9cessit\u00e9 de d\u00e9velopper des dispositifs de coop\u00e9ration internationale aux niveaux bilat\u00e9ral et multilat\u00e9ral afin d\u2019acc\u00e9l\u00e9rer la restitution des fonds spoli\u00e9s et d\u00e9tourn\u00e9s \u00e0 l\u2019\u00e9tranger. Il s\u2019agit d\u2019un droit inh\u00e9rent et imprescriptible des peuples, a lanc\u00e9 le [&hellip;]<\/p>\n","protected":false},"author":4,"featured_media":62918,"comment_status":"open","ping_status":"closed","sticky":false,"template":"","format":"standard","meta":{"content-type":"","jnews-multi-image_gallery":[],"jnews_single_post":{"subtitle":"","format":"standard","video":"","gallery":"","source_name":"","source_url":"","via_name":"","via_url":"","override_template":"0","override":[{"template":"1","single_blog_custom":"","parallax":"1","fullscreen":"1","layout":"right-sidebar","sidebar":"default-sidebar","second_sidebar":"default-sidebar","sticky_sidebar":"1","share_position":"top","share_float_style":"share-monocrhome","show_share_counter":"1","show_view_counter":"1","show_featured":"1","show_post_meta":"1","show_post_author":"1","show_post_author_image":"1","show_post_date":"1","post_date_format":"default","post_date_format_custom":"Y\/m\/d","show_post_category":"1","show_post_reading_time":"0","post_reading_time_wpm":"300","show_zoom_button":"0","zoom_button_out_step":"2","zoom_button_in_step":"3","show_post_tag":"1","show_prev_next_post":"1","show_popup_post":"1","number_popup_post":"1","show_author_box":"0","show_post_related":"0","show_inline_post_related":"0"}],"override_image_size":"0","image_override":[{"single_post_thumbnail_size":"crop-500","single_post_gallery_size":"crop-500"}],"trending_post":"0","trending_post_position":"meta","trending_post_label":"Trending","sponsored_post":"0","sponsored_post_label":"Sponsored by","sponsored_post_name":"","sponsored_post_url":"","sponsored_post_logo_enable":"0","sponsored_post_logo":"","sponsored_post_desc":"","disable_ad":"0"},"jnews_primary_category":{"id":"","hide":""},"jnews_override_bookmark_settings":[],"jnews_review":[],"enable_review":"","type":"","name":"","summary":"","brand":"","sku":"","good":[],"bad":[],"score_override":"","override_value":"","rating":[],"price":[],"jnews_post_split":[],"footnotes":""},"categories":[2],"tags":[14832,5265,14831,6993,5651,12907,54],"class_list":["post-62917","post","type-post","status-publish","format-standard","has-post-thumbnail","hentry","category-news-politique","tag-conseil-des-droits-de-lhomme-des-nations-unies","tag-dette","tag-fonds-detournes","tag-geneve","tag-lonu","tag-mohamed-ali-nafti","tag-tunisie"],"_links":{"self":[{"href":"https:\/\/www.africanchallenges.com\/index.php?rest_route=\/wp\/v2\/posts\/62917","targetHints":{"allow":["GET"]}}],"collection":[{"href":"https:\/\/www.africanchallenges.com\/index.php?rest_route=\/wp\/v2\/posts"}],"about":[{"href":"https:\/\/www.africanchallenges.com\/index.php?rest_route=\/wp\/v2\/types\/post"}],"author":[{"embeddable":true,"href":"https:\/\/www.africanchallenges.com\/index.php?rest_route=\/wp\/v2\/users\/4"}],"replies":[{"embeddable":true,"href":"https:\/\/www.africanchallenges.com\/index.php?rest_route=%2Fwp%2Fv2%2Fcomments&post=62917"}],"version-history":[{"count":3,"href":"https:\/\/www.africanchallenges.com\/index.php?rest_route=\/wp\/v2\/posts\/62917\/revisions"}],"predecessor-version":[{"id":62921,"href":"https:\/\/www.africanchallenges.com\/index.php?rest_route=\/wp\/v2\/posts\/62917\/revisions\/62921"}],"wp:featuredmedia":[{"embeddable":true,"href":"https:\/\/www.africanchallenges.com\/index.php?rest_route=\/wp\/v2\/media\/62918"}],"wp:attachment":[{"href":"https:\/\/www.africanchallenges.com\/index.php?rest_route=%2Fwp%2Fv2%2Fmedia&parent=62917"}],"wp:term":[{"taxonomy":"category","embeddable":true,"href":"https:\/\/www.africanchallenges.com\/index.php?rest_route=%2Fwp%2Fv2%2Fcategories&post=62917"},{"taxonomy":"post_tag","embeddable":true,"href":"https:\/\/www.africanchallenges.com\/index.php?rest_route=%2Fwp%2Fv2%2Ftags&post=62917"}],"curies":[{"name":"wp","href":"https:\/\/api.w.org\/{rel}","templated":true}]}}