{"id":62893,"date":"2025-02-25T11:21:46","date_gmt":"2025-02-25T10:21:46","guid":{"rendered":"https:\/\/www.africanchallenges.com\/?p=62893"},"modified":"2025-02-25T11:25:29","modified_gmt":"2025-02-25T10:25:29","slug":"tunisie-la-ministre-de-la-famille-de-la-femme-de-lenfance-et-des-personnes-agees-recoit-lambassadrice-de-france-en-tunisie-anne-gueguen","status":"publish","type":"post","link":"https:\/\/www.africanchallenges.com\/?p=62893","title":{"rendered":"Tunisie : La ministre de la Famille, de la Femme, de l\u2019Enfance et des Personnes \u00c2g\u00e9es re\u00e7oit l\u2019ambassadrice de France en Tunisie, Anne Gu\u00e9guen"},"content":{"rendered":"\n<p class=\"wp-block-paragraph\">Mme Asma Jebri, ministre de la Famille, de la Femme, de l&rsquo;Enfance et des Personnes \u00c2g\u00e9es, a re\u00e7u lundi soir 24 f\u00e9vrier 2025, au si\u00e8ge du minist\u00e8re, l&rsquo;ambassadrice de France en Tunisie, Mme Anne Gu\u00e9guen, ainsi que sa d\u00e9l\u00e9gation.<\/p>\n\n\n\n<p class=\"wp-block-paragraph\">La r\u00e9union\u00a0a \u00e9t\u00e9 consacr\u00e9 au suivi des pr\u00e9paratifs de la Journ\u00e9e internationale du 8 mars , d\u00e9di\u00e9e aux droits des femmes, et \u00e0 l&rsquo;\u00e9tat d&rsquo;avancement des programmes de coop\u00e9ration franco-tunisiens dans les domaines li\u00e9s \u00e0 l&rsquo;int\u00e9gration sociale et \u00e9conomique des femmes et des filles, \u00e0 l\u2019appui des secteurs de l&rsquo;enfance et au soutien des capacit\u00e9s familiales.<\/p>\n\n\n\n<p class=\"wp-block-paragraph\">Les deux parties ont examin\u00e9 les opportunit\u00e9s disponibles pour renforcer le partenariat, soutenir la coop\u00e9ration et d\u00e9velopper ses m\u00e9canismes entre les deux pays.<\/p>\n","protected":false},"excerpt":{"rendered":"<p>Mme Asma Jebri, ministre de la Famille, de la Femme, de l&rsquo;Enfance et des Personnes \u00c2g\u00e9es, a re\u00e7u lundi soir 24 f\u00e9vrier 2025, au si\u00e8ge du minist\u00e8re, l&rsquo;ambassadrice de France en Tunisie, Mme Anne Gu\u00e9guen, ainsi que sa d\u00e9l\u00e9gation. La r\u00e9union\u00a0a \u00e9t\u00e9 consacr\u00e9 au suivi des pr\u00e9paratifs de la Journ\u00e9e internationale du 8 mars , [&hellip;]<\/p>\n","protected":false},"author":3,"featured_media":62894,"comment_status":"open","ping_status":"closed","sticky":false,"template":"","format":"standard","meta":{"content-type":"","jnews-multi-image_gallery":[],"jnews_single_post":{"subtitle":"","format":"standard","video":"","gallery":"","source_name":"","source_url":"","via_name":"","via_url":"","override_template":"0","override":[{"template":"1","single_blog_custom":"","parallax":"1","fullscreen":"1","layout":"right-sidebar","sidebar":"default-sidebar","second_sidebar":"default-sidebar","sticky_sidebar":"1","share_position":"top","share_float_style":"share-monocrhome","show_share_counter":"1","show_view_counter":"1","show_featured":"1","show_post_meta":"1","show_post_author":"1","show_post_author_image":"1","show_post_date":"1","post_date_format":"default","post_date_format_custom":"Y\/m\/d","show_post_category":"1","show_post_reading_time":"0","post_reading_time_wpm":"300","show_zoom_button":"0","zoom_button_out_step":"2","zoom_button_in_step":"3","show_post_tag":"1","show_prev_next_post":"1","show_popup_post":"1","number_popup_post":"1","show_author_box":"0","show_post_related":"0","show_inline_post_related":"0"}],"override_image_size":"0","image_override":[{"single_post_thumbnail_size":"crop-500","single_post_gallery_size":"crop-500"}],"trending_post":"0","trending_post_position":"meta","trending_post_label":"Trending","sponsored_post":"0","sponsored_post_label":"Sponsored by","sponsored_post_name":"","sponsored_post_url":"","sponsored_post_logo_enable":"0","sponsored_post_logo":"","sponsored_post_desc":"","disable_ad":"0"},"jnews_primary_category":{"id":"","hide":""},"jnews_override_bookmark_settings":[],"jnews_review":[],"enable_review":"","type":"","name":"","summary":"","brand":"","sku":"","good":[],"bad":[],"score_override":"","override_value":"","rating":[],"price":[],"jnews_post_split":[],"footnotes":""},"categories":[2],"tags":[11523,12902,14823,10246,3954,14824,758,1797,54],"class_list":["post-62893","post","type-post","status-publish","format-standard","has-post-thumbnail","hentry","category-news-politique","tag-anne-gueguen-2","tag-asma-jebri","tag-cooperation-tuniso-francaise","tag-enfance","tag-femmes","tag-integration-sociale-et-economique","tag-promotion","tag-reunion","tag-tunisie"],"_links":{"self":[{"href":"https:\/\/www.africanchallenges.com\/index.php?rest_route=\/wp\/v2\/posts\/62893","targetHints":{"allow":["GET"]}}],"collection":[{"href":"https:\/\/www.africanchallenges.com\/index.php?rest_route=\/wp\/v2\/posts"}],"about":[{"href":"https:\/\/www.africanchallenges.com\/index.php?rest_route=\/wp\/v2\/types\/post"}],"author":[{"embeddable":true,"href":"https:\/\/www.africanchallenges.com\/index.php?rest_route=\/wp\/v2\/users\/3"}],"replies":[{"embeddable":true,"href":"https:\/\/www.africanchallenges.com\/index.php?rest_route=%2Fwp%2Fv2%2Fcomments&post=62893"}],"version-history":[{"count":3,"href":"https:\/\/www.africanchallenges.com\/index.php?rest_route=\/wp\/v2\/posts\/62893\/revisions"}],"predecessor-version":[{"id":62897,"href":"https:\/\/www.africanchallenges.com\/index.php?rest_route=\/wp\/v2\/posts\/62893\/revisions\/62897"}],"wp:featuredmedia":[{"embeddable":true,"href":"https:\/\/www.africanchallenges.com\/index.php?rest_route=\/wp\/v2\/media\/62894"}],"wp:attachment":[{"href":"https:\/\/www.africanchallenges.com\/index.php?rest_route=%2Fwp%2Fv2%2Fmedia&parent=62893"}],"wp:term":[{"taxonomy":"category","embeddable":true,"href":"https:\/\/www.africanchallenges.com\/index.php?rest_route=%2Fwp%2Fv2%2Fcategories&post=62893"},{"taxonomy":"post_tag","embeddable":true,"href":"https:\/\/www.africanchallenges.com\/index.php?rest_route=%2Fwp%2Fv2%2Ftags&post=62893"}],"curies":[{"name":"wp","href":"https:\/\/api.w.org\/{rel}","templated":true}]}}