{"id":62769,"date":"2025-02-21T10:47:30","date_gmt":"2025-02-21T09:47:30","guid":{"rendered":"https:\/\/www.africanchallenges.com\/?p=62769"},"modified":"2025-02-21T10:47:46","modified_gmt":"2025-02-21T09:47:46","slug":"tunisie-son-excellence-monsieur-guylain-nyembo-mbwizya-vice-premier-ministre-de-la-republique-democratique-du-congo-rdc-participe-a-la-8eme-edition-de-la-conference-internat","status":"publish","type":"post","link":"https:\/\/www.africanchallenges.com\/?p=62769","title":{"rendered":"\u00a0Tunisie : Son Excellence Monsieur Guylain Nyembo Mbwizya, Vice-Premier Ministre de la\u00a0R\u00e9publique D\u00e9mocratique du Congo (RDC)\u00a0 participe \u00e0 la\u00a08\u00e8me \u00e9dition de la conf\u00e9rence internationale\u00a0FITA 2025"},"content":{"rendered":"\n<p class=\"wp-block-paragraph\"><strong>Son Excellence Monsieur Guylain Nyembo Mbwizya<\/strong>, Vice-Premier Ministre de la\u00a0<strong>R\u00e9publique D\u00e9mocratique du Congo (RDC)<\/strong>\u00a0et Ministre du Plan et de la Coordination de l\u2019Aide au D\u00e9veloppement, sera\u00a0<strong>Keynote Speaker<\/strong>\u00a0lors de la\u00a0<strong>8\u00e8me \u00e9dition de la conf\u00e9rence internationale\u00a0<\/strong><a href=\"http:\/\/www.fita2025.com\/\" target=\"_blank\" rel=\"noreferrer noopener\"><strong>FITA2025<\/strong><\/a><strong>.<\/strong><\/p>\n\n\n\n<p class=\"wp-block-paragraph\"><strong> Enjeux des infrastructures en RDC \u2013 D\u00e9fis et opportunit\u00e9s d\u2019investissement :<\/strong><\/p>\n\n\n\n<p class=\"wp-block-paragraph\">La\u00a0<strong>RDC<\/strong>\u00a0est au c\u0153ur d\u2019une transformation majeure, pla\u00e7ant les infrastructures au centre de sa strat\u00e9gie de d\u00e9veloppement \u00e9conomique et social. Cette priorit\u00e9 offre des opportunit\u00e9s uniques pour les investisseurs visionnaires. <\/p>\n\n\n\n<p class=\"wp-block-paragraph\"><strong>\u00a0Transport :<\/strong><\/p>\n\n\n\n<ul class=\"wp-block-list\">\n<li>152 400 km de r\u00e9seau routier, mais seulement\u00a0<strong>2 %<\/strong>\u00a0sont rev\u00eatus \u2013 un potentiel immense pour l\u2019expansion.<\/li>\n\n\n\n<li><strong>5 033 km<\/strong>\u00a0de voies ferr\u00e9es, dont\u00a0<strong>95 %<\/strong>\u00a0attendent d\u2019\u00eatre modernis\u00e9es.<\/li>\n\n\n\n<li>Une infrastructure a\u00e9roportuaire \u00e0 fort potentiel, avec\u00a0<strong>5 a\u00e9roports ouverts au trafic international<\/strong>.<\/li>\n<\/ul>\n\n\n\n<p class=\"wp-block-paragraph\"><strong>T\u00e9l\u00e9communications et num\u00e9rique :<\/strong><\/p>\n\n\n\n<ul class=\"wp-block-list\">\n<li>Connect\u00e9e depuis 2012 au c\u00e2ble sous-marin WACS, la RDC offre une base solide pour les t\u00e9l\u00e9coms.<\/li>\n\n\n\n<li>Taux de p\u00e9n\u00e9tration mobile \u00e0\u00a0<strong>60 %<\/strong>, prouvant un march\u00e9 loin de la saturation.<\/li>\n\n\n\n<li>Taux de p\u00e9n\u00e9tration Internet \u00e0 seulement\u00a0<strong>30,6 %<\/strong>, un secteur \u00e0 fort potentiel.<\/li>\n<\/ul>\n\n\n\n<p class=\"wp-block-paragraph\"><strong>\u00a0\u00c9nergie :<\/strong><\/p>\n\n\n\n<ul class=\"wp-block-list\">\n<li>Un potentiel \u00e9nerg\u00e9tique exploitable de\u00a0<strong>100 000 MW<\/strong>\u00a0(37 % du potentiel africain, 6 % mondial).<\/li>\n\n\n\n<li><strong>Projet Grand INGA<\/strong>\u00a0: une capacit\u00e9 potentielle de\u00a0<strong>39 000 MW<\/strong>.<\/li>\n\n\n\n<li>Acc\u00e8s \u00e0 des ressources en \u00e9nergies renouvelables (solaire, biomasse, \u00e9olienne, etc.).<\/li>\n<\/ul>\n\n\n\n<p class=\"wp-block-paragraph\"><strong>Ressources en eau :<\/strong><\/p>\n\n\n\n<ul class=\"wp-block-list\">\n<li>La RDC repr\u00e9sente plus de\u00a0<strong>50 % des r\u00e9serves d\u2019eau de surface d\u2019Afrique<\/strong>.<\/li>\n\n\n\n<li>D\u00e9fis : faible acc\u00e8s \u00e0 l\u2019eau potable et \u00e0 l\u2019assainissement \u2013 un appel clair \u00e0 l\u2019investissement priv\u00e9.<\/li>\n<\/ul>\n","protected":false},"excerpt":{"rendered":"<p>Son Excellence Monsieur Guylain Nyembo Mbwizya, Vice-Premier Ministre de la\u00a0R\u00e9publique D\u00e9mocratique du Congo (RDC)\u00a0et Ministre du Plan et de la Coordination de l\u2019Aide au D\u00e9veloppement, sera\u00a0Keynote Speaker\u00a0lors de la\u00a08\u00e8me \u00e9dition de la conf\u00e9rence internationale\u00a0FITA2025. Enjeux des infrastructures en RDC \u2013 D\u00e9fis et opportunit\u00e9s d\u2019investissement : La\u00a0RDC\u00a0est au c\u0153ur d\u2019une transformation majeure, pla\u00e7ant les infrastructures au [&hellip;]<\/p>\n","protected":false},"author":4,"featured_media":62770,"comment_status":"open","ping_status":"closed","sticky":false,"template":"","format":"standard","meta":{"content-type":"","jnews-multi-image_gallery":[],"jnews_single_post":{"subtitle":"","format":"standard","video":"","gallery":"","source_name":"","source_url":"","via_name":"","via_url":"","override_template":"0","override":[{"template":"1","single_blog_custom":"","parallax":"1","fullscreen":"1","layout":"right-sidebar","sidebar":"default-sidebar","second_sidebar":"default-sidebar","sticky_sidebar":"1","share_position":"top","share_float_style":"share-monocrhome","show_share_counter":"1","show_view_counter":"1","show_featured":"1","show_post_meta":"1","show_post_author":"1","show_post_author_image":"1","show_post_date":"1","post_date_format":"default","post_date_format_custom":"Y\/m\/d","show_post_category":"1","show_post_reading_time":"0","post_reading_time_wpm":"300","show_zoom_button":"0","zoom_button_out_step":"2","zoom_button_in_step":"3","show_post_tag":"1","show_prev_next_post":"1","show_popup_post":"1","number_popup_post":"1","show_author_box":"0","show_post_related":"0","show_inline_post_related":"0"}],"override_image_size":"0","image_override":[{"single_post_thumbnail_size":"crop-500","single_post_gallery_size":"crop-500"}],"trending_post":"0","trending_post_position":"meta","trending_post_label":"Trending","sponsored_post":"0","sponsored_post_label":"Sponsored by","sponsored_post_name":"","sponsored_post_url":"","sponsored_post_logo_enable":"0","sponsored_post_logo":"","sponsored_post_desc":"","disable_ad":"0"},"jnews_primary_category":{"id":"","hide":""},"jnews_override_bookmark_settings":[],"jnews_review":[],"enable_review":"","type":"","name":"","summary":"","brand":"","sku":"","good":[],"bad":[],"score_override":"","override_value":"","rating":[],"price":[],"jnews_post_split":[],"footnotes":""},"categories":[43,73],"tags":[13176,14780,93,54],"class_list":["post-62769","post","type-post","status-publish","format-standard","has-post-thumbnail","hentry","category-eco-business","category-eco","tag-fita2025","tag-guylain-nyembo-mbwizya","tag-rdc","tag-tunisie"],"_links":{"self":[{"href":"https:\/\/www.africanchallenges.com\/index.php?rest_route=\/wp\/v2\/posts\/62769","targetHints":{"allow":["GET"]}}],"collection":[{"href":"https:\/\/www.africanchallenges.com\/index.php?rest_route=\/wp\/v2\/posts"}],"about":[{"href":"https:\/\/www.africanchallenges.com\/index.php?rest_route=\/wp\/v2\/types\/post"}],"author":[{"embeddable":true,"href":"https:\/\/www.africanchallenges.com\/index.php?rest_route=\/wp\/v2\/users\/4"}],"replies":[{"embeddable":true,"href":"https:\/\/www.africanchallenges.com\/index.php?rest_route=%2Fwp%2Fv2%2Fcomments&post=62769"}],"version-history":[{"count":2,"href":"https:\/\/www.africanchallenges.com\/index.php?rest_route=\/wp\/v2\/posts\/62769\/revisions"}],"predecessor-version":[{"id":62772,"href":"https:\/\/www.africanchallenges.com\/index.php?rest_route=\/wp\/v2\/posts\/62769\/revisions\/62772"}],"wp:featuredmedia":[{"embeddable":true,"href":"https:\/\/www.africanchallenges.com\/index.php?rest_route=\/wp\/v2\/media\/62770"}],"wp:attachment":[{"href":"https:\/\/www.africanchallenges.com\/index.php?rest_route=%2Fwp%2Fv2%2Fmedia&parent=62769"}],"wp:term":[{"taxonomy":"category","embeddable":true,"href":"https:\/\/www.africanchallenges.com\/index.php?rest_route=%2Fwp%2Fv2%2Fcategories&post=62769"},{"taxonomy":"post_tag","embeddable":true,"href":"https:\/\/www.africanchallenges.com\/index.php?rest_route=%2Fwp%2Fv2%2Ftags&post=62769"}],"curies":[{"name":"wp","href":"https:\/\/api.w.org\/{rel}","templated":true}]}}