{"id":62721,"date":"2025-02-20T19:21:46","date_gmt":"2025-02-20T18:21:46","guid":{"rendered":"https:\/\/www.africanchallenges.com\/?p=62721"},"modified":"2025-02-22T16:46:18","modified_gmt":"2025-02-22T15:46:18","slug":"tunisie-5eme-edition-dodyssee-fashion-ou-la-mode-sentrelac-avec-les-enjeux-societaux","status":"publish","type":"post","link":"https:\/\/www.africanchallenges.com\/?p=62721","title":{"rendered":"Tunisie: 5\u00e8me\u00a0\u00e9dition d&rsquo;Odyss\u00e9e Fashion o\u00f9 la mode s&rsquo;entrelace avec les enjeux soci\u00e9taux"},"content":{"rendered":"\n\n\n<p class=\"wp-block-paragraph\">Madame Mawaheb Malouli, directrice d\u2019odyss\u00e9e Fashion \u00a0a tenu une conf\u00e9rence de presse ce jeudi 20 f\u00e9vrier 2025, pour pr\u00e9senter le programme d\u00e9taill\u00e9 de cette 5\u00e8 \u00e9dition, qui se d\u00e9roulera au Royal Asbu H\u00f4tel de Tunis le 9 avril 2025, rassemblant des cr\u00e9ateurs et stylistes de mode passionn\u00e9s. Les \u00e9ditions pr\u00e9c\u00e9dentes ont eu lieu \u00e0 la Cit\u00e9 de la Culture et \u00e0 Sfax.<\/p>\n\n\n\n<p class=\"wp-block-paragraph\">Cet \u00e9v\u00e9nement attendu, lors de son rendez-vous annuel, permettra au public de d\u00e9couvrir les \u0153uvres d&rsquo;artistes talentueux ayant r\u00e9ussi leur transition vers l&rsquo;univers de la mode. Leurs cr\u00e9ations illustrent un savoir-faire authentique en design, confection, broderie, couture et recherche de mat\u00e9riaux. Les mod\u00e8les pr\u00e9sent\u00e9s allient aspirations traditionnelles et modernes dans un esprit d&rsquo;innovation.<\/p>\n\n\n\n<p class=\"wp-block-paragraph\">Madame Mawaheb Malouli a soulign\u00e9 qu\u2019Odyss\u00e9e Fashion est un \u00e9v\u00e9nement de mode avec une dimension soci\u00e9tale, visant \u00e0 d\u00e9noncer l&rsquo;exclusion des personnes de petite taille (Nains) dans ce secteur et \u00e0 encourager les cr\u00e9ateurs \u00e0 embrasser la diversit\u00e9. Des mannequins de petite taille d\u00e9fileront pour revendiquer leur droit \u00e0 une mode adapt\u00e9e \u00e0 leur morphologie et r\u00e9pondant \u00e0 leurs attentes vestimentaires.<\/p>\n\n\n\n<p class=\"wp-block-paragraph\">Elle a remerci\u00e9 les partenaires qui ont toujours \u00e9t\u00e9 pr\u00e9sents pour soutenir l&rsquo;\u00e9v\u00e9nement.<\/p>\n\n\n\n<p class=\"wp-block-paragraph\">Le jury se compose de &nbsp;Nahid Nawar, Yosr Guedich, Foued Mhirssi, Serine Abdenaher et Mayssa Hennini, avec cinq noms s\u00e9lectionn\u00e9s par cat\u00e9gorie.<\/p>\n\n\n\n<p class=\"wp-block-paragraph\">&#8211; Le prix \u00ab Excellence Awards Media \u00bb sera d\u00e9cern\u00e9 en deux versions relatives \u00e0 l\u2019apparition m\u00e9diatique, englobant :<\/p>\n\n\n\n<p class=\"wp-block-paragraph\">Excellence Awards Media :<\/p>\n\n\n\n<p class=\"wp-block-paragraph\">&#8211; Animateur et animatrice de t\u00e9l\u00e9vision et de radio ;<\/p>\n\n\n\n<p class=\"wp-block-paragraph\">&#8211; Chroniqueur et chroniqueuse ;<\/p>\n\n\n\n<p class=\"wp-block-paragraph\">&#8211; Pr\u00e9sentateur ou pr\u00e9sentatrice de journal t\u00e9l\u00e9vis\u00e9 ;<\/p>\n\n\n\n<p class=\"wp-block-paragraph\">&#8211; Reporteur correspondant ;<\/p>\n\n\n\n<p class=\"wp-block-paragraph\">Excellence Media Artistes :<\/p>\n\n\n\n<p class=\"wp-block-paragraph\">&#8211; Apparition m\u00e9diatique.<\/p>\n\n\n\n<p class=\"wp-block-paragraph\">-Les Innovations Awards : l&rsquo;ann\u00e9e derni\u00e8re, le choix s&rsquo;est port\u00e9 sur les cr\u00e9ations de l&rsquo;\u00eele de Djerba et de Palestine, tandis que cette ann\u00e9e,\u00a0 Nabeul et l&rsquo;Arabie Saoudite ont \u00e9t\u00e9 choisies, selon Madame Rim Chaker, fondatrice d&rsquo;odyss\u00e9e  Fashion  avec d&rsquo;autres partenaires..<\/p>\n\n\n\n<p class=\"wp-block-paragraph\">Le Prix du Concours \u00ab Excellence Awards \u00bb :<\/p>\n\n\n\n<p class=\"wp-block-paragraph\">Un prix sera attribu\u00e9 au cr\u00e9ateur qui s\u2019est distingu\u00e9 dans le monde de la mode en portant haut le drapeau tunisien \u00e0 l\u2019\u00e9chelle internationale ainsi que  nationale.<\/p>\n\n\n\n<p class=\"wp-block-paragraph\">Rim Chaker a \u00e9galement mentionn\u00e9 qu&rsquo;une nouveaut\u00e9 pour cette \u00e9dition sera un d\u00e9fil\u00e9 pour les personnes malvoyantes, en collaboration avec l\u2019association \u00ab Dar Nabila Internationale des Aveugles \u00bb ainsi que les autistes.<\/p>\n","protected":false},"excerpt":{"rendered":"<p>Madame Mawaheb Malouli, directrice d\u2019odyss\u00e9e Fashion \u00a0a tenu une conf\u00e9rence de presse ce jeudi 20 f\u00e9vrier 2025, pour pr\u00e9senter le programme d\u00e9taill\u00e9 de cette 5\u00e8 \u00e9dition, qui se d\u00e9roulera au Royal Asbu H\u00f4tel de Tunis le 9 avril 2025, rassemblant des cr\u00e9ateurs et stylistes de mode passionn\u00e9s. Les \u00e9ditions pr\u00e9c\u00e9dentes ont eu lieu \u00e0 la [&hellip;]<\/p>\n","protected":false},"author":3,"featured_media":62723,"comment_status":"open","ping_status":"closed","sticky":false,"template":"","format":"standard","meta":{"content-type":"","jnews-multi-image_gallery":[],"jnews_single_post":{"subtitle":"","format":"standard","video":"","gallery":"","source_name":"","source_url":"","via_name":"","via_url":"","override_template":"0","override":[{"template":"1","single_blog_custom":"","parallax":"1","fullscreen":"1","layout":"right-sidebar","sidebar":"default-sidebar","second_sidebar":"default-sidebar","sticky_sidebar":"1","share_position":"top","share_float_style":"share-monocrhome","show_share_counter":"1","show_view_counter":"1","show_featured":"1","show_post_meta":"1","show_post_author":"1","show_post_author_image":"1","show_post_date":"1","post_date_format":"default","post_date_format_custom":"Y\/m\/d","show_post_category":"1","show_post_reading_time":"0","post_reading_time_wpm":"300","show_zoom_button":"0","zoom_button_out_step":"2","zoom_button_in_step":"3","show_post_tag":"1","show_prev_next_post":"1","show_popup_post":"1","number_popup_post":"1","show_author_box":"0","show_post_related":"0","show_inline_post_related":"0"}],"override_image_size":"0","image_override":[{"single_post_thumbnail_size":"crop-500","single_post_gallery_size":"crop-500"}],"trending_post":"0","trending_post_position":"meta","trending_post_label":"Trending","sponsored_post":"0","sponsored_post_label":"Sponsored by","sponsored_post_name":"","sponsored_post_url":"","sponsored_post_logo_enable":"0","sponsored_post_logo":"","sponsored_post_desc":"","disable_ad":"0"},"jnews_primary_category":{"id":"","hide":""},"jnews_override_bookmark_settings":[],"jnews_review":[],"enable_review":"","type":"","name":"","summary":"","brand":"","sku":"","good":[],"bad":[],"score_override":"","override_value":"","rating":[],"price":[],"jnews_post_split":[],"footnotes":""},"categories":[8,7],"tags":[14761,14762,1652,14760,14763],"class_list":["post-62721","post","type-post","status-publish","format-standard","has-post-thumbnail","hentry","category-fashion","category-lifestyle","tag-enjeux-societaux","tag-mawaheb-malouli","tag-mode","tag-odyssee-fashion","tag-rim-chaker"],"_links":{"self":[{"href":"https:\/\/www.africanchallenges.com\/index.php?rest_route=\/wp\/v2\/posts\/62721","targetHints":{"allow":["GET"]}}],"collection":[{"href":"https:\/\/www.africanchallenges.com\/index.php?rest_route=\/wp\/v2\/posts"}],"about":[{"href":"https:\/\/www.africanchallenges.com\/index.php?rest_route=\/wp\/v2\/types\/post"}],"author":[{"embeddable":true,"href":"https:\/\/www.africanchallenges.com\/index.php?rest_route=\/wp\/v2\/users\/3"}],"replies":[{"embeddable":true,"href":"https:\/\/www.africanchallenges.com\/index.php?rest_route=%2Fwp%2Fv2%2Fcomments&post=62721"}],"version-history":[{"count":11,"href":"https:\/\/www.africanchallenges.com\/index.php?rest_route=\/wp\/v2\/posts\/62721\/revisions"}],"predecessor-version":[{"id":62816,"href":"https:\/\/www.africanchallenges.com\/index.php?rest_route=\/wp\/v2\/posts\/62721\/revisions\/62816"}],"wp:featuredmedia":[{"embeddable":true,"href":"https:\/\/www.africanchallenges.com\/index.php?rest_route=\/wp\/v2\/media\/62723"}],"wp:attachment":[{"href":"https:\/\/www.africanchallenges.com\/index.php?rest_route=%2Fwp%2Fv2%2Fmedia&parent=62721"}],"wp:term":[{"taxonomy":"category","embeddable":true,"href":"https:\/\/www.africanchallenges.com\/index.php?rest_route=%2Fwp%2Fv2%2Fcategories&post=62721"},{"taxonomy":"post_tag","embeddable":true,"href":"https:\/\/www.africanchallenges.com\/index.php?rest_route=%2Fwp%2Fv2%2Ftags&post=62721"}],"curies":[{"name":"wp","href":"https:\/\/api.w.org\/{rel}","templated":true}]}}