{"id":62670,"date":"2025-02-19T15:46:39","date_gmt":"2025-02-19T14:46:39","guid":{"rendered":"https:\/\/www.africanchallenges.com\/?p=62670"},"modified":"2025-02-19T15:47:11","modified_gmt":"2025-02-19T14:47:11","slug":"tunisie-signature-du-premier-fonds-dexpertise-technique-et-dechanges-dexperiences-fexte-dans-le-domaine-agricole-en-tunisie-pour-un-montant-total-de-pres-de-25-million","status":"publish","type":"post","link":"https:\/\/www.africanchallenges.com\/?p=62670","title":{"rendered":"Tunisie : Signature du premier Fonds d\u2019expertise technique et d\u2019\u00e9changes d\u2019exp\u00e9riences (Fexte) dans le domaine agricole en Tunisie, pour un montant total de pr\u00e8s de 2,5 millions DT"},"content":{"rendered":"\n<p class=\"wp-block-paragraph\">L\u2019ambassadrice de France en Tunisie, Anne Gu\u00e9guen a assist\u00e9 hier mardi 18 f\u00e9vrier 2025, \u00e0 la signature hier du premier Fonds d\u2019expertise technique et d\u2019\u00e9changes d\u2019exp\u00e9riences (Fexte) dans le domaine agricole en Tunisie, au b\u00e9n\u00e9fice de la fili\u00e8re colza pour un montant total de pr\u00e8s de 2,5 millions DT.<\/p>\n\n\n\n<p class=\"wp-block-paragraph\">La souverainet\u00e9 alimentaire et la transition agro-\u00e9cologique sont des enjeux majeurs pour la Tunisie.<\/p>\n\n\n\n<p class=\"wp-block-paragraph\">Cette coop\u00e9ration associant l&rsquo; AFD &#8211; Agence Fran\u00e7aise de D\u00e9veloppement , l\u2019Association tunisienne pour l\u2019agriculture durable APAD Tunisie &nbsp;, l\u2019association fran\u00e7aise Agropol &nbsp;charg\u00e9e de la coop\u00e9ration internationale dans les fili\u00e8res ol\u00e9o-prot\u00e9agineuses, et l\u2019 Institut National Des Grandes Cultures repr\u00e9sentant le Minist\u00e8re de l&rsquo;Agriculture Tunisie, contribuera \u00e0 r\u00e9duire la pauvret\u00e9 en milieu rural, \u00e0 assurer une alimentation saine et accessible pour l\u2019ensemble de la population, et \u00e0 optimiser les ressources en eau face aux cons\u00e9quences du changement climatique.<\/p>\n","protected":false},"excerpt":{"rendered":"<p>L\u2019ambassadrice de France en Tunisie, Anne Gu\u00e9guen a assist\u00e9 hier mardi 18 f\u00e9vrier 2025, \u00e0 la signature hier du premier Fonds d\u2019expertise technique et d\u2019\u00e9changes d\u2019exp\u00e9riences (Fexte) dans le domaine agricole en Tunisie, au b\u00e9n\u00e9fice de la fili\u00e8re colza pour un montant total de pr\u00e8s de 2,5 millions DT. La souverainet\u00e9 alimentaire et la transition [&hellip;]<\/p>\n","protected":false},"author":4,"featured_media":62671,"comment_status":"open","ping_status":"closed","sticky":false,"template":"","format":"standard","meta":{"content-type":"","jnews-multi-image_gallery":[],"jnews_single_post":{"subtitle":"","format":"standard","video":"","gallery":"","source_name":"","source_url":"","via_name":"","via_url":"","override_template":"0","override":[{"template":"1","single_blog_custom":"","parallax":"1","fullscreen":"1","layout":"right-sidebar","sidebar":"default-sidebar","second_sidebar":"default-sidebar","sticky_sidebar":"1","share_position":"top","share_float_style":"share-monocrhome","show_share_counter":"1","show_view_counter":"1","show_featured":"1","show_post_meta":"1","show_post_author":"1","show_post_author_image":"1","show_post_date":"1","post_date_format":"default","post_date_format_custom":"Y\/m\/d","show_post_category":"1","show_post_reading_time":"0","post_reading_time_wpm":"300","show_zoom_button":"0","zoom_button_out_step":"2","zoom_button_in_step":"3","show_post_tag":"1","show_prev_next_post":"1","show_popup_post":"1","number_popup_post":"1","show_author_box":"0","show_post_related":"0","show_inline_post_related":"0"}],"override_image_size":"0","image_override":[{"single_post_thumbnail_size":"crop-500","single_post_gallery_size":"crop-500"}],"trending_post":"0","trending_post_position":"meta","trending_post_label":"Trending","sponsored_post":"0","sponsored_post_label":"Sponsored by","sponsored_post_name":"","sponsored_post_url":"","sponsored_post_logo_enable":"0","sponsored_post_logo":"","sponsored_post_desc":"","disable_ad":"0"},"jnews_primary_category":{"id":"","hide":""},"jnews_override_bookmark_settings":[],"jnews_review":[],"enable_review":"","type":"","name":"","summary":"","brand":"","sku":"","good":[],"bad":[],"score_override":"","override_value":"","rating":[],"price":[],"jnews_post_split":[],"footnotes":""},"categories":[43,73],"tags":[3243,10708,14744,14743,9393,1741,54],"class_list":["post-62670","post","type-post","status-publish","format-standard","has-post-thumbnail","hentry","category-eco-business","category-eco","tag-afd","tag-anne-gueguen","tag-apad-tunisie","tag-fonds-dexpertise-technique-et-dechanges-dexperiences","tag-ministere-de-lagriculture","tag-signature","tag-tunisie"],"_links":{"self":[{"href":"https:\/\/www.africanchallenges.com\/index.php?rest_route=\/wp\/v2\/posts\/62670","targetHints":{"allow":["GET"]}}],"collection":[{"href":"https:\/\/www.africanchallenges.com\/index.php?rest_route=\/wp\/v2\/posts"}],"about":[{"href":"https:\/\/www.africanchallenges.com\/index.php?rest_route=\/wp\/v2\/types\/post"}],"author":[{"embeddable":true,"href":"https:\/\/www.africanchallenges.com\/index.php?rest_route=\/wp\/v2\/users\/4"}],"replies":[{"embeddable":true,"href":"https:\/\/www.africanchallenges.com\/index.php?rest_route=%2Fwp%2Fv2%2Fcomments&post=62670"}],"version-history":[{"count":1,"href":"https:\/\/www.africanchallenges.com\/index.php?rest_route=\/wp\/v2\/posts\/62670\/revisions"}],"predecessor-version":[{"id":62672,"href":"https:\/\/www.africanchallenges.com\/index.php?rest_route=\/wp\/v2\/posts\/62670\/revisions\/62672"}],"wp:featuredmedia":[{"embeddable":true,"href":"https:\/\/www.africanchallenges.com\/index.php?rest_route=\/wp\/v2\/media\/62671"}],"wp:attachment":[{"href":"https:\/\/www.africanchallenges.com\/index.php?rest_route=%2Fwp%2Fv2%2Fmedia&parent=62670"}],"wp:term":[{"taxonomy":"category","embeddable":true,"href":"https:\/\/www.africanchallenges.com\/index.php?rest_route=%2Fwp%2Fv2%2Fcategories&post=62670"},{"taxonomy":"post_tag","embeddable":true,"href":"https:\/\/www.africanchallenges.com\/index.php?rest_route=%2Fwp%2Fv2%2Ftags&post=62670"}],"curies":[{"name":"wp","href":"https:\/\/api.w.org\/{rel}","templated":true}]}}