{"id":62661,"date":"2025-02-19T15:18:08","date_gmt":"2025-02-19T14:18:08","guid":{"rendered":"https:\/\/www.africanchallenges.com\/?p=62661"},"modified":"2025-02-19T15:18:10","modified_gmt":"2025-02-19T14:18:10","slug":"tunisie-le-ministre-de-linterieur-preside-une-conference-scientifique-sur-la-gestion-des-urgences-des-risques-et-la-reponse-aux-crises-et-catastrophes-naturelles","status":"publish","type":"post","link":"https:\/\/www.africanchallenges.com\/?p=62661","title":{"rendered":"Tunisie : Le ministre de l\u2019Int\u00e9rieur pr\u00e9side une conf\u00e9rence scientifique sur \u00ab\u00a0La gestion des urgences, des risques et la r\u00e9ponse aux crises et catastrophes naturelles\u00a0\u00bb"},"content":{"rendered":"\n<p class=\"wp-block-paragraph\">Le ministre de l\u2019Int\u00e9rieur, Khaled Nouri, accompagn\u00e9 du secr\u00e9taire d\u2019\u00c9tat \u00e0 la S\u00e9curit\u00e9 nationale, Sofiane Ben Sadok, a pr\u00e9sid\u00e9, ce mardi 18 f\u00e9vrier 2025, une conf\u00e9rence scientifique sur \u00ab La gestion des urgences, des risques et la r\u00e9ponse aux crises et catastrophes naturelles \u00bb. Cet \u00e9v\u00e9nement, organis\u00e9 par l\u2019Office national de la protection civile en collaboration avec l\u2019Organisation internationale de la protection civile, s\u2019est tenu sous l\u2019\u00e9gide de l\u2019Universit\u00e9 arabe Na\u00eff des sciences de la s\u00e9curit\u00e9.<\/p>\n\n\n\n<p class=\"wp-block-paragraph\">Parmi les personnalit\u00e9s pr\u00e9sentes, on notait Dr Abdelmajid Ben Abdallah Beniyan, pr\u00e9sident de l\u2019Universit\u00e9 arabe Na\u00eff des sciences de la s\u00e9curit\u00e9, ainsi qu\u2019un groupe de hauts responsables du minist\u00e8re de l\u2019Int\u00e9rieur.<\/p>\n\n\n\n<p class=\"wp-block-paragraph\">Dans son discours d\u2019ouverture, le ministre a salu\u00e9 la pr\u00e9sence du secr\u00e9taire d\u2019\u00c9tat au minist\u00e8re de l\u2019Int\u00e9rieur de Roumanie et du secr\u00e9taire g\u00e9n\u00e9ral adjoint de l\u2019Organisation internationale de la protection civile. Il a soulign\u00e9 l&rsquo;importance d&rsquo;une coop\u00e9ration renforc\u00e9e entre les institutions nationales et internationales pour faire face aux d\u00e9fis croissants en mati\u00e8re de protection civile et de gestion des catastrophes.<\/p>\n\n\n\n<p class=\"wp-block-paragraph\">Il a \u00e9galement soulign\u00e9 la n\u00e9cessit\u00e9 de promouvoir la recherche scientifique et la formation continue dans le domaine de la gestion des crises, afin d&rsquo;adopter des approches plus efficaces et r\u00e9actives. Le ministre a salu\u00e9 les efforts de l\u2019Universit\u00e9 arabe Na\u00eff des sciences de la s\u00e9curit\u00e9 pour d\u00e9velopper les comp\u00e9tences en s\u00e9curit\u00e9 et en gestion des risques, contribuant ainsi \u00e0 b\u00e2tir des soci\u00e9t\u00e9s plus s\u00fbres et r\u00e9silientes.<\/p>\n\n\n\n<p class=\"wp-block-paragraph\">En conclusion de son intervention, Khaled Nouri a mis en avant la valeur ajout\u00e9e de ces rencontres scientifiques pour l&rsquo;am\u00e9lioration des m\u00e9thodes de formation et d&rsquo;intervention, en conformit\u00e9 avec les standards nationaux et internationaux. Il a r\u00e9affirm\u00e9 l&rsquo;engagement du minist\u00e8re de l&rsquo;Int\u00e9rieur \u00e0 poursuivre le d\u00e9veloppement de strat\u00e9gies innovantes pour mieux r\u00e9pondre aux d\u00e9fis s\u00e9curitaires et environnementaux actuels.<\/p>\n","protected":false},"excerpt":{"rendered":"<p>Le ministre de l\u2019Int\u00e9rieur, Khaled Nouri, accompagn\u00e9 du secr\u00e9taire d\u2019\u00c9tat \u00e0 la S\u00e9curit\u00e9 nationale, Sofiane Ben Sadok, a pr\u00e9sid\u00e9, ce mardi 18 f\u00e9vrier 2025, une conf\u00e9rence scientifique sur \u00ab La gestion des urgences, des risques et la r\u00e9ponse aux crises et catastrophes naturelles \u00bb. Cet \u00e9v\u00e9nement, organis\u00e9 par l\u2019Office national de la protection civile en [&hellip;]<\/p>\n","protected":false},"author":4,"featured_media":62662,"comment_status":"open","ping_status":"closed","sticky":false,"template":"","format":"standard","meta":{"content-type":"","jnews-multi-image_gallery":[],"jnews_single_post":{"subtitle":"","format":"standard","video":"","gallery":"","source_name":"","source_url":"","via_name":"","via_url":"","override_template":"0","override":[{"template":"1","single_blog_custom":"","parallax":"1","fullscreen":"1","layout":"right-sidebar","sidebar":"default-sidebar","second_sidebar":"default-sidebar","sticky_sidebar":"1","share_position":"top","share_float_style":"share-monocrhome","show_share_counter":"1","show_view_counter":"1","show_featured":"1","show_post_meta":"1","show_post_author":"1","show_post_author_image":"1","show_post_date":"1","post_date_format":"default","post_date_format_custom":"Y\/m\/d","show_post_category":"1","show_post_reading_time":"0","post_reading_time_wpm":"300","show_zoom_button":"0","zoom_button_out_step":"2","zoom_button_in_step":"3","show_post_tag":"1","show_prev_next_post":"1","show_popup_post":"1","number_popup_post":"1","show_author_box":"0","show_post_related":"0","show_inline_post_related":"0"}],"override_image_size":"0","image_override":[{"single_post_thumbnail_size":"crop-500","single_post_gallery_size":"crop-500"}],"trending_post":"0","trending_post_position":"meta","trending_post_label":"Trending","sponsored_post":"0","sponsored_post_label":"Sponsored by","sponsored_post_name":"","sponsored_post_url":"","sponsored_post_logo_enable":"0","sponsored_post_logo":"","sponsored_post_desc":"","disable_ad":"0"},"jnews_primary_category":{"id":"","hide":""},"jnews_override_bookmark_settings":[],"jnews_review":[],"enable_review":"","type":"","name":"","summary":"","brand":"","sku":"","good":[],"bad":[],"score_override":"","override_value":"","rating":[],"price":[],"jnews_post_split":[],"footnotes":""},"categories":[2],"tags":[14738,9214,12513],"class_list":["post-62661","post","type-post","status-publish","format-standard","has-post-thumbnail","hentry","category-news-politique","tag-abdelmajid-ben-abdallah-beniyan","tag-conference-scientifique","tag-khaled-nouri"],"_links":{"self":[{"href":"https:\/\/www.africanchallenges.com\/index.php?rest_route=\/wp\/v2\/posts\/62661","targetHints":{"allow":["GET"]}}],"collection":[{"href":"https:\/\/www.africanchallenges.com\/index.php?rest_route=\/wp\/v2\/posts"}],"about":[{"href":"https:\/\/www.africanchallenges.com\/index.php?rest_route=\/wp\/v2\/types\/post"}],"author":[{"embeddable":true,"href":"https:\/\/www.africanchallenges.com\/index.php?rest_route=\/wp\/v2\/users\/4"}],"replies":[{"embeddable":true,"href":"https:\/\/www.africanchallenges.com\/index.php?rest_route=%2Fwp%2Fv2%2Fcomments&post=62661"}],"version-history":[{"count":1,"href":"https:\/\/www.africanchallenges.com\/index.php?rest_route=\/wp\/v2\/posts\/62661\/revisions"}],"predecessor-version":[{"id":62663,"href":"https:\/\/www.africanchallenges.com\/index.php?rest_route=\/wp\/v2\/posts\/62661\/revisions\/62663"}],"wp:featuredmedia":[{"embeddable":true,"href":"https:\/\/www.africanchallenges.com\/index.php?rest_route=\/wp\/v2\/media\/62662"}],"wp:attachment":[{"href":"https:\/\/www.africanchallenges.com\/index.php?rest_route=%2Fwp%2Fv2%2Fmedia&parent=62661"}],"wp:term":[{"taxonomy":"category","embeddable":true,"href":"https:\/\/www.africanchallenges.com\/index.php?rest_route=%2Fwp%2Fv2%2Fcategories&post=62661"},{"taxonomy":"post_tag","embeddable":true,"href":"https:\/\/www.africanchallenges.com\/index.php?rest_route=%2Fwp%2Fv2%2Ftags&post=62661"}],"curies":[{"name":"wp","href":"https:\/\/api.w.org\/{rel}","templated":true}]}}