{"id":62628,"date":"2025-02-17T23:38:12","date_gmt":"2025-02-17T22:38:12","guid":{"rendered":"https:\/\/www.africanchallenges.com\/?p=62628"},"modified":"2025-02-17T23:44:14","modified_gmt":"2025-02-17T22:44:14","slug":"tunisie-la-ministre-de-la-famille-recoit-la-directrice-du-bureau-doxfam-tunisie-henia-lassouad","status":"publish","type":"post","link":"https:\/\/www.africanchallenges.com\/?p=62628","title":{"rendered":"Tunisie\u00a0: La ministre de la Famille re\u00e7oit la directrice du bureau d&rsquo;Oxfam Tunisie, Henia Lassouad"},"content":{"rendered":"\n<p class=\"wp-block-paragraph\">Mme Asma Jebri, ministre de la Famille, de la Femme, de l&rsquo;enfance et des personnes \u00e2g\u00e9es, a re\u00e7u lundi soir 17 f\u00e9vrier 2025, au si\u00e8ge du minist\u00e8re, Mme Henia Lassouad, Directrice D&rsquo;OXFAM Tunisie, ainsi que sa d\u00e9l\u00e9gation, en pr\u00e9sence de plusieurs cadres du minist\u00e8re.<\/p>\n\n\n\n<p class=\"wp-block-paragraph\">La r\u00e9union a port\u00e9 sur les moyens de renforcer la coop\u00e9ration bilat\u00e9rale dans les domaines de l&rsquo;int\u00e9gration sociale et \u00e9conomique, du d\u00e9veloppement des comp\u00e9tences et de l&rsquo;entrepreneuriat des femmes et des filles, ainsi que sur le renforcement des m\u00e9canismes d&rsquo;information et de soutien aux femmes victimes de violence dans le cadre du programme \u00ab\u00a0sila\u00a0\u00bb.<\/p>\n\n\n\n<p class=\"wp-block-paragraph\">Les deux parties ont convenu d&rsquo;\u00e9laborer un programme de travail englobant les domaines de coop\u00e9ration et de partenariat futur pour r\u00e9pondre aux probl\u00e9matiques des femmes et des enfants, en particulier dans les zones rurales et prioritaires.<\/p>\n","protected":false},"excerpt":{"rendered":"<p>Mme Asma Jebri, ministre de la Famille, de la Femme, de l&rsquo;enfance et des personnes \u00e2g\u00e9es, a re\u00e7u lundi soir 17 f\u00e9vrier 2025, au si\u00e8ge du minist\u00e8re, Mme Henia Lassouad, Directrice D&rsquo;OXFAM Tunisie, ainsi que sa d\u00e9l\u00e9gation, en pr\u00e9sence de plusieurs cadres du minist\u00e8re. La r\u00e9union a port\u00e9 sur les moyens de renforcer la coop\u00e9ration [&hellip;]<\/p>\n","protected":false},"author":4,"featured_media":62629,"comment_status":"open","ping_status":"closed","sticky":false,"template":"","format":"standard","meta":{"content-type":"","jnews-multi-image_gallery":[],"jnews_single_post":{"subtitle":"","format":"standard","video":"","gallery":"","source_name":"","source_url":"","via_name":"","via_url":"","override_template":"0","override":[{"template":"1","single_blog_custom":"","parallax":"1","fullscreen":"1","layout":"right-sidebar","sidebar":"default-sidebar","second_sidebar":"default-sidebar","sticky_sidebar":"1","share_position":"top","share_float_style":"share-monocrhome","show_share_counter":"1","show_view_counter":"1","show_featured":"1","show_post_meta":"1","show_post_author":"1","show_post_author_image":"1","show_post_date":"1","post_date_format":"default","post_date_format_custom":"Y\/m\/d","show_post_category":"1","show_post_reading_time":"0","post_reading_time_wpm":"300","show_zoom_button":"0","zoom_button_out_step":"2","zoom_button_in_step":"3","show_post_tag":"1","show_prev_next_post":"1","show_popup_post":"1","number_popup_post":"1","show_author_box":"0","show_post_related":"0","show_inline_post_related":"0"}],"override_image_size":"0","image_override":[{"single_post_thumbnail_size":"crop-500","single_post_gallery_size":"crop-500"}],"trending_post":"0","trending_post_position":"meta","trending_post_label":"Trending","sponsored_post":"0","sponsored_post_label":"Sponsored by","sponsored_post_name":"","sponsored_post_url":"","sponsored_post_logo_enable":"0","sponsored_post_logo":"","sponsored_post_desc":"","disable_ad":"0"},"jnews_primary_category":{"id":"","hide":""},"jnews_override_bookmark_settings":[],"jnews_review":[],"enable_review":"","type":"","name":"","summary":"","brand":"","sku":"","good":[],"bad":[],"score_override":"","override_value":"","rating":[],"price":[],"jnews_post_split":[],"footnotes":""},"categories":[44],"tags":[12902,298,14727,14728,1797],"class_list":["post-62628","post","type-post","status-publish","format-standard","has-post-thumbnail","hentry","category-femme","tag-asma-jebri","tag-cooperation","tag-henia-lassouad","tag-oxfam-tunisie","tag-reunion"],"_links":{"self":[{"href":"https:\/\/www.africanchallenges.com\/index.php?rest_route=\/wp\/v2\/posts\/62628","targetHints":{"allow":["GET"]}}],"collection":[{"href":"https:\/\/www.africanchallenges.com\/index.php?rest_route=\/wp\/v2\/posts"}],"about":[{"href":"https:\/\/www.africanchallenges.com\/index.php?rest_route=\/wp\/v2\/types\/post"}],"author":[{"embeddable":true,"href":"https:\/\/www.africanchallenges.com\/index.php?rest_route=\/wp\/v2\/users\/4"}],"replies":[{"embeddable":true,"href":"https:\/\/www.africanchallenges.com\/index.php?rest_route=%2Fwp%2Fv2%2Fcomments&post=62628"}],"version-history":[{"count":2,"href":"https:\/\/www.africanchallenges.com\/index.php?rest_route=\/wp\/v2\/posts\/62628\/revisions"}],"predecessor-version":[{"id":62632,"href":"https:\/\/www.africanchallenges.com\/index.php?rest_route=\/wp\/v2\/posts\/62628\/revisions\/62632"}],"wp:featuredmedia":[{"embeddable":true,"href":"https:\/\/www.africanchallenges.com\/index.php?rest_route=\/wp\/v2\/media\/62629"}],"wp:attachment":[{"href":"https:\/\/www.africanchallenges.com\/index.php?rest_route=%2Fwp%2Fv2%2Fmedia&parent=62628"}],"wp:term":[{"taxonomy":"category","embeddable":true,"href":"https:\/\/www.africanchallenges.com\/index.php?rest_route=%2Fwp%2Fv2%2Fcategories&post=62628"},{"taxonomy":"post_tag","embeddable":true,"href":"https:\/\/www.africanchallenges.com\/index.php?rest_route=%2Fwp%2Fv2%2Ftags&post=62628"}],"curies":[{"name":"wp","href":"https:\/\/api.w.org\/{rel}","templated":true}]}}