{"id":62571,"date":"2025-02-17T11:22:18","date_gmt":"2025-02-17T10:22:18","guid":{"rendered":"https:\/\/www.africanchallenges.com\/?p=62571"},"modified":"2025-02-17T11:22:56","modified_gmt":"2025-02-17T10:22:56","slug":"tunisie-le-ministere-de-la-famille-contribue-au-succes-de-linitiative-nationale-de-sensibilisation-a-la-preservation-des-equipements-du-transport-public","status":"publish","type":"post","link":"https:\/\/www.africanchallenges.com\/?p=62571","title":{"rendered":"Tunisie\u00a0: Le minist\u00e8re de la famille contribue au succ\u00e8s de l&rsquo;initiative nationale de sensibilisation \u00e0 la pr\u00e9servation des \u00e9quipements du transport public"},"content":{"rendered":"\n<p class=\"wp-block-paragraph\">Le Minist\u00e8re de la famille, de la femme, de l&rsquo;enfance et des personnes \u00e2g\u00e9es a pris part, le dimanche 16 f\u00e9vrier 2025, \u00e0 la r\u00e9ussite de l&rsquo;initiative nationale de sensibilisation \u00e0 la pr\u00e9servation des \u00e9quipements du transport public, organis\u00e9e par le Minist\u00e8re du Transport, avec la collaboration de plusieurs minist\u00e8res, structures publiques et associations.<\/p>\n\n\n\n<p class=\"wp-block-paragraph\">Le Minist\u00e8re de la Famille a charg\u00e9 l&rsquo;Administration G\u00e9n\u00e9rale de l&rsquo;Enfance de pr\u00e9parer un programme de revitalisation int\u00e9gr\u00e9, dispens\u00e9 par les clubs mobiles d&rsquo;enfants du grand Tunis, offrant diverses activit\u00e9s ludiques et revitalisantes, telles que des ateliers de dessin, des jeux, des s\u00e9minaires de dialogue, et des animations massives pour les b\u00e9n\u00e9ficiaires des services des lignes D (Tunis &#8211; Gobaa) et E (Tunis-Boukatfa) du r\u00e9seau ferroviaire \u00e0 grande vitesse.<\/p>\n\n\n\n<p class=\"wp-block-paragraph\">Le Minist\u00e8re de la Famille organisera \u00e9galement des ateliers de sensibilisation sur l\u2019importance du maintien des \u00e9quipements de transport en commun dans le cadre de son programme \u00ab\u00a0en pr\u00e9vention et protection\u00a0\u00bb, qui se tiendront dans des institutions publiques et priv\u00e9es pour enfants du grand Tunis.<\/p>\n\n\n\n<p class=\"wp-block-paragraph\">Il invite diverses institutions de ce type \u00e0 programmer des activit\u00e9s de sensibilisation aupr\u00e8s des enfants tout au long de 2025 pour leur faire prendre conscience de l&rsquo;importance de conserver les \u00e9quipements de transport en commun.<\/p>\n\n\n\n<p class=\"wp-block-paragraph\">Le minist\u00e8re de la famille annoncera prochainement, par l&rsquo;interm\u00e9diaire du Centre National de l&rsquo;Informatique Pour l&rsquo;Enfant-CNIPE \u2013 , un concours pour les meilleurs contenus vid\u00e9o et audiovisuels afin de sensibiliser \u00e0 l&rsquo;importance de la pr\u00e9servation des moyens de transport.<\/p>\n\n\n\n<p class=\"wp-block-paragraph\">&nbsp;Il convient de noter que l&rsquo;initiative du minist\u00e8re des Transports pour la pr\u00e9servation des transports publics est r\u00e9alis\u00e9e en coop\u00e9ration avec les minist\u00e8res de la famille, de la femme, de l&rsquo;enfance, des personnes \u00e2g\u00e9es, des Affaires culturelles et religieuses, de l&rsquo;Enseignement sup\u00e9rieur, de la Recherche scientifique, de l&rsquo;\u00c9ducation et du tourisme.<\/p>\n\n\n\n<p class=\"wp-block-paragraph\"><\/p>\n","protected":false},"excerpt":{"rendered":"<p>Le Minist\u00e8re de la famille, de la femme, de l&rsquo;enfance et des personnes \u00e2g\u00e9es a pris part, le dimanche 16 f\u00e9vrier 2025, \u00e0 la r\u00e9ussite de l&rsquo;initiative nationale de sensibilisation \u00e0 la pr\u00e9servation des \u00e9quipements du transport public, organis\u00e9e par le Minist\u00e8re du Transport, avec la collaboration de plusieurs minist\u00e8res, structures publiques et associations. Le [&hellip;]<\/p>\n","protected":false},"author":4,"featured_media":62572,"comment_status":"open","ping_status":"closed","sticky":false,"template":"","format":"standard","meta":{"content-type":"","jnews-multi-image_gallery":[],"jnews_single_post":{"subtitle":"","format":"standard","video":"","gallery":"","source_name":"","source_url":"","via_name":"","via_url":"","override_template":"0","override":[{"template":"1","single_blog_custom":"","parallax":"1","fullscreen":"1","layout":"right-sidebar","sidebar":"default-sidebar","second_sidebar":"default-sidebar","sticky_sidebar":"1","share_position":"top","share_float_style":"share-monocrhome","show_share_counter":"1","show_view_counter":"1","show_featured":"1","show_post_meta":"1","show_post_author":"1","show_post_author_image":"1","show_post_date":"1","post_date_format":"default","post_date_format_custom":"Y\/m\/d","show_post_category":"1","show_post_reading_time":"0","post_reading_time_wpm":"300","show_zoom_button":"0","zoom_button_out_step":"2","zoom_button_in_step":"3","show_post_tag":"1","show_prev_next_post":"1","show_popup_post":"1","number_popup_post":"1","show_author_box":"0","show_post_related":"0","show_inline_post_related":"0"}],"override_image_size":"0","image_override":[{"single_post_thumbnail_size":"crop-500","single_post_gallery_size":"crop-500"}],"trending_post":"0","trending_post_position":"meta","trending_post_label":"Trending","sponsored_post":"0","sponsored_post_label":"Sponsored by","sponsored_post_name":"","sponsored_post_url":"","sponsored_post_logo_enable":"0","sponsored_post_logo":"","sponsored_post_desc":"","disable_ad":"0"},"jnews_primary_category":{"id":"","hide":""},"jnews_override_bookmark_settings":[],"jnews_review":[],"enable_review":"","type":"","name":"","summary":"","brand":"","sku":"","good":[],"bad":[],"score_override":"","override_value":"","rating":[],"price":[],"jnews_post_split":[],"footnotes":""},"categories":[2],"tags":[14716,10722,1763,54],"class_list":["post-62571","post","type-post","status-publish","format-standard","has-post-thumbnail","hentry","category-news-politique","tag-linitiative-nationale-de-sensibilisation-a-la-preservation-des-equipements-du-transport-public","tag-ministere-de-la-famille","tag-ministere-du-transport","tag-tunisie"],"_links":{"self":[{"href":"https:\/\/www.africanchallenges.com\/index.php?rest_route=\/wp\/v2\/posts\/62571","targetHints":{"allow":["GET"]}}],"collection":[{"href":"https:\/\/www.africanchallenges.com\/index.php?rest_route=\/wp\/v2\/posts"}],"about":[{"href":"https:\/\/www.africanchallenges.com\/index.php?rest_route=\/wp\/v2\/types\/post"}],"author":[{"embeddable":true,"href":"https:\/\/www.africanchallenges.com\/index.php?rest_route=\/wp\/v2\/users\/4"}],"replies":[{"embeddable":true,"href":"https:\/\/www.africanchallenges.com\/index.php?rest_route=%2Fwp%2Fv2%2Fcomments&post=62571"}],"version-history":[{"count":1,"href":"https:\/\/www.africanchallenges.com\/index.php?rest_route=\/wp\/v2\/posts\/62571\/revisions"}],"predecessor-version":[{"id":62573,"href":"https:\/\/www.africanchallenges.com\/index.php?rest_route=\/wp\/v2\/posts\/62571\/revisions\/62573"}],"wp:featuredmedia":[{"embeddable":true,"href":"https:\/\/www.africanchallenges.com\/index.php?rest_route=\/wp\/v2\/media\/62572"}],"wp:attachment":[{"href":"https:\/\/www.africanchallenges.com\/index.php?rest_route=%2Fwp%2Fv2%2Fmedia&parent=62571"}],"wp:term":[{"taxonomy":"category","embeddable":true,"href":"https:\/\/www.africanchallenges.com\/index.php?rest_route=%2Fwp%2Fv2%2Fcategories&post=62571"},{"taxonomy":"post_tag","embeddable":true,"href":"https:\/\/www.africanchallenges.com\/index.php?rest_route=%2Fwp%2Fv2%2Ftags&post=62571"}],"curies":[{"name":"wp","href":"https:\/\/api.w.org\/{rel}","templated":true}]}}