{"id":62549,"date":"2025-02-17T09:00:00","date_gmt":"2025-02-17T08:00:00","guid":{"rendered":"https:\/\/www.africanchallenges.com\/?p=62549"},"modified":"2025-02-17T10:39:13","modified_gmt":"2025-02-17T09:39:13","slug":"tunisie-le-chef-de-letat-recoit-le-ministre-de-linterieur-du-royaume-darabie-saoudite-le-prince-abdelaziz-ben-saoud-ben-nayef-ben-abdelaziz-al-saoud","status":"publish","type":"post","link":"https:\/\/www.africanchallenges.com\/?p=62549","title":{"rendered":"Tunisie : Le chef de l&rsquo;Etat re\u00e7oit le ministre de l\u2019Int\u00e9rieur du Royaume d\u2019Arabie saoudite, le prince Abdelaziz ben Saoud ben Nayef ben Abdelaziz Al Saoud"},"content":{"rendered":"\n<p class=\"wp-block-paragraph\">Le pr\u00e9sident de la R\u00e9publique, Ka\u00efs Sa\u00efed, a re\u00e7u hier dimanche 16 f\u00e9vrier 2025, au palais de Carthage, le ministre de l\u2019Int\u00e9rieur du Royaume d\u2019Arabie saoudite, le prince Abdelaziz ben Saoud ben Nayef ben Abdelaziz Al Saoud, \u00e9galement pr\u00e9sident d\u2019honneur du Conseil des ministres arabes de l\u2019Int\u00e9rieur. Cette rencontre s&rsquo;est d\u00e9roul\u00e9e en marge de la 42\u1d49 session du Conseil, organis\u00e9e \u00e0 Tunis.<\/p>\n\n\n\n<p class=\"wp-block-paragraph\">Lors de cette occasion, le chef de l&rsquo;\u00c9tat a soulign\u00e9 la solidit\u00e9 des liens fraternels entre la Tunisie et l&rsquo;Arabie saoudite, mettant en avant le niveau de coop\u00e9ration entre les deux pays dans divers domaines. En t\u00e9moignage de cette relation privil\u00e9gi\u00e9e, le pr\u00e9sident de la R\u00e9publique a re\u00e7u un bouclier comm\u00e9moratif du Conseil des ministres arabes de l&rsquo;Int\u00e9rieur, remis par le prince Abdelaziz ben Saoud ben Nayef ben Abdelaziz Al Saoud et le secr\u00e9taire g\u00e9n\u00e9ral du Conseil, Dr Mohamed ben Ali Koman.<\/p>\n\n\n\n<p class=\"wp-block-paragraph\">\u00c0 la suite de cette rencontre, Ka\u00efs Sa\u00efed a accueilli les ministres de l&rsquo;Int\u00e9rieur arabes et les repr\u00e9sentants des pays membres participant aux travaux du Conseil. Il a insist\u00e9 sur la n\u00e9cessit\u00e9 de renforcer le r\u00f4le du Conseil dans la lutte contre les d\u00e9fis s\u00e9curitaires, qu&rsquo;ils soient traditionnels ou \u00e9mergents, face aux mutations rapides dans la r\u00e9gion et \u00e0 l&rsquo;\u00e9chelle mondiale. Le pr\u00e9sident a \u00e9galement plaid\u00e9 pour une coordination accrue et une action collective face aux menaces pesant sur la s\u00e9curit\u00e9 des \u00c9tats et des soci\u00e9t\u00e9s arabes.<\/p>\n","protected":false},"excerpt":{"rendered":"<p>Le pr\u00e9sident de la R\u00e9publique, Ka\u00efs Sa\u00efed, a re\u00e7u hier dimanche 16 f\u00e9vrier 2025, au palais de Carthage, le ministre de l\u2019Int\u00e9rieur du Royaume d\u2019Arabie saoudite, le prince Abdelaziz ben Saoud ben Nayef ben Abdelaziz Al Saoud, \u00e9galement pr\u00e9sident d\u2019honneur du Conseil des ministres arabes de l\u2019Int\u00e9rieur. Cette rencontre s&rsquo;est d\u00e9roul\u00e9e en marge de la [&hellip;]<\/p>\n","protected":false},"author":4,"featured_media":62550,"comment_status":"open","ping_status":"closed","sticky":false,"template":"","format":"standard","meta":{"content-type":"","jnews-multi-image_gallery":[],"jnews_single_post":{"subtitle":"","format":"standard","video":"","gallery":"","source_name":"","source_url":"","via_name":"","via_url":"","override_template":"0","override":[{"template":"1","single_blog_custom":"","parallax":"1","fullscreen":"1","layout":"right-sidebar","sidebar":"default-sidebar","second_sidebar":"default-sidebar","sticky_sidebar":"1","share_position":"top","share_float_style":"share-monocrhome","show_share_counter":"1","show_view_counter":"1","show_featured":"1","show_post_meta":"1","show_post_author":"1","show_post_author_image":"1","show_post_date":"1","post_date_format":"default","post_date_format_custom":"Y\/m\/d","show_post_category":"1","show_post_reading_time":"0","post_reading_time_wpm":"300","show_zoom_button":"0","zoom_button_out_step":"2","zoom_button_in_step":"3","show_post_tag":"1","show_prev_next_post":"1","show_popup_post":"1","number_popup_post":"1","show_author_box":"0","show_post_related":"0","show_inline_post_related":"0"}],"override_image_size":"0","image_override":[{"single_post_thumbnail_size":"crop-500","single_post_gallery_size":"crop-500"}],"trending_post":"0","trending_post_position":"meta","trending_post_label":"Trending","sponsored_post":"0","sponsored_post_label":"Sponsored by","sponsored_post_name":"","sponsored_post_url":"","sponsored_post_logo_enable":"0","sponsored_post_logo":"","sponsored_post_desc":"","disable_ad":"0"},"jnews_primary_category":{"id":"","hide":""},"jnews_override_bookmark_settings":[],"jnews_review":[],"enable_review":"","type":"","name":"","summary":"","brand":"","sku":"","good":[],"bad":[],"score_override":"","override_value":"","rating":[],"price":[],"jnews_post_split":[],"footnotes":""},"categories":[2],"tags":[14712,298,3694,6796,54],"class_list":["post-62549","post","type-post","status-publish","format-standard","has-post-thumbnail","hentry","category-news-politique","tag-abdelaziz-ben-saoud-ben-nayef-ben-abdelaziz-al-saoud","tag-cooperation","tag-kais-saied","tag-larabie-saoudite","tag-tunisie"],"_links":{"self":[{"href":"https:\/\/www.africanchallenges.com\/index.php?rest_route=\/wp\/v2\/posts\/62549","targetHints":{"allow":["GET"]}}],"collection":[{"href":"https:\/\/www.africanchallenges.com\/index.php?rest_route=\/wp\/v2\/posts"}],"about":[{"href":"https:\/\/www.africanchallenges.com\/index.php?rest_route=\/wp\/v2\/types\/post"}],"author":[{"embeddable":true,"href":"https:\/\/www.africanchallenges.com\/index.php?rest_route=\/wp\/v2\/users\/4"}],"replies":[{"embeddable":true,"href":"https:\/\/www.africanchallenges.com\/index.php?rest_route=%2Fwp%2Fv2%2Fcomments&post=62549"}],"version-history":[{"count":1,"href":"https:\/\/www.africanchallenges.com\/index.php?rest_route=\/wp\/v2\/posts\/62549\/revisions"}],"predecessor-version":[{"id":62551,"href":"https:\/\/www.africanchallenges.com\/index.php?rest_route=\/wp\/v2\/posts\/62549\/revisions\/62551"}],"wp:featuredmedia":[{"embeddable":true,"href":"https:\/\/www.africanchallenges.com\/index.php?rest_route=\/wp\/v2\/media\/62550"}],"wp:attachment":[{"href":"https:\/\/www.africanchallenges.com\/index.php?rest_route=%2Fwp%2Fv2%2Fmedia&parent=62549"}],"wp:term":[{"taxonomy":"category","embeddable":true,"href":"https:\/\/www.africanchallenges.com\/index.php?rest_route=%2Fwp%2Fv2%2Fcategories&post=62549"},{"taxonomy":"post_tag","embeddable":true,"href":"https:\/\/www.africanchallenges.com\/index.php?rest_route=%2Fwp%2Fv2%2Ftags&post=62549"}],"curies":[{"name":"wp","href":"https:\/\/api.w.org\/{rel}","templated":true}]}}