{"id":62545,"date":"2025-02-17T09:39:16","date_gmt":"2025-02-17T08:39:16","guid":{"rendered":"https:\/\/www.africanchallenges.com\/?p=62545"},"modified":"2025-02-17T09:39:17","modified_gmt":"2025-02-17T08:39:17","slug":"tunisie-le-ministre-de-linterieur-khaled-nouri-donne-le-coup-denvoi-de-la-42eme-session-du-conseil-des-ministres-arabes-de-linterieur","status":"publish","type":"post","link":"https:\/\/www.africanchallenges.com\/?p=62545","title":{"rendered":"Tunisie : Le ministre de l&rsquo;Int\u00e9rieur,  Khaled Nouri donne le coup d\u2019envoi de \u00a0la 42\u00e8me session du Conseil des ministres arabes de l&rsquo;Int\u00e9rieur"},"content":{"rendered":"\n<p class=\"wp-block-paragraph\">Sous le haut patronage de Son Excellence le pr\u00e9sident de la R\u00e9publique, M. Kais Saied, cette session s&rsquo;est tenue hier, dimanche 16 f\u00e9vrier 2025, au si\u00e8ge du secr\u00e9tariat g\u00e9n\u00e9ral du conseil \u00e0 Tunis, en pr\u00e9sence des ministres de l&rsquo;Int\u00e9rieur des \u00c9tats arabes, du ministre portugais de l&rsquo;Administration int\u00e9rieure, du secr\u00e9taire d&rsquo;\u00c9tat aupr\u00e8s du ministre de l&rsquo;Int\u00e9rieur charg\u00e9 de la s\u00e9curit\u00e9 nationale et des d\u00e9l\u00e9gations de haute s\u00e9curit\u00e9 repr\u00e9sentant les diff\u00e9rents pays participants, ainsi que des organisations et structures arabes et internationales comp\u00e9tentes.<\/p>\n\n\n\n<p class=\"wp-block-paragraph\">Les travaux de cette session porteront sur divers sujets li\u00e9s \u00e0 la coop\u00e9ration arabe en mati\u00e8re de s\u00e9curit\u00e9, en plus de discuter du rapport du secr\u00e9tariat g\u00e9n\u00e9ral du conseil et du rapport de l&rsquo;Universit\u00e9 arabe Na\u00eff des Sciences de la S\u00e9curit\u00e9.<\/p>\n\n\n\n<p class=\"wp-block-paragraph\">&nbsp;La session a \u00e9t\u00e9 ouverte par le ministre de l&rsquo;Int\u00e9rieur, M. Khaled Nouri, au nom du chef du gouvernement, lequel a salu\u00e9 les efforts constants et remarquables du secr\u00e9tariat g\u00e9n\u00e9ral du Conseil des ministres arabes de l&rsquo;Int\u00e9rieur, dirig\u00e9 par Son Excellence Dr Mohammed bin Ali Koman, tout en louant le r\u00f4le scientifique et acad\u00e9mique de l&rsquo;Universit\u00e9 arabe Na\u00eff pour les Sciences de la S\u00e9curit\u00e9, dirig\u00e9e par Son Excellence Dr Abdul Majid bin Abdullah Al-Bunyan, \u00e0 travers ses contributions \u00e0 l&rsquo;am\u00e9lioration des fonctions de s\u00e9curit\u00e9 arabe et sa qualification.<\/p>\n\n\n\n<p class=\"wp-block-paragraph\">Le ministre a \u00e9galement re\u00e7u Les Altesses et Excellences des ministres de l&rsquo;Int\u00e9rieur des pays arabes participants, le ministre portugais de l&rsquo;administration int\u00e9rieure, les membres de leurs d\u00e9l\u00e9gations, les chefs des missions diplomatiques arabes en Tunisie, ainsi que les repr\u00e9sentants des organisations et organismes internationaux, r\u00e9gionaux et arabes.<\/p>\n\n\n\n<p class=\"wp-block-paragraph\">M. Khaled Nouri a soulign\u00e9 que cette 42e session se d\u00e9roule dans un contexte r\u00e9gional et international instable et tendu, o\u00f9 la r\u00e9gion arabe fait face \u00e0 de nombreux d\u00e9fis, notamment en mati\u00e8re de s\u00e9curit\u00e9, comme la lutte contre la drogue, le terrorisme, la migration irr\u00e9guli\u00e8re et les crimes \u00e9mergents tels que la cybercriminalit\u00e9. Il a appel\u00e9 \u00e0 renforcer la coop\u00e9ration, \u00e0 unifier les visions et \u00e0 planifier strat\u00e9giquement ensemble entre les diff\u00e9rents organes comp\u00e9tents aux niveaux r\u00e9gional et international, afin d&rsquo;\u00e9changer des visions et de soutenir les efforts internationaux dans la lutte contre la criminalit\u00e9 organis\u00e9e, la criminalit\u00e9 transnationale et la cybercriminalit\u00e9, par la ratification d&rsquo;accords internationaux et le renforcement des canaux de communication et de coop\u00e9ration avec les pays fr\u00e8res et amis, ainsi qu&rsquo;avec les organisations internationales et r\u00e9gionales.<\/p>\n\n\n\n<p class=\"wp-block-paragraph\">En conclusion, M. Khaled Nouri a exprim\u00e9 son espoir que les r\u00e9solutions et recommandations de la 42\u00e8me session contribueront \u00e0 atteindre les objectifs souhait\u00e9s, tout en renfor\u00e7ant les liens de coop\u00e9ration et de travail commun en mati\u00e8re de s\u00e9curit\u00e9, afin de parvenir \u00e0 la stabilit\u00e9 dans la r\u00e9gion arabe et de relever les d\u00e9fis pos\u00e9s dans cette r\u00e9gion ainsi que dans tous les pays du monde.<\/p>\n\n\n\n<figure class=\"wp-block-image size-full\"><img fetchpriority=\"high\" decoding=\"async\" width=\"615\" height=\"256\" src=\"https:\/\/www.africanchallenges.com\/wp-content\/uploads\/2025\/02\/conseil-des-ministre-arabes-de-linterieur1.jpg\" alt=\"\" class=\"wp-image-62547\" srcset=\"https:\/\/www.africanchallenges.com\/wp-content\/uploads\/2025\/02\/conseil-des-ministre-arabes-de-linterieur1.jpg 615w, https:\/\/www.africanchallenges.com\/wp-content\/uploads\/2025\/02\/conseil-des-ministre-arabes-de-linterieur1-300x125.jpg 300w\" sizes=\"(max-width: 615px) 100vw, 615px\" \/><\/figure>\n\n\n\n<p class=\"wp-block-paragraph\"><\/p>\n","protected":false},"excerpt":{"rendered":"<p>Sous le haut patronage de Son Excellence le pr\u00e9sident de la R\u00e9publique, M. Kais Saied, cette session s&rsquo;est tenue hier, dimanche 16 f\u00e9vrier 2025, au si\u00e8ge du secr\u00e9tariat g\u00e9n\u00e9ral du conseil \u00e0 Tunis, en pr\u00e9sence des ministres de l&rsquo;Int\u00e9rieur des \u00c9tats arabes, du ministre portugais de l&rsquo;Administration int\u00e9rieure, du secr\u00e9taire d&rsquo;\u00c9tat aupr\u00e8s du ministre de [&hellip;]<\/p>\n","protected":false},"author":3,"featured_media":62546,"comment_status":"open","ping_status":"closed","sticky":false,"template":"","format":"standard","meta":{"content-type":"","jnews-multi-image_gallery":[],"jnews_single_post":{"subtitle":"","format":"standard","video":"","gallery":"","source_name":"","source_url":"","via_name":"","via_url":"","override_template":"0","override":[{"template":"1","single_blog_custom":"","parallax":"1","fullscreen":"1","layout":"right-sidebar","sidebar":"default-sidebar","second_sidebar":"default-sidebar","sticky_sidebar":"1","share_position":"top","share_float_style":"share-monocrhome","show_share_counter":"1","show_view_counter":"1","show_featured":"1","show_post_meta":"1","show_post_author":"1","show_post_author_image":"1","show_post_date":"1","post_date_format":"default","post_date_format_custom":"Y\/m\/d","show_post_category":"1","show_post_reading_time":"0","post_reading_time_wpm":"300","show_zoom_button":"0","zoom_button_out_step":"2","zoom_button_in_step":"3","show_post_tag":"1","show_prev_next_post":"1","show_popup_post":"1","number_popup_post":"1","show_author_box":"0","show_post_related":"0","show_inline_post_related":"0"}],"override_image_size":"0","image_override":[{"single_post_thumbnail_size":"crop-500","single_post_gallery_size":"crop-500"}],"trending_post":"0","trending_post_position":"meta","trending_post_label":"Trending","sponsored_post":"0","sponsored_post_label":"Sponsored by","sponsored_post_name":"","sponsored_post_url":"","sponsored_post_logo_enable":"0","sponsored_post_logo":"","sponsored_post_desc":"","disable_ad":"0"},"jnews_primary_category":{"id":"","hide":""},"jnews_override_bookmark_settings":[],"jnews_review":[],"enable_review":"","type":"","name":"","summary":"","brand":"","sku":"","good":[],"bad":[],"score_override":"","override_value":"","rating":[],"price":[],"jnews_post_split":[],"footnotes":""},"categories":[2],"tags":[4251,3694,12513,54],"class_list":["post-62545","post","type-post","status-publish","format-standard","has-post-thumbnail","hentry","category-news-politique","tag-conseil-des-ministres-arabes-de-linterieur","tag-kais-saied","tag-khaled-nouri","tag-tunisie"],"_links":{"self":[{"href":"https:\/\/www.africanchallenges.com\/index.php?rest_route=\/wp\/v2\/posts\/62545","targetHints":{"allow":["GET"]}}],"collection":[{"href":"https:\/\/www.africanchallenges.com\/index.php?rest_route=\/wp\/v2\/posts"}],"about":[{"href":"https:\/\/www.africanchallenges.com\/index.php?rest_route=\/wp\/v2\/types\/post"}],"author":[{"embeddable":true,"href":"https:\/\/www.africanchallenges.com\/index.php?rest_route=\/wp\/v2\/users\/3"}],"replies":[{"embeddable":true,"href":"https:\/\/www.africanchallenges.com\/index.php?rest_route=%2Fwp%2Fv2%2Fcomments&post=62545"}],"version-history":[{"count":1,"href":"https:\/\/www.africanchallenges.com\/index.php?rest_route=\/wp\/v2\/posts\/62545\/revisions"}],"predecessor-version":[{"id":62548,"href":"https:\/\/www.africanchallenges.com\/index.php?rest_route=\/wp\/v2\/posts\/62545\/revisions\/62548"}],"wp:featuredmedia":[{"embeddable":true,"href":"https:\/\/www.africanchallenges.com\/index.php?rest_route=\/wp\/v2\/media\/62546"}],"wp:attachment":[{"href":"https:\/\/www.africanchallenges.com\/index.php?rest_route=%2Fwp%2Fv2%2Fmedia&parent=62545"}],"wp:term":[{"taxonomy":"category","embeddable":true,"href":"https:\/\/www.africanchallenges.com\/index.php?rest_route=%2Fwp%2Fv2%2Fcategories&post=62545"},{"taxonomy":"post_tag","embeddable":true,"href":"https:\/\/www.africanchallenges.com\/index.php?rest_route=%2Fwp%2Fv2%2Ftags&post=62545"}],"curies":[{"name":"wp","href":"https:\/\/api.w.org\/{rel}","templated":true}]}}