{"id":62511,"date":"2025-02-16T15:01:44","date_gmt":"2025-02-16T14:01:44","guid":{"rendered":"https:\/\/www.africanchallenges.com\/?p=62511"},"modified":"2025-02-16T15:01:46","modified_gmt":"2025-02-16T14:01:46","slug":"tunisie-le-ministre-de-linterieur-recoit-cheikh-general-seif-ben-zayed-al-nahyane-vice-president-du-conseil-des-ministres-et-ministre-de-linterieur-emirati","status":"publish","type":"post","link":"https:\/\/www.africanchallenges.com\/?p=62511","title":{"rendered":"Tunisie : Le ministre de l&rsquo;int\u00e9rieur re\u00e7oit Cheikh g\u00e9n\u00e9ral Seif Ben Zayed Al Nahyane, vice-pr\u00e9sident du Conseil des ministres et ministre de l&rsquo;Int\u00e9rieur \u00c9mirati"},"content":{"rendered":"\n<p class=\"wp-block-paragraph\">Le Ministre tunisien de l&rsquo;Int\u00e9rieur Khaled Nouri, a re\u00e7u ce dimanche 16 f\u00e9vrier 2025, Cheikh g\u00e9n\u00e9ral Seif Ben Zayed Al Nahyane, vice-pr\u00e9sident du Conseil des ministres et ministre de l&rsquo;Int\u00e9rieur pour assister \u00e0 la 42\u00e8 session du conseil des ministres Arabes de l\u2019int\u00e9rieur .<\/p>\n\n\n\n<p class=\"wp-block-paragraph\">Khaled Nouri a \u00e9t\u00e9 accompagn\u00e9 par le &nbsp;Secr\u00e9taire G\u00e9n\u00e9ral du Conseil des Ministres Arabes de l&rsquo;Int\u00e9rieur, Dr Mohamed Ben Ali Koman, Dr Imen Ahmed Al Salami, Ambassadeur des \u00c9mirats Arabes Unis en R\u00e9publique Tunisienne et un certain nombre de responsables .<\/p>\n","protected":false},"excerpt":{"rendered":"<p>Le Ministre tunisien de l&rsquo;Int\u00e9rieur Khaled Nouri, a re\u00e7u ce dimanche 16 f\u00e9vrier 2025, Cheikh g\u00e9n\u00e9ral Seif Ben Zayed Al Nahyane, vice-pr\u00e9sident du Conseil des ministres et ministre de l&rsquo;Int\u00e9rieur pour assister \u00e0 la 42\u00e8 session du conseil des ministres Arabes de l\u2019int\u00e9rieur . Khaled Nouri a \u00e9t\u00e9 accompagn\u00e9 par le &nbsp;Secr\u00e9taire G\u00e9n\u00e9ral du Conseil [&hellip;]<\/p>\n","protected":false},"author":3,"featured_media":62512,"comment_status":"open","ping_status":"closed","sticky":false,"template":"","format":"standard","meta":{"content-type":"","jnews-multi-image_gallery":[],"jnews_single_post":{"subtitle":"","format":"standard","video":"","gallery":"","source_name":"","source_url":"","via_name":"","via_url":"","override_template":"0","override":[{"template":"1","single_blog_custom":"","parallax":"1","fullscreen":"1","layout":"right-sidebar","sidebar":"default-sidebar","second_sidebar":"default-sidebar","sticky_sidebar":"1","share_position":"top","share_float_style":"share-monocrhome","show_share_counter":"1","show_view_counter":"1","show_featured":"1","show_post_meta":"1","show_post_author":"1","show_post_author_image":"1","show_post_date":"1","post_date_format":"default","post_date_format_custom":"Y\/m\/d","show_post_category":"1","show_post_reading_time":"0","post_reading_time_wpm":"300","show_zoom_button":"0","zoom_button_out_step":"2","zoom_button_in_step":"3","show_post_tag":"1","show_prev_next_post":"1","show_popup_post":"1","number_popup_post":"1","show_author_box":"0","show_post_related":"0","show_inline_post_related":"0"}],"override_image_size":"0","image_override":[{"single_post_thumbnail_size":"crop-500","single_post_gallery_size":"crop-500"}],"trending_post":"0","trending_post_position":"meta","trending_post_label":"Trending","sponsored_post":"0","sponsored_post_label":"Sponsored by","sponsored_post_name":"","sponsored_post_url":"","sponsored_post_logo_enable":"0","sponsored_post_logo":"","sponsored_post_desc":"","disable_ad":"0"},"jnews_primary_category":{"id":"","hide":""},"jnews_override_bookmark_settings":[],"jnews_review":[],"enable_review":"","type":"","name":"","summary":"","brand":"","sku":"","good":[],"bad":[],"score_override":"","override_value":"","rating":[],"price":[],"jnews_post_split":[],"footnotes":""},"categories":[2],"tags":[14702,12513,14701],"class_list":["post-62511","post","type-post","status-publish","format-standard","has-post-thumbnail","hentry","category-news-politique","tag-conseil-des-ministres-arabes-de-linterieur-2","tag-khaled-nouri","tag-seif-ben-zayed-al-nahyane"],"_links":{"self":[{"href":"https:\/\/www.africanchallenges.com\/index.php?rest_route=\/wp\/v2\/posts\/62511","targetHints":{"allow":["GET"]}}],"collection":[{"href":"https:\/\/www.africanchallenges.com\/index.php?rest_route=\/wp\/v2\/posts"}],"about":[{"href":"https:\/\/www.africanchallenges.com\/index.php?rest_route=\/wp\/v2\/types\/post"}],"author":[{"embeddable":true,"href":"https:\/\/www.africanchallenges.com\/index.php?rest_route=\/wp\/v2\/users\/3"}],"replies":[{"embeddable":true,"href":"https:\/\/www.africanchallenges.com\/index.php?rest_route=%2Fwp%2Fv2%2Fcomments&post=62511"}],"version-history":[{"count":1,"href":"https:\/\/www.africanchallenges.com\/index.php?rest_route=\/wp\/v2\/posts\/62511\/revisions"}],"predecessor-version":[{"id":62513,"href":"https:\/\/www.africanchallenges.com\/index.php?rest_route=\/wp\/v2\/posts\/62511\/revisions\/62513"}],"wp:featuredmedia":[{"embeddable":true,"href":"https:\/\/www.africanchallenges.com\/index.php?rest_route=\/wp\/v2\/media\/62512"}],"wp:attachment":[{"href":"https:\/\/www.africanchallenges.com\/index.php?rest_route=%2Fwp%2Fv2%2Fmedia&parent=62511"}],"wp:term":[{"taxonomy":"category","embeddable":true,"href":"https:\/\/www.africanchallenges.com\/index.php?rest_route=%2Fwp%2Fv2%2Fcategories&post=62511"},{"taxonomy":"post_tag","embeddable":true,"href":"https:\/\/www.africanchallenges.com\/index.php?rest_route=%2Fwp%2Fv2%2Ftags&post=62511"}],"curies":[{"name":"wp","href":"https:\/\/api.w.org\/{rel}","templated":true}]}}