{"id":62439,"date":"2025-02-13T14:22:51","date_gmt":"2025-02-13T13:22:51","guid":{"rendered":"https:\/\/www.africanchallenges.com\/?p=62439"},"modified":"2025-02-13T14:23:39","modified_gmt":"2025-02-13T13:23:39","slug":"46eme-session-du-conseil-executif-de-lunion-africaine-ua-la-tunisie-renforce-ses-alliances-africaines","status":"publish","type":"post","link":"https:\/\/www.africanchallenges.com\/?p=62439","title":{"rendered":"46\u00e8me session du Conseil Ex\u00e9cutif de l&rsquo;Union Africaine (UA): La Tunisie renforce ses alliances africaines"},"content":{"rendered":"\n<p class=\"wp-block-paragraph\">Dans le cadre de sa participation \u00e0 la 46\u00e8me session du Conseil Ex\u00e9cutif de l&rsquo;Union Africaine (UA) \u00e0 Addis Abeba, M. Mohamed Ali Nafti, Ministre des Affaires Etrang\u00e8res, de la Migration et des Tunisiens \u00e0 l&rsquo;Etranger, a poursuivi ses rencontres avec ses homologues les Ministres des Affaires Etrang\u00e8res des pays africains, ainsi qu&rsquo;avec le Pr\u00e9sident de la Commission et les Hauts responsables de l&rsquo;UA, o\u00f9 il a examin\u00e9 les diff\u00e9rentes questions inscrites \u00e0 l&rsquo;ordre du jour de cette Session, notamment les aspects s\u00e9curitaires, \u00e9conomiques, sociaux, administratifs et financiers, ainsi que la gouvernance et le d\u00e9veloppement durable.<\/p>\n\n\n\n<p class=\"wp-block-paragraph\">Dans ce contexte, le Ministre a tenu une s\u00e9ance de travail avec son homologue \u00e9thiopien, M. Gideon Timoth\u00e9us, Ministre des Affaires Etrang\u00e8res de la R\u00e9publique F\u00e9d\u00e9rale d\u00e9mocratique d&rsquo;Ethiopie, au cours de laquelle les deux parties ont examin\u00e9 les perspectives de coop\u00e9ration entre les deux pays, notamment dans le domaine \u00e9conomique et commercial, ainsi que l&rsquo;\u00e9change d&rsquo;expertise dans les secteurs du tourisme, des \u00e9nergies renouvelables et des industries agro-alimentaires. Il a \u00e9t\u00e9 \u00e9galement convenu d&rsquo;organiser la Commission mixte tuniso-\u00e9thiopienne cette ann\u00e9e \u00e0 Addis-Abeba et de veiller aux pr\u00e9paratifs n\u00e9cessaires \u00e0 sa r\u00e9ussite.<\/p>\n\n\n\n<p class=\"wp-block-paragraph\">Un certain nombre de th\u00e8mes li\u00e9s \u00e0 la s\u00e9curit\u00e9, \u00e0 la paix et au d\u00e9veloppement durable figurant \u00e0 l&rsquo;ordre du jour de la conf\u00e9rence Minist\u00e9rielle et du Sommet africain ont \u00e9t\u00e9 abord\u00e9s par les deux Ministres, dont les points de vue se rejoignent.<\/p>\n\n\n\n<p class=\"wp-block-paragraph\">Le Ministre a salu\u00e9 les efforts de l&rsquo;\u00c9thiopie pour apporter la r\u00e9conciliation nationale et l&rsquo;harmonie dans la r\u00e9gion voisine.<\/p>\n\n\n\n<p class=\"wp-block-paragraph\">Le Ministre a \u00e9galement soulign\u00e9 que la paix et la s\u00e9curit\u00e9 sont indivisibles, et que la question palestinienne reste une source de grande pr\u00e9occupation et d&rsquo;anxi\u00e9t\u00e9, qui n\u00e9cessite un soutien et une assistance dans le cadre africain en tant que cause juste qui repr\u00e9sente un v\u00e9ritable test de l&rsquo;engagement de la communaut\u00e9 internationale envers les principes des droits de l&rsquo;Homme et de la justice internationale, et qui n\u00e9cessite une solution globale et durable \u00e0 laquelle la communaut\u00e9 internationale contribue.<\/p>\n\n\n\n<p class=\"wp-block-paragraph\">Par ailleurs, le Ministre a adress\u00e9 au Conseil Ex\u00e9cutif les messages suivants :<\/p>\n\n\n\n<p class=\"wp-block-paragraph\">&#8211; Se f\u00e9liciter du th\u00e8me 2025 de l&rsquo;UA \u00ab Justice pour les Africains et les personnes originaires d&rsquo;Afrique \u00e0 travers les indemnisations \u00bb, et souligner que la justice corrective en relation avec les crimes historiques et les atrocit\u00e9s commises contre les peuples africains est un imp\u00e9ratif moral et politique. Renouveler l&rsquo;engagement de la Tunisie \u00e0 soutenir les efforts conjoints pour r\u00e9aliser la justice sociale et \u00e9conomique au sein du continent et renforcer le r\u00f4le de l&rsquo;UA dans ce domaine.<\/p>\n\n\n\n<p class=\"wp-block-paragraph\">&#8211; L&rsquo;importance de la r\u00e9forme financi\u00e8re et administrative de l&rsquo;UA et la n\u00e9cessit\u00e9 d&rsquo;adopter des politiques d&rsquo;aust\u00e9rit\u00e9 et des mesures rationnelles dans la gestion des ressources de l&rsquo;Union, \u00e0 la lumi\u00e8re des d\u00e9fis \u00e9conomiques mondiaux actuels, ainsi que l&rsquo;importance de renforcer la transparence et la responsabilit\u00e9 au sein de la Commission de l&rsquo;UA, en particulier dans les domaines du recrutement, de la gestion des ressources financi\u00e8res et des march\u00e9s.<\/p>\n\n\n\n<p class=\"wp-block-paragraph\">&#8211; Renforcer les partenariats internationaux et la consultation politique \u00e0 ce sujet, en plus de l&rsquo;importance de l&rsquo;\u00e9valuation et du suivi des r\u00e9sultats de ces partenariats de mani\u00e8re \u00e0 obtenir des avantages mutuels et \u00e0 servir les Objectifs du D\u00e9veloppement Durable sur le continent, en plus de la consultation politique avec les partenaires internationaux sur les questions g\u00e9opolitiques actuelles, au premier rang desquelles la juste cause palestinienne, en tant que question de droit historique et de l\u00e9gitimit\u00e9 qui n\u00e9cessite un engagement international pour mettre fin \u00e0 l&rsquo;occupation et r\u00e9aliser les aspirations du peuple palestinien \u00e0 d\u00e9terminer son propre destin et \u00e0 \u00e9tablir son \u00c9tat ind\u00e9pendant.<\/p>\n\n\n\n<p class=\"wp-block-paragraph\">&#8211; Appr\u00e9cier le soutien des pays africains fr\u00e8res \u00e0 l&rsquo;initiative tunisienne \u00abJustice sociale en Afrique : Promouvoir le progr\u00e8s \u00e9conomique, social et environnemental centr\u00e9 sur le citoyen\u00bb, qui a \u00e9t\u00e9 inscrite parmi les priorit\u00e9s de l&rsquo;Union africaine.<\/p>\n","protected":false},"excerpt":{"rendered":"<p>Dans le cadre de sa participation \u00e0 la 46\u00e8me session du Conseil Ex\u00e9cutif de l&rsquo;Union Africaine (UA) \u00e0 Addis Abeba, M. Mohamed Ali Nafti, Ministre des Affaires Etrang\u00e8res, de la Migration et des Tunisiens \u00e0 l&rsquo;Etranger, a poursuivi ses rencontres avec ses homologues les Ministres des Affaires Etrang\u00e8res des pays africains, ainsi qu&rsquo;avec le Pr\u00e9sident [&hellip;]<\/p>\n","protected":false},"author":4,"featured_media":62440,"comment_status":"open","ping_status":"closed","sticky":false,"template":"","format":"standard","meta":{"content-type":"","jnews-multi-image_gallery":[],"jnews_single_post":{"subtitle":"","format":"standard","video":"","gallery":"","source_name":"","source_url":"","via_name":"","via_url":"","override_template":"0","override":[{"template":"1","single_blog_custom":"","parallax":"1","fullscreen":"1","layout":"right-sidebar","sidebar":"default-sidebar","second_sidebar":"default-sidebar","sticky_sidebar":"1","share_position":"top","share_float_style":"share-monocrhome","show_share_counter":"1","show_view_counter":"1","show_featured":"1","show_post_meta":"1","show_post_author":"1","show_post_author_image":"1","show_post_date":"1","post_date_format":"default","post_date_format_custom":"Y\/m\/d","show_post_category":"1","show_post_reading_time":"0","post_reading_time_wpm":"300","show_zoom_button":"0","zoom_button_out_step":"2","zoom_button_in_step":"3","show_post_tag":"1","show_prev_next_post":"1","show_popup_post":"1","number_popup_post":"1","show_author_box":"0","show_post_related":"0","show_inline_post_related":"0"}],"override_image_size":"0","image_override":[{"single_post_thumbnail_size":"crop-500","single_post_gallery_size":"crop-500"}],"trending_post":"0","trending_post_position":"meta","trending_post_label":"Trending","sponsored_post":"0","sponsored_post_label":"Sponsored by","sponsored_post_name":"","sponsored_post_url":"","sponsored_post_logo_enable":"0","sponsored_post_logo":"","sponsored_post_desc":"","disable_ad":"0"},"jnews_primary_category":{"id":"","hide":""},"jnews_override_bookmark_settings":[],"jnews_review":[],"enable_review":"","type":"","name":"","summary":"","brand":"","sku":"","good":[],"bad":[],"score_override":"","override_value":"","rating":[],"price":[],"jnews_post_split":[],"footnotes":""},"categories":[2],"tags":[158,14652,3100,12907,54],"class_list":["post-62439","post","type-post","status-publish","format-standard","has-post-thumbnail","hentry","category-news-politique","tag-addis-abeba","tag-conseil-executif-de-lunion-africaine","tag-lunion-africaine","tag-mohamed-ali-nafti","tag-tunisie"],"_links":{"self":[{"href":"https:\/\/www.africanchallenges.com\/index.php?rest_route=\/wp\/v2\/posts\/62439","targetHints":{"allow":["GET"]}}],"collection":[{"href":"https:\/\/www.africanchallenges.com\/index.php?rest_route=\/wp\/v2\/posts"}],"about":[{"href":"https:\/\/www.africanchallenges.com\/index.php?rest_route=\/wp\/v2\/types\/post"}],"author":[{"embeddable":true,"href":"https:\/\/www.africanchallenges.com\/index.php?rest_route=\/wp\/v2\/users\/4"}],"replies":[{"embeddable":true,"href":"https:\/\/www.africanchallenges.com\/index.php?rest_route=%2Fwp%2Fv2%2Fcomments&post=62439"}],"version-history":[{"count":1,"href":"https:\/\/www.africanchallenges.com\/index.php?rest_route=\/wp\/v2\/posts\/62439\/revisions"}],"predecessor-version":[{"id":62441,"href":"https:\/\/www.africanchallenges.com\/index.php?rest_route=\/wp\/v2\/posts\/62439\/revisions\/62441"}],"wp:featuredmedia":[{"embeddable":true,"href":"https:\/\/www.africanchallenges.com\/index.php?rest_route=\/wp\/v2\/media\/62440"}],"wp:attachment":[{"href":"https:\/\/www.africanchallenges.com\/index.php?rest_route=%2Fwp%2Fv2%2Fmedia&parent=62439"}],"wp:term":[{"taxonomy":"category","embeddable":true,"href":"https:\/\/www.africanchallenges.com\/index.php?rest_route=%2Fwp%2Fv2%2Fcategories&post=62439"},{"taxonomy":"post_tag","embeddable":true,"href":"https:\/\/www.africanchallenges.com\/index.php?rest_route=%2Fwp%2Fv2%2Ftags&post=62439"}],"curies":[{"name":"wp","href":"https:\/\/api.w.org\/{rel}","templated":true}]}}