{"id":62430,"date":"2025-02-13T13:54:12","date_gmt":"2025-02-13T12:54:12","guid":{"rendered":"https:\/\/www.africanchallenges.com\/?p=62430"},"modified":"2025-02-13T13:54:40","modified_gmt":"2025-02-13T12:54:40","slug":"cloture-de-la-13eme-conference-des-ministres-de-la-culture-du-monde-islamique-en-arabie-saoudite","status":"publish","type":"post","link":"https:\/\/www.africanchallenges.com\/?p=62430","title":{"rendered":"Cl\u00f4ture de la 13\u00e8me Conf\u00e9rence des Ministres de la Culture du monde islamique en Arabie Saoudite"},"content":{"rendered":"\n<p class=\"wp-block-paragraph\">La 13\u00e8me Conf\u00e9rence des Ministres de la Culture du monde islamique, sous le th\u00e8me \u201cl&rsquo;impact de la Culture sur le D\u00e9veloppement social et \u00c9conomique\u201d, organis\u00e9e par l&rsquo;Organisation du Monde Islamique pour l&rsquo;\u00c9ducation, les Sciences et la culture (ISESCO), s&rsquo;est ccl\u00f4tur\u00e9e le jeudi 13 f\u00e9vrier 2025 \u00e0 Djeddah, en Arabie Saoudite.<\/p>\n\n\n\n<p class=\"wp-block-paragraph\">Les travaux de cl\u00f4ture ont compris les projets de r\u00e9solutions de la conf\u00e9rence ainsi que la d\u00e9claration de Djeddah. En marge de la deuxi\u00e8me journ\u00e9e de la conf\u00e9rence, la ministre des Affaires culturelles, Mme Amina Srarfi, a rencontr\u00e9 le Ministre palestinien de la Culture, M. Imededine Hamdan, pour discuter de plusieurs questions importantes, notamment la n\u00e9cessit\u00e9 d&rsquo;intensifier la participation palestinienne aux manifestations nationales et de trouver des formes de coop\u00e9ration solides afin de soutenir la voix palestinienne dans le monde, en lui accordant une place importante lors de divers \u00e9v\u00e9nements et forums nationaux et arabes.<\/p>\n","protected":false},"excerpt":{"rendered":"<p>La 13\u00e8me Conf\u00e9rence des Ministres de la Culture du monde islamique, sous le th\u00e8me \u201cl&rsquo;impact de la Culture sur le D\u00e9veloppement social et \u00c9conomique\u201d, organis\u00e9e par l&rsquo;Organisation du Monde Islamique pour l&rsquo;\u00c9ducation, les Sciences et la culture (ISESCO), s&rsquo;est ccl\u00f4tur\u00e9e le jeudi 13 f\u00e9vrier 2025 \u00e0 Djeddah, en Arabie Saoudite. Les travaux de cl\u00f4ture ont [&hellip;]<\/p>\n","protected":false},"author":3,"featured_media":62431,"comment_status":"open","ping_status":"closed","sticky":false,"template":"","format":"standard","meta":{"content-type":"","jnews-multi-image_gallery":[],"jnews_single_post":{"subtitle":"","format":"standard","video":"","gallery":"","source_name":"","source_url":"","via_name":"","via_url":"","override_template":"0","override":[{"template":"1","single_blog_custom":"","parallax":"1","fullscreen":"1","layout":"right-sidebar","sidebar":"default-sidebar","second_sidebar":"default-sidebar","sticky_sidebar":"1","share_position":"top","share_float_style":"share-monocrhome","show_share_counter":"1","show_view_counter":"1","show_featured":"1","show_post_meta":"1","show_post_author":"1","show_post_author_image":"1","show_post_date":"1","post_date_format":"default","post_date_format_custom":"Y\/m\/d","show_post_category":"1","show_post_reading_time":"0","post_reading_time_wpm":"300","show_zoom_button":"0","zoom_button_out_step":"2","zoom_button_in_step":"3","show_post_tag":"1","show_prev_next_post":"1","show_popup_post":"1","number_popup_post":"1","show_author_box":"0","show_post_related":"0","show_inline_post_related":"0"}],"override_image_size":"0","image_override":[{"single_post_thumbnail_size":"crop-500","single_post_gallery_size":"crop-500"}],"trending_post":"0","trending_post_position":"meta","trending_post_label":"Trending","sponsored_post":"0","sponsored_post_label":"Sponsored by","sponsored_post_name":"","sponsored_post_url":"","sponsored_post_logo_enable":"0","sponsored_post_logo":"","sponsored_post_desc":"","disable_ad":"0"},"jnews_primary_category":{"id":"","hide":""},"jnews_override_bookmark_settings":[],"jnews_review":[],"enable_review":"","type":"","name":"","summary":"","brand":"","sku":"","good":[],"bad":[],"score_override":"","override_value":"","rating":[],"price":[],"jnews_post_split":[],"footnotes":""},"categories":[17],"tags":[12887,2276,526,10863],"class_list":["post-62430","post","type-post","status-publish","format-standard","has-post-thumbnail","hentry","category-entertainment","tag-amina-srarfi","tag-arabie-saoudite","tag-cloture","tag-conference-des-ministres-de-la-culture-du-monde-islamique"],"_links":{"self":[{"href":"https:\/\/www.africanchallenges.com\/index.php?rest_route=\/wp\/v2\/posts\/62430","targetHints":{"allow":["GET"]}}],"collection":[{"href":"https:\/\/www.africanchallenges.com\/index.php?rest_route=\/wp\/v2\/posts"}],"about":[{"href":"https:\/\/www.africanchallenges.com\/index.php?rest_route=\/wp\/v2\/types\/post"}],"author":[{"embeddable":true,"href":"https:\/\/www.africanchallenges.com\/index.php?rest_route=\/wp\/v2\/users\/3"}],"replies":[{"embeddable":true,"href":"https:\/\/www.africanchallenges.com\/index.php?rest_route=%2Fwp%2Fv2%2Fcomments&post=62430"}],"version-history":[{"count":1,"href":"https:\/\/www.africanchallenges.com\/index.php?rest_route=\/wp\/v2\/posts\/62430\/revisions"}],"predecessor-version":[{"id":62432,"href":"https:\/\/www.africanchallenges.com\/index.php?rest_route=\/wp\/v2\/posts\/62430\/revisions\/62432"}],"wp:featuredmedia":[{"embeddable":true,"href":"https:\/\/www.africanchallenges.com\/index.php?rest_route=\/wp\/v2\/media\/62431"}],"wp:attachment":[{"href":"https:\/\/www.africanchallenges.com\/index.php?rest_route=%2Fwp%2Fv2%2Fmedia&parent=62430"}],"wp:term":[{"taxonomy":"category","embeddable":true,"href":"https:\/\/www.africanchallenges.com\/index.php?rest_route=%2Fwp%2Fv2%2Fcategories&post=62430"},{"taxonomy":"post_tag","embeddable":true,"href":"https:\/\/www.africanchallenges.com\/index.php?rest_route=%2Fwp%2Fv2%2Ftags&post=62430"}],"curies":[{"name":"wp","href":"https:\/\/api.w.org\/{rel}","templated":true}]}}