{"id":62408,"date":"2025-02-12T11:21:42","date_gmt":"2025-02-12T10:21:42","guid":{"rendered":"https:\/\/www.africanchallenges.com\/?p=62408"},"modified":"2025-02-12T11:21:43","modified_gmt":"2025-02-12T10:21:43","slug":"tunisie-le-chef-de-letat-reitere-la-liberte-dexpression-ne-peut-exister-sans-une-pensee-libre-nourrie-didees-et-de-concepts-renouveles","status":"publish","type":"post","link":"https:\/\/www.africanchallenges.com\/?p=62408","title":{"rendered":"Tunisie :  Le chef de l&rsquo;Etat r\u00e9it\u00e8re \u00ab la libert\u00e9 d\u2019expression ne peut exister sans une pens\u00e9e libre, nourrie d\u2019id\u00e9es et de concepts renouvel\u00e9s \u00bb"},"content":{"rendered":"\n<p class=\"wp-block-paragraph\">Le pr\u00e9sident de la R\u00e9publique, Ka\u00efs Sa\u00efed, a tenu une r\u00e9union, mardi 11 f\u00e9vrier 2025, au palais de Carthage avec les directs des principaux m\u00e9dias publics tunisiens, selon un communiqu\u00e9 de la pr\u00e9sidence publi\u00e9 \u00e0 0h53.<\/p>\n\n\n\n<p class=\"wp-block-paragraph\">\u00c9taient pr\u00e9sents : Chokri Ben Nessir, PDG de la T\u00e9l\u00e9vision tunisienne, Henda Ben Alaya Ghribi, PDG de la Radio tunisienne, Najeh Missaoui, PDG de l\u2019Agence Tunis Afrique Presse (TAP), Sa\u00efd Ben Kra\u00efem, PDG de La Presse, ainsi que Mohamed Ben Salem, repr\u00e9sentant de Dar Assabah.<\/p>\n\n\n\n<p class=\"wp-block-paragraph\">Lors de cette rencontre, le chef de l\u2019\u00c9tat a soulign\u00e9 l&rsquo;importance du r\u00f4le des m\u00e9dias publics dans cette phase cruciale du pays, insistant sur la n\u00e9cessit\u00e9 d\u2019un journalisme libre, capable de refl\u00e9ter les pr\u00e9occupations des citoyens. Il a affirm\u00e9 que \u00ab la libert\u00e9 d\u2019expression ne peut exister sans une pens\u00e9e libre, nourrie d\u2019id\u00e9es et de concepts renouvel\u00e9s \u00bb.<\/p>\n\n\n\n<p class=\"wp-block-paragraph\">Ka\u00efs Sa\u00efed a \u00e9galement \u00e9voqu\u00e9 l\u2019histoire du mouvement national et le r\u00f4le jou\u00e9 par la presse publique dans l\u2019ind\u00e9pendance et la construction de l\u2019\u00c9tat, estimant que les m\u00e9dias publics doivent servir l\u2019int\u00e9r\u00eat g\u00e9n\u00e9ral et non devenir des instruments de propagande au service de certains int\u00e9r\u00eats.<\/p>\n\n\n\n<p class=\"wp-block-paragraph\">Le pr\u00e9sident a particuli\u00e8rement insist\u00e9 sur le r\u00f4le strat\u00e9gique de l\u2019Agence TAP, rappelant que cette institution historique, dot\u00e9e d\u2019un riche fonds d\u2019archives, doit retrouver son influence et sa mission originelle. Il a d\u00e9nonc\u00e9 \u00ab la prolif\u00e9ration de fausses informations et de campagnes de d\u00e9sinformation &#8211; auxquelles plus personne ne croit &#8211; orchestr\u00e9es par des pages financ\u00e9es \u00e0 l\u2019int\u00e9rieur et \u00e0 l\u2019ext\u00e9rieur du pays \u00bb, affirmant que \u00ab certains, en Tunisie comme ailleurs, continuent d\u2019entretenir des illusions visant \u00e0 fragmenter et affaiblir l\u2019\u00c9tat \u00bb.<\/p>\n\n\n\n<p class=\"wp-block-paragraph\">Par ailleurs, il a r\u00e9affirm\u00e9 son engagement \u00e0 suivre de pr\u00e8s le processus de sauvetage des journaux La Presse et Assabah, consid\u00e9rant que ces titres embl\u00e9matiques font partie du patrimoine national. \u00ab L\u2019histoire de la Tunisie n\u2019est ni \u00e0 vendre ni \u00e0 louer \u00bb, a-t-il martel\u00e9.<\/p>\n\n\n\n<p class=\"wp-block-paragraph\">Enfin, Ka\u00efs Sa\u00efed a appel\u00e9 \u00e0 un renouvellement du discours m\u00e9diatique, exhortant \u00e0 rompre avec certains concepts et terminologies qu\u2019il juge obsol\u00e8tes. \u00ab Regarder en arri\u00e8re n\u2019a plus de sens, le pass\u00e9 est r\u00e9volu \u00bb, a-t-il conclu.<\/p>\n","protected":false},"excerpt":{"rendered":"<p>Le pr\u00e9sident de la R\u00e9publique, Ka\u00efs Sa\u00efed, a tenu une r\u00e9union, mardi 11 f\u00e9vrier 2025, au palais de Carthage avec les directs des principaux m\u00e9dias publics tunisiens, selon un communiqu\u00e9 de la pr\u00e9sidence publi\u00e9 \u00e0 0h53. \u00c9taient pr\u00e9sents : Chokri Ben Nessir, PDG de la T\u00e9l\u00e9vision tunisienne, Henda Ben Alaya Ghribi, PDG de la Radio [&hellip;]<\/p>\n","protected":false},"author":4,"featured_media":62409,"comment_status":"open","ping_status":"closed","sticky":false,"template":"","format":"standard","meta":{"content-type":"","jnews-multi-image_gallery":[],"jnews_single_post":{"subtitle":"","format":"standard","video":"","gallery":"","source_name":"","source_url":"","via_name":"","via_url":"","override_template":"0","override":[{"template":"1","single_blog_custom":"","parallax":"1","fullscreen":"1","layout":"right-sidebar","sidebar":"default-sidebar","second_sidebar":"default-sidebar","sticky_sidebar":"1","share_position":"top","share_float_style":"share-monocrhome","show_share_counter":"1","show_view_counter":"1","show_featured":"1","show_post_meta":"1","show_post_author":"1","show_post_author_image":"1","show_post_date":"1","post_date_format":"default","post_date_format_custom":"Y\/m\/d","show_post_category":"1","show_post_reading_time":"0","post_reading_time_wpm":"300","show_zoom_button":"0","zoom_button_out_step":"2","zoom_button_in_step":"3","show_post_tag":"1","show_prev_next_post":"1","show_popup_post":"1","number_popup_post":"1","show_author_box":"0","show_post_related":"0","show_inline_post_related":"0"}],"override_image_size":"0","image_override":[{"single_post_thumbnail_size":"crop-500","single_post_gallery_size":"crop-500"}],"trending_post":"0","trending_post_position":"meta","trending_post_label":"Trending","sponsored_post":"0","sponsored_post_label":"Sponsored by","sponsored_post_name":"","sponsored_post_url":"","sponsored_post_logo_enable":"0","sponsored_post_logo":"","sponsored_post_desc":"","disable_ad":"0"},"jnews_primary_category":{"id":"","hide":""},"jnews_override_bookmark_settings":[],"jnews_review":[],"enable_review":"","type":"","name":"","summary":"","brand":"","sku":"","good":[],"bad":[],"score_override":"","override_value":"","rating":[],"price":[],"jnews_post_split":[],"footnotes":""},"categories":[2],"tags":[14667,3712,14666,14665,2129,1797],"class_list":["post-62408","post","type-post","status-publish","format-standard","has-post-thumbnail","hentry","category-news-politique","tag-discours-mediatique","tag-kais-saied-2","tag-liberte-dexpression-2","tag-medias-publics-tunisiens","tag-renouvellement","tag-reunion"],"_links":{"self":[{"href":"https:\/\/www.africanchallenges.com\/index.php?rest_route=\/wp\/v2\/posts\/62408","targetHints":{"allow":["GET"]}}],"collection":[{"href":"https:\/\/www.africanchallenges.com\/index.php?rest_route=\/wp\/v2\/posts"}],"about":[{"href":"https:\/\/www.africanchallenges.com\/index.php?rest_route=\/wp\/v2\/types\/post"}],"author":[{"embeddable":true,"href":"https:\/\/www.africanchallenges.com\/index.php?rest_route=\/wp\/v2\/users\/4"}],"replies":[{"embeddable":true,"href":"https:\/\/www.africanchallenges.com\/index.php?rest_route=%2Fwp%2Fv2%2Fcomments&post=62408"}],"version-history":[{"count":1,"href":"https:\/\/www.africanchallenges.com\/index.php?rest_route=\/wp\/v2\/posts\/62408\/revisions"}],"predecessor-version":[{"id":62410,"href":"https:\/\/www.africanchallenges.com\/index.php?rest_route=\/wp\/v2\/posts\/62408\/revisions\/62410"}],"wp:featuredmedia":[{"embeddable":true,"href":"https:\/\/www.africanchallenges.com\/index.php?rest_route=\/wp\/v2\/media\/62409"}],"wp:attachment":[{"href":"https:\/\/www.africanchallenges.com\/index.php?rest_route=%2Fwp%2Fv2%2Fmedia&parent=62408"}],"wp:term":[{"taxonomy":"category","embeddable":true,"href":"https:\/\/www.africanchallenges.com\/index.php?rest_route=%2Fwp%2Fv2%2Fcategories&post=62408"},{"taxonomy":"post_tag","embeddable":true,"href":"https:\/\/www.africanchallenges.com\/index.php?rest_route=%2Fwp%2Fv2%2Ftags&post=62408"}],"curies":[{"name":"wp","href":"https:\/\/api.w.org\/{rel}","templated":true}]}}