{"id":62374,"date":"2025-02-11T19:20:13","date_gmt":"2025-02-11T18:20:13","guid":{"rendered":"https:\/\/www.africanchallenges.com\/?p=62374"},"modified":"2025-02-11T19:20:34","modified_gmt":"2025-02-11T18:20:34","slug":"tunisie-nouvelles-nominations-au-ministere-de-la-sante","status":"publish","type":"post","link":"https:\/\/www.africanchallenges.com\/?p=62374","title":{"rendered":"Tunisie :Nouvelles nominations au minist\u00e8re de la Sant\u00e9"},"content":{"rendered":"\n<p class=\"wp-block-paragraph\">Le minist\u00e8re de la Sant\u00e9 a annonc\u00e9 une s\u00e9rie de nominations dans le Journal officiel (JORT) de ce mardi 11 f\u00e9vrier 2025 :<\/p>\n\n\n\n<p class=\"wp-block-paragraph\">-Imed Mallekh, inspecteur divisionnaire de la sant\u00e9 publique, est nomm\u00e9 directeur g\u00e9n\u00e9ral des structures sanitaires publiques au minist\u00e8re de la Sant\u00e9 \u00e0 compter du 3 f\u00e9vrier 2025.<\/p>\n\n\n\n<p class=\"wp-block-paragraph\">-Anissa Ayari, conseill\u00e8re des services publics, est nomm\u00e9e directrice g\u00e9n\u00e9rale de l\u2019unit\u00e9 de suivi des \u00e9tablissements publics \u00e0 caract\u00e8re non administratif et des entreprises publiques au minist\u00e8re de la Sant\u00e9.<\/p>\n\n\n\n<p class=\"wp-block-paragraph\">-Zakia Ines Harzallah, professeure hospitalo-universitaire en pharmacie, est install\u00e9e au poste de cheffe de l\u2019unit\u00e9 de gestion par objectifs pour l\u2019ex\u00e9cution du projet de promotion des services de soins de premi\u00e8re ligne, subventionn\u00e9 par l\u2019Union europ\u00e9enne, au minist\u00e8re de la Sant\u00e9.<\/p>\n\n\n\n<p class=\"wp-block-paragraph\">-Laila Ben Ayed, inspectrice g\u00e9n\u00e9rale de la sant\u00e9 publique, devient inspectrice g\u00e9n\u00e9rale des services m\u00e9dicaux et juxtam\u00e9dicaux \u00e0 l\u2019Inspection m\u00e9dicale du minist\u00e8re de la Sant\u00e9, \u00e0 compter du 18 janvier 2025.Enfin, le minist\u00e8re de la Sant\u00e9 a mis fin aux fonctions de Tarek Ben Naceur, m\u00e9decin major de la sant\u00e9 publique, qui \u00e9tait directeur g\u00e9n\u00e9ral des structures sanitaires publiques, \u00e0 compter du 3 f\u00e9vrier 2025.<\/p>\n","protected":false},"excerpt":{"rendered":"<p>Le minist\u00e8re de la Sant\u00e9 a annonc\u00e9 une s\u00e9rie de nominations dans le Journal officiel (JORT) de ce mardi 11 f\u00e9vrier 2025 : -Imed Mallekh, inspecteur divisionnaire de la sant\u00e9 publique, est nomm\u00e9 directeur g\u00e9n\u00e9ral des structures sanitaires publiques au minist\u00e8re de la Sant\u00e9 \u00e0 compter du 3 f\u00e9vrier 2025. -Anissa Ayari, conseill\u00e8re des services [&hellip;]<\/p>\n","protected":false},"author":4,"featured_media":26702,"comment_status":"open","ping_status":"closed","sticky":false,"template":"","format":"standard","meta":{"content-type":"","jnews-multi-image_gallery":[],"jnews_single_post":{"subtitle":"","format":"standard","video":"","gallery":"","source_name":"","source_url":"","via_name":"","via_url":"","override_template":"0","override":[{"template":"1","single_blog_custom":"","parallax":"1","fullscreen":"1","layout":"right-sidebar","sidebar":"default-sidebar","second_sidebar":"default-sidebar","sticky_sidebar":"1","share_position":"top","share_float_style":"share-monocrhome","show_share_counter":"1","show_view_counter":"1","show_featured":"1","show_post_meta":"1","show_post_author":"1","show_post_author_image":"1","show_post_date":"1","post_date_format":"default","post_date_format_custom":"Y\/m\/d","show_post_category":"1","show_post_reading_time":"0","post_reading_time_wpm":"300","show_zoom_button":"0","zoom_button_out_step":"2","zoom_button_in_step":"3","show_post_tag":"1","show_prev_next_post":"1","show_popup_post":"1","number_popup_post":"1","show_author_box":"0","show_post_related":"0","show_inline_post_related":"0"}],"override_image_size":"0","image_override":[{"single_post_thumbnail_size":"crop-500","single_post_gallery_size":"crop-500"}],"trending_post":"0","trending_post_position":"meta","trending_post_label":"Trending","sponsored_post":"0","sponsored_post_label":"Sponsored by","sponsored_post_name":"","sponsored_post_url":"","sponsored_post_logo_enable":"0","sponsored_post_logo":"","sponsored_post_desc":"","disable_ad":"0"},"jnews_primary_category":{"id":"","hide":""},"jnews_override_bookmark_settings":[],"jnews_review":[],"enable_review":"","type":"","name":"","summary":"","brand":"","sku":"","good":[],"bad":[],"score_override":"","override_value":"","rating":[],"price":[],"jnews_post_split":[],"footnotes":""},"categories":[11],"tags":[1159,4231,413,54],"class_list":["post-62374","post","type-post","status-publish","format-standard","has-post-thumbnail","hentry","category-health","tag-jort","tag-ministere-de-la-sante","tag-nomination","tag-tunisie"],"_links":{"self":[{"href":"https:\/\/www.africanchallenges.com\/index.php?rest_route=\/wp\/v2\/posts\/62374","targetHints":{"allow":["GET"]}}],"collection":[{"href":"https:\/\/www.africanchallenges.com\/index.php?rest_route=\/wp\/v2\/posts"}],"about":[{"href":"https:\/\/www.africanchallenges.com\/index.php?rest_route=\/wp\/v2\/types\/post"}],"author":[{"embeddable":true,"href":"https:\/\/www.africanchallenges.com\/index.php?rest_route=\/wp\/v2\/users\/4"}],"replies":[{"embeddable":true,"href":"https:\/\/www.africanchallenges.com\/index.php?rest_route=%2Fwp%2Fv2%2Fcomments&post=62374"}],"version-history":[{"count":2,"href":"https:\/\/www.africanchallenges.com\/index.php?rest_route=\/wp\/v2\/posts\/62374\/revisions"}],"predecessor-version":[{"id":62378,"href":"https:\/\/www.africanchallenges.com\/index.php?rest_route=\/wp\/v2\/posts\/62374\/revisions\/62378"}],"wp:featuredmedia":[{"embeddable":true,"href":"https:\/\/www.africanchallenges.com\/index.php?rest_route=\/wp\/v2\/media\/26702"}],"wp:attachment":[{"href":"https:\/\/www.africanchallenges.com\/index.php?rest_route=%2Fwp%2Fv2%2Fmedia&parent=62374"}],"wp:term":[{"taxonomy":"category","embeddable":true,"href":"https:\/\/www.africanchallenges.com\/index.php?rest_route=%2Fwp%2Fv2%2Fcategories&post=62374"},{"taxonomy":"post_tag","embeddable":true,"href":"https:\/\/www.africanchallenges.com\/index.php?rest_route=%2Fwp%2Fv2%2Ftags&post=62374"}],"curies":[{"name":"wp","href":"https:\/\/api.w.org\/{rel}","templated":true}]}}