{"id":62354,"date":"2025-02-11T08:43:09","date_gmt":"2025-02-11T07:43:09","guid":{"rendered":"https:\/\/www.africanchallenges.com\/?p=62354"},"modified":"2025-02-11T08:43:10","modified_gmt":"2025-02-11T07:43:10","slug":"tunisie-le-chef-de-letat-insiste-sur-lurgence-des-reformes","status":"publish","type":"post","link":"https:\/\/www.africanchallenges.com\/?p=62354","title":{"rendered":"Tunisie : Le chef de l&rsquo;Etat insiste sur l&rsquo;urgence des r\u00e9formes"},"content":{"rendered":"\n<p class=\"wp-block-paragraph\">Le pr\u00e9sident de la R\u00e9publique, Ka\u00efs Sa\u00efed, a re\u00e7u, &nbsp;hier &nbsp;lundi 10 f\u00e9vrier 2025, au palais de Carthage, le chef du gouvernement, Kamel Maddouri, lors d&rsquo;une r\u00e9union d\u00e9di\u00e9e au suivi de l&rsquo;action gouvernementale.<\/p>\n\n\n\n<p class=\"wp-block-paragraph\">Au cours de cet entretien, le chef de l&rsquo;\u00c9tat a r\u00e9affirm\u00e9 l&rsquo;importance de l&rsquo;harmonie au sein de l&rsquo;\u00e9quipe gouvernementale, soulignant la n\u00e9cessit\u00e9 de respecter les principes inh\u00e9rents aux responsabilit\u00e9s au sein des institutions de l&rsquo;\u00c9tat.<\/p>\n\n\n\n<p class=\"wp-block-paragraph\">Ka\u00efs Sa\u00efed a \u00e9galement rappel\u00e9 que la Tunisie est r\u00e9gie par la Constitution adopt\u00e9e par r\u00e9f\u00e9rendum le 25 juillet 2022, texte qui, selon lui, rompt avec l&rsquo;ancien cadre juridique et garantit l&rsquo;unit\u00e9 et la p\u00e9rennit\u00e9 de l&rsquo;\u00c9tat.<\/p>\n\n\n\n<p class=\"wp-block-paragraph\">Il a insist\u00e9 sur le fait que chaque responsable doit aller au-del\u00e0 du simple constat des difficult\u00e9s et s&rsquo;engager activement dans l&rsquo;\u00e9laboration de solutions concr\u00e8tes pour satisfaire les attentes des citoyens. \u00ab Le diagnostic est connu, l&rsquo;urgence est d\u00e9sormais d&rsquo;agir avec la plus grande c\u00e9l\u00e9rit\u00e9 pour apporter des r\u00e9ponses aux pr\u00e9occupations des Tunisiens \u00bb, a-t-il affirm\u00e9.<\/p>\n","protected":false},"excerpt":{"rendered":"<p>Le pr\u00e9sident de la R\u00e9publique, Ka\u00efs Sa\u00efed, a re\u00e7u, &nbsp;hier &nbsp;lundi 10 f\u00e9vrier 2025, au palais de Carthage, le chef du gouvernement, Kamel Maddouri, lors d&rsquo;une r\u00e9union d\u00e9di\u00e9e au suivi de l&rsquo;action gouvernementale. Au cours de cet entretien, le chef de l&rsquo;\u00c9tat a r\u00e9affirm\u00e9 l&rsquo;importance de l&rsquo;harmonie au sein de l&rsquo;\u00e9quipe gouvernementale, soulignant la n\u00e9cessit\u00e9 [&hellip;]<\/p>\n","protected":false},"author":4,"featured_media":62355,"comment_status":"open","ping_status":"closed","sticky":false,"template":"","format":"standard","meta":{"content-type":"","jnews-multi-image_gallery":[],"jnews_single_post":{"subtitle":"","format":"standard","video":"","gallery":"","source_name":"","source_url":"","via_name":"","via_url":"","override_template":"0","override":[{"template":"1","single_blog_custom":"","parallax":"1","fullscreen":"1","layout":"right-sidebar","sidebar":"default-sidebar","second_sidebar":"default-sidebar","sticky_sidebar":"1","share_position":"top","share_float_style":"share-monocrhome","show_share_counter":"1","show_view_counter":"1","show_featured":"1","show_post_meta":"1","show_post_author":"1","show_post_author_image":"1","show_post_date":"1","post_date_format":"default","post_date_format_custom":"Y\/m\/d","show_post_category":"1","show_post_reading_time":"0","post_reading_time_wpm":"300","show_zoom_button":"0","zoom_button_out_step":"2","zoom_button_in_step":"3","show_post_tag":"1","show_prev_next_post":"1","show_popup_post":"1","number_popup_post":"1","show_author_box":"0","show_post_related":"0","show_inline_post_related":"0"}],"override_image_size":"0","image_override":[{"single_post_thumbnail_size":"crop-500","single_post_gallery_size":"crop-500"}],"trending_post":"0","trending_post_position":"meta","trending_post_label":"Trending","sponsored_post":"0","sponsored_post_label":"Sponsored by","sponsored_post_name":"","sponsored_post_url":"","sponsored_post_logo_enable":"0","sponsored_post_logo":"","sponsored_post_desc":"","disable_ad":"0"},"jnews_primary_category":{"id":"","hide":""},"jnews_override_bookmark_settings":[],"jnews_review":[],"enable_review":"","type":"","name":"","summary":"","brand":"","sku":"","good":[],"bad":[],"score_override":"","override_value":"","rating":[],"price":[],"jnews_post_split":[],"footnotes":""},"categories":[2],"tags":[3712,12771,952,54],"class_list":["post-62354","post","type-post","status-publish","format-standard","has-post-thumbnail","hentry","category-news-politique","tag-kais-saied-2","tag-kamel-maddouri","tag-reformes","tag-tunisie"],"_links":{"self":[{"href":"https:\/\/www.africanchallenges.com\/index.php?rest_route=\/wp\/v2\/posts\/62354","targetHints":{"allow":["GET"]}}],"collection":[{"href":"https:\/\/www.africanchallenges.com\/index.php?rest_route=\/wp\/v2\/posts"}],"about":[{"href":"https:\/\/www.africanchallenges.com\/index.php?rest_route=\/wp\/v2\/types\/post"}],"author":[{"embeddable":true,"href":"https:\/\/www.africanchallenges.com\/index.php?rest_route=\/wp\/v2\/users\/4"}],"replies":[{"embeddable":true,"href":"https:\/\/www.africanchallenges.com\/index.php?rest_route=%2Fwp%2Fv2%2Fcomments&post=62354"}],"version-history":[{"count":1,"href":"https:\/\/www.africanchallenges.com\/index.php?rest_route=\/wp\/v2\/posts\/62354\/revisions"}],"predecessor-version":[{"id":62356,"href":"https:\/\/www.africanchallenges.com\/index.php?rest_route=\/wp\/v2\/posts\/62354\/revisions\/62356"}],"wp:featuredmedia":[{"embeddable":true,"href":"https:\/\/www.africanchallenges.com\/index.php?rest_route=\/wp\/v2\/media\/62355"}],"wp:attachment":[{"href":"https:\/\/www.africanchallenges.com\/index.php?rest_route=%2Fwp%2Fv2%2Fmedia&parent=62354"}],"wp:term":[{"taxonomy":"category","embeddable":true,"href":"https:\/\/www.africanchallenges.com\/index.php?rest_route=%2Fwp%2Fv2%2Fcategories&post=62354"},{"taxonomy":"post_tag","embeddable":true,"href":"https:\/\/www.africanchallenges.com\/index.php?rest_route=%2Fwp%2Fv2%2Ftags&post=62354"}],"curies":[{"name":"wp","href":"https:\/\/api.w.org\/{rel}","templated":true}]}}