{"id":62284,"date":"2025-02-07T22:24:26","date_gmt":"2025-02-07T21:24:26","guid":{"rendered":"https:\/\/www.africanchallenges.com\/?p=62284"},"modified":"2025-02-07T22:25:24","modified_gmt":"2025-02-07T21:25:24","slug":"tunisie-migration-le-ministere-des-affaires-etrangeres-de-la-migration-et-des-tunisiens-a-letranger-reaffirme-son-attachement-constant-aux-principes-humanitaires","status":"publish","type":"post","link":"https:\/\/www.africanchallenges.com\/?p=62284","title":{"rendered":"Tunisie-Migration : Le Minist\u00e8re des Affaires \u00c9trang\u00e8res, de la Migration et des Tunisiens \u00e0 l&rsquo;\u00c9tranger r\u00e9affirme son attachement constant aux principes humanitaires"},"content":{"rendered":"\n<p class=\"wp-block-paragraph\">Face \u00e0 la persistance des all\u00e9gations malveillantes et \u00e0 la diffusion de fausses informations trompeuses qui ne refl\u00e8tent pas la r\u00e9alit\u00e9 de la position tunisienne ni la gestion par notre pays de la question migratoire et des migrants en situation irr\u00e9guli\u00e8re, le Minist\u00e8re des Affaires \u00c9trang\u00e8res, de la Migration et des Tunisiens \u00e0 l&rsquo;\u00c9tranger r\u00e9affirme son attachement constant aux principes humanitaires et son plein respect des conventions internationales garantissant les droits et la dignit\u00e9 de l\u2019\u00eatre humain.<\/p>\n\n\n\n<p class=\"wp-block-paragraph\">Consciente de la complexit\u00e9 des d\u00e9fis li\u00e9s \u00e0 la migration irr\u00e9guli\u00e8re, la Tunisie adopte une approche \u00e9quilibr\u00e9e qui concilie son devoir de protection des fronti\u00e8res, le respect de la souverainet\u00e9 et des lois nationales, ainsi que l\u2019engagement \u00e0 honorer ses obligations internationales. Elle veille \u00e9galement \u00e0 mettre en place les mesures humanitaires n\u00e9cessaires pour garantir aux migrants en situation irr\u00e9guli\u00e8re une protection contre les r\u00e9seaux criminels de traite des personnes qui exploitent leur situation vuln\u00e9rable.<\/p>\n\n\n\n<p class=\"wp-block-paragraph\">\u00c0 cet \u00e9gard, la Tunisie souligne que la gestion juste et globale de ce ph\u00e9nom\u00e8ne exige de s\u2019attaquer aux causes profondes qui en sont \u00e0 l\u2019origine, sans se limiter \u00e0 des solutions purement s\u00e9curitaires. Elle plaide ainsi pour un renforcement de la coop\u00e9ration avec l\u2019ensemble des partenaires r\u00e9gionaux et internationaux, en adoptant une approche solidaire et concert\u00e9e bas\u00e9e sur la mise en \u0153uvre de politiques de d\u00e9veloppement durable, capables d\u2019offrir des alternatives r\u00e9elles \u00e0 la migration irr\u00e9guli\u00e8re.<\/p>\n\n\n\n<p class=\"wp-block-paragraph\">Par ailleurs, la Tunisie \u0153uvre \u00e0 assurer le retour volontaire, dans des conditions dignes, des migrants en situation irr\u00e9guli\u00e8re \u00e0 leurs pays et appelle \u00e0 garantir leur r\u00e9int\u00e9gration dans leurs communaut\u00e9s d\u2019origine, en coordination avec les organisations internationales et r\u00e9gionales comp\u00e9tentes.<\/p>\n\n\n\n<p class=\"wp-block-paragraph\">Dans ce m\u00eame contexte, la Tunisie poursuit inlassablement ses efforts pour lutter contre les r\u00e9seaux de traite des personnes qui exploitent les migrants en situation irr\u00e9guli\u00e8re en les exposant \u00e0 des p\u00e9riples p\u00e9rilleux. Les services tunisiens de s\u00e9curit\u00e9 et de justice continuent de renforcer les m\u00e9canismes de pr\u00e9vention, de poursuite et de r\u00e9pression afin de d\u00e9manteler ces r\u00e9seaux et de traduire leurs responsables en justice, et ce conform\u00e9ment \u00e0 la loi et aux engagements internationaux de la Tunisie en mati\u00e8re de lutte contre toutes les formes de crime organis\u00e9.<\/p>\n\n\n\n<p class=\"wp-block-paragraph\">Enfin, la Tunisie r\u00e9affirme son rejet cat\u00e9gorique de toute forme de discrimination, de discours haineux et d\u2019instrumentalisation de la d\u00e9tresse des migrants en situation irr\u00e9guli\u00e8re \u00e0 des objectifs et fins \u00e9troits. Elle rappelle que, tout en veillant \u00e0 pr\u00e9server sa souverainet\u00e9 et \u00e0 faire respecter la loi, elle demeure attach\u00e9e aux valeurs humanitaires dans le traitement de ces migrants, victimes de ces r\u00e9seaux criminels, actifs aussi bien \u00e0 la r\u00e9gion sub-saharienne qu\u2019au Nord de la M\u00e9diterran\u00e9e.<\/p>\n","protected":false},"excerpt":{"rendered":"<p>Face \u00e0 la persistance des all\u00e9gations malveillantes et \u00e0 la diffusion de fausses informations trompeuses qui ne refl\u00e8tent pas la r\u00e9alit\u00e9 de la position tunisienne ni la gestion par notre pays de la question migratoire et des migrants en situation irr\u00e9guli\u00e8re, le Minist\u00e8re des Affaires \u00c9trang\u00e8res, de la Migration et des Tunisiens \u00e0 l&rsquo;\u00c9tranger r\u00e9affirme [&hellip;]<\/p>\n","protected":false},"author":4,"featured_media":62285,"comment_status":"open","ping_status":"closed","sticky":false,"template":"","format":"standard","meta":{"content-type":"","jnews-multi-image_gallery":[],"jnews_single_post":{"subtitle":"","format":"standard","video":"","gallery":"","source_name":"","source_url":"","via_name":"","via_url":"","override_template":"0","override":[{"template":"1","single_blog_custom":"","parallax":"1","fullscreen":"1","layout":"right-sidebar","sidebar":"default-sidebar","second_sidebar":"default-sidebar","sticky_sidebar":"1","share_position":"top","share_float_style":"share-monocrhome","show_share_counter":"1","show_view_counter":"1","show_featured":"1","show_post_meta":"1","show_post_author":"1","show_post_author_image":"1","show_post_date":"1","post_date_format":"default","post_date_format_custom":"Y\/m\/d","show_post_category":"1","show_post_reading_time":"0","post_reading_time_wpm":"300","show_zoom_button":"0","zoom_button_out_step":"2","zoom_button_in_step":"3","show_post_tag":"1","show_prev_next_post":"1","show_popup_post":"1","number_popup_post":"1","show_author_box":"0","show_post_related":"0","show_inline_post_related":"0"}],"override_image_size":"0","image_override":[{"single_post_thumbnail_size":"crop-500","single_post_gallery_size":"crop-500"}],"trending_post":"0","trending_post_position":"meta","trending_post_label":"Trending","sponsored_post":"0","sponsored_post_label":"Sponsored by","sponsored_post_name":"","sponsored_post_url":"","sponsored_post_logo_enable":"0","sponsored_post_logo":"","sponsored_post_desc":"","disable_ad":"0"},"jnews_primary_category":{"id":"","hide":""},"jnews_override_bookmark_settings":[],"jnews_review":[],"enable_review":"","type":"","name":"","summary":"","brand":"","sku":"","good":[],"bad":[],"score_override":"","override_value":"","rating":[],"price":[],"jnews_post_split":[],"footnotes":""},"categories":[2],"tags":[6043,14613,2015,7492,54],"class_list":["post-62284","post","type-post","status-publish","format-standard","has-post-thumbnail","hentry","category-news-politique","tag-migration-irreguliere","tag-principes-humanitaires","tag-respect","tag-souverainete","tag-tunisie"],"_links":{"self":[{"href":"https:\/\/www.africanchallenges.com\/index.php?rest_route=\/wp\/v2\/posts\/62284","targetHints":{"allow":["GET"]}}],"collection":[{"href":"https:\/\/www.africanchallenges.com\/index.php?rest_route=\/wp\/v2\/posts"}],"about":[{"href":"https:\/\/www.africanchallenges.com\/index.php?rest_route=\/wp\/v2\/types\/post"}],"author":[{"embeddable":true,"href":"https:\/\/www.africanchallenges.com\/index.php?rest_route=\/wp\/v2\/users\/4"}],"replies":[{"embeddable":true,"href":"https:\/\/www.africanchallenges.com\/index.php?rest_route=%2Fwp%2Fv2%2Fcomments&post=62284"}],"version-history":[{"count":1,"href":"https:\/\/www.africanchallenges.com\/index.php?rest_route=\/wp\/v2\/posts\/62284\/revisions"}],"predecessor-version":[{"id":62286,"href":"https:\/\/www.africanchallenges.com\/index.php?rest_route=\/wp\/v2\/posts\/62284\/revisions\/62286"}],"wp:featuredmedia":[{"embeddable":true,"href":"https:\/\/www.africanchallenges.com\/index.php?rest_route=\/wp\/v2\/media\/62285"}],"wp:attachment":[{"href":"https:\/\/www.africanchallenges.com\/index.php?rest_route=%2Fwp%2Fv2%2Fmedia&parent=62284"}],"wp:term":[{"taxonomy":"category","embeddable":true,"href":"https:\/\/www.africanchallenges.com\/index.php?rest_route=%2Fwp%2Fv2%2Fcategories&post=62284"},{"taxonomy":"post_tag","embeddable":true,"href":"https:\/\/www.africanchallenges.com\/index.php?rest_route=%2Fwp%2Fv2%2Ftags&post=62284"}],"curies":[{"name":"wp","href":"https:\/\/api.w.org\/{rel}","templated":true}]}}