{"id":62192,"date":"2025-02-05T12:16:34","date_gmt":"2025-02-05T11:16:34","guid":{"rendered":"https:\/\/www.africanchallenges.com\/?p=62192"},"modified":"2025-02-05T12:17:31","modified_gmt":"2025-02-05T11:17:31","slug":"tunisie-le-ministere-de-la-famille-souligne-limportance-de-la-cooperation-et-du-travail-en-reseau-afin-de-prevenir-toutes-les-formes-de-violence-a-legard-des-f","status":"publish","type":"post","link":"https:\/\/www.africanchallenges.com\/?p=62192","title":{"rendered":"Tunisie : Le minist\u00e8re de la Famille\u00a0souligne\u00a0l&rsquo;importance\u00a0de la coop\u00e9ration et\u00a0du\u00a0travail en r\u00e9seau\u00a0afin\u00a0de pr\u00e9venir toutes les formes de violence \u00e0 l&rsquo;\u00e9gard des femmes"},"content":{"rendered":"\n<p class=\"wp-block-paragraph\">Dans un communiqu\u00e9 rendu public hier, mardi 4 f\u00e9vrier 2025, le minist\u00e8re de la Famille, des Femmes, des Enfants et des personnes \u00e2g\u00e9es exprime sa gratitude aux services de s\u00e9curit\u00e9 pour leur expertise qui a permis, de mani\u00e8re professionnelle et rapide, en coordination directe avec les autorit\u00e9s judiciaires, d&rsquo;appr\u00e9hender le suspect dans l&rsquo;affaire d&rsquo;agression verbale et physique sur une femme, suite \u00e0 la diffusion d&rsquo;une vid\u00e9o de ce crime sur les r\u00e9seaux sociaux.<\/p>\n\n\n\n<p class=\"wp-block-paragraph\">Il est \u00e9galement crucial que le minist\u00e8re confirme son engagement psychologique envers la victime d\u00e8s qu&rsquo;il a \u00e9t\u00e9 inform\u00e9 dimanche soir de la republication de cette vid\u00e9o, dont les \u00e9v\u00e9nements datent de 2018.<\/p>\n\n\n\n<p class=\"wp-block-paragraph\">Le minist\u00e8re rappelle aussi l&rsquo;importance de ne pas republier cette vid\u00e9o, qui constitue une cyberviolence contre la victime, r\u00e9affirmant la n\u00e9cessit\u00e9 de renforcer la coop\u00e9ration et le travail en r\u00e9seau pour pr\u00e9venir toutes les formes de violence et prot\u00e9ger les victimes, tant au sein de la famille que dans la soci\u00e9t\u00e9, conform\u00e9ment aux dispositions de la Loi fondamentale n\u00b0 58 de 2017 sur l&rsquo;\u00e9limination de la violence \u00e0 l&rsquo;\u00e9gard des femmes.<\/p>\n","protected":false},"excerpt":{"rendered":"<p>Dans un communiqu\u00e9 rendu public hier, mardi 4 f\u00e9vrier 2025, le minist\u00e8re de la Famille, des Femmes, des Enfants et des personnes \u00e2g\u00e9es exprime sa gratitude aux services de s\u00e9curit\u00e9 pour leur expertise qui a permis, de mani\u00e8re professionnelle et rapide, en coordination directe avec les autorit\u00e9s judiciaires, d&rsquo;appr\u00e9hender le suspect dans l&rsquo;affaire d&rsquo;agression verbale [&hellip;]<\/p>\n","protected":false},"author":4,"featured_media":62193,"comment_status":"open","ping_status":"closed","sticky":false,"template":"","format":"standard","meta":{"content-type":"","jnews-multi-image_gallery":[],"jnews_single_post":{"subtitle":"","format":"standard","video":"","gallery":"","source_name":"","source_url":"","via_name":"","via_url":"","override_template":"0","override":[{"template":"1","single_blog_custom":"","parallax":"1","fullscreen":"1","layout":"right-sidebar","sidebar":"default-sidebar","second_sidebar":"default-sidebar","sticky_sidebar":"1","share_position":"top","share_float_style":"share-monocrhome","show_share_counter":"1","show_view_counter":"1","show_featured":"1","show_post_meta":"1","show_post_author":"1","show_post_author_image":"1","show_post_date":"1","post_date_format":"default","post_date_format_custom":"Y\/m\/d","show_post_category":"1","show_post_reading_time":"0","post_reading_time_wpm":"300","show_zoom_button":"0","zoom_button_out_step":"2","zoom_button_in_step":"3","show_post_tag":"1","show_prev_next_post":"1","show_popup_post":"1","number_popup_post":"1","show_author_box":"0","show_post_related":"0","show_inline_post_related":"0"}],"override_image_size":"0","image_override":[{"single_post_thumbnail_size":"crop-500","single_post_gallery_size":"crop-500"}],"trending_post":"0","trending_post_position":"meta","trending_post_label":"Trending","sponsored_post":"0","sponsored_post_label":"Sponsored by","sponsored_post_name":"","sponsored_post_url":"","sponsored_post_logo_enable":"0","sponsored_post_logo":"","sponsored_post_desc":"","disable_ad":"0"},"jnews_primary_category":{"id":"","hide":""},"jnews_override_bookmark_settings":[],"jnews_review":[],"enable_review":"","type":"","name":"","summary":"","brand":"","sku":"","good":[],"bad":[],"score_override":"","override_value":"","rating":[],"price":[],"jnews_post_split":[],"footnotes":""},"categories":[44,2],"tags":[298,3954,12764,1206,14570,54,1671],"class_list":["post-62192","post","type-post","status-publish","format-standard","has-post-thumbnail","hentry","category-femme","category-news-politique","tag-cooperation","tag-femmes","tag-le-ministere-de-la-famille","tag-reseau","tag-services-de-securite","tag-tunisie","tag-violence"],"_links":{"self":[{"href":"https:\/\/www.africanchallenges.com\/index.php?rest_route=\/wp\/v2\/posts\/62192","targetHints":{"allow":["GET"]}}],"collection":[{"href":"https:\/\/www.africanchallenges.com\/index.php?rest_route=\/wp\/v2\/posts"}],"about":[{"href":"https:\/\/www.africanchallenges.com\/index.php?rest_route=\/wp\/v2\/types\/post"}],"author":[{"embeddable":true,"href":"https:\/\/www.africanchallenges.com\/index.php?rest_route=\/wp\/v2\/users\/4"}],"replies":[{"embeddable":true,"href":"https:\/\/www.africanchallenges.com\/index.php?rest_route=%2Fwp%2Fv2%2Fcomments&post=62192"}],"version-history":[{"count":1,"href":"https:\/\/www.africanchallenges.com\/index.php?rest_route=\/wp\/v2\/posts\/62192\/revisions"}],"predecessor-version":[{"id":62194,"href":"https:\/\/www.africanchallenges.com\/index.php?rest_route=\/wp\/v2\/posts\/62192\/revisions\/62194"}],"wp:featuredmedia":[{"embeddable":true,"href":"https:\/\/www.africanchallenges.com\/index.php?rest_route=\/wp\/v2\/media\/62193"}],"wp:attachment":[{"href":"https:\/\/www.africanchallenges.com\/index.php?rest_route=%2Fwp%2Fv2%2Fmedia&parent=62192"}],"wp:term":[{"taxonomy":"category","embeddable":true,"href":"https:\/\/www.africanchallenges.com\/index.php?rest_route=%2Fwp%2Fv2%2Fcategories&post=62192"},{"taxonomy":"post_tag","embeddable":true,"href":"https:\/\/www.africanchallenges.com\/index.php?rest_route=%2Fwp%2Fv2%2Ftags&post=62192"}],"curies":[{"name":"wp","href":"https:\/\/api.w.org\/{rel}","templated":true}]}}