{"id":62178,"date":"2025-02-05T11:29:39","date_gmt":"2025-02-05T10:29:39","guid":{"rendered":"https:\/\/www.africanchallenges.com\/?p=62178"},"modified":"2025-02-05T11:31:22","modified_gmt":"2025-02-05T10:31:22","slug":"tunisie-conseil-ministeriel-restreint-dedie-a-la-promotion-de-linvestissement-en-tunisie","status":"publish","type":"post","link":"https:\/\/www.africanchallenges.com\/?p=62178","title":{"rendered":"Tunisie : Conseil minist\u00e9riel restreint d\u00e9di\u00e9 \u00e0 la promotion de l&rsquo;investissement en Tunisie"},"content":{"rendered":"\n<p class=\"wp-block-paragraph\">Un Conseil minist\u00e9riel restreint s&rsquo;est r\u00e9uni le mardi 4 f\u00e9vrier 2025, sous la pr\u00e9sidence du chef du gouvernement, Kamel Maddouri, au Palais du gouvernement \u00e0 la Kasbah. L&rsquo;ordre du jour portait sur l&rsquo;examen du projet de loi transversal relatif \u00e0 la promotion de l&rsquo;investissement, une r\u00e9forme essentielle destin\u00e9e \u00e0 dynamiser l&rsquo;\u00e9conomie nationale et \u00e0 renforcer l&rsquo;attractivit\u00e9 du pays pour les investisseurs locaux et \u00e9trangers.<\/p>\n\n\n\n<p class=\"wp-block-paragraph\">Lors de son intervention, le chef du gouvernement a soulign\u00e9 la n\u00e9cessit\u00e9 de traduire en actions concr\u00e8tes la vision du pr\u00e9sident de la R\u00e9publique, Ka\u00efs Sa\u00efed, en faveur d\u2019un d\u00e9veloppement \u00e9conomique inclusif et \u00e9quitable. Il a insist\u00e9 sur l\u2019importance de garantir un cadre propice \u00e0 l\u2019investissement en instaurant un environnement transparent et simplifi\u00e9, tout en assurant des droits et garanties aux investisseurs et aux travailleurs.<\/p>\n\n\n\n<p class=\"wp-block-paragraph\">Le projet de loi ambitionne de lever les obstacles administratifs freinant l\u2019investissement en Tunisie. Il pr\u00e9voit une s\u00e9rie de r\u00e9formes majeures, notamment la simplification des proc\u00e9dures administratives, la num\u00e9risation des services, ainsi que la suppression de plusieurs autorisations jug\u00e9es contraignantes pour l\u2019initiative priv\u00e9e.<\/p>\n\n\n\n<p class=\"wp-block-paragraph\">Le ministre de l\u2019\u00c9conomie et de la Planification a d\u00e9taill\u00e9 les axes principaux du projet de loi, mettant en avant son r\u00f4le dans la transformation du paysage \u00e9conomique tunisien. Parmi les mesures phares figurent :<\/p>\n\n\n\n<p class=\"wp-block-paragraph\">\u2013 L\u2019introduction d\u2019une licence unique ou premium pour les projets d\u2019envergure nationale.<\/p>\n\n\n\n<p class=\"wp-block-paragraph\">\u2013 La cr\u00e9ation d\u2019une plateforme num\u00e9rique centralis\u00e9e pour faciliter le parcours des investisseurs.<\/p>\n\n\n\n<p class=\"wp-block-paragraph\">\u2013 La fusion et la r\u00e9organisation des institutions en charge de l\u2019investissement, afin d\u2019\u00e9tablir un guichet unique pour les porteurs de projets.<\/p>\n\n\n\n<p class=\"wp-block-paragraph\">\u2013 La mise \u00e0 disposition d\u2019un cadre juridique attractif pour les Tunisiens \u00e0 l\u2019\u00e9tranger, incluant des incitations sp\u00e9cifiques pour encourager leurs investissements en Tunisie.<\/p>\n\n\n\n<p class=\"wp-block-paragraph\">\u2013 La facilitation de l\u2019acc\u00e8s au foncier d\u00e9di\u00e9 \u00e0 l\u2019investissement et le renforcement des instruments financiers destin\u00e9s aux entrepreneurs tunisiens.<\/p>\n\n\n\n<p class=\"wp-block-paragraph\">\u00c0 l\u2019issue des discussions, le Conseil a insist\u00e9 sur l\u2019importance d\u2019acc\u00e9l\u00e9rer la finalisation du texte en tenant compte des observations formul\u00e9es. L\u2019objectif est d\u2019adopter rapidement cette r\u00e9forme pour renforcer la comp\u00e9titivit\u00e9 de la Tunisie sur la sc\u00e8ne internationale et faciliter l\u2019int\u00e9gration de l\u2019\u00e9conomie nationale aux cha\u00eenes de valeur mondiales.<\/p>\n\n\n\n<p class=\"wp-block-paragraph\">Avec cette initiative, le gouvernement mise sur une dynamique nouvelle pour relancer l\u2019investissement et soutenir la croissance, en posant les bases d\u2019un cadre plus moderne et plus efficace.<\/p>\n","protected":false},"excerpt":{"rendered":"<p>Un Conseil minist\u00e9riel restreint s&rsquo;est r\u00e9uni le mardi 4 f\u00e9vrier 2025, sous la pr\u00e9sidence du chef du gouvernement, Kamel Maddouri, au Palais du gouvernement \u00e0 la Kasbah. L&rsquo;ordre du jour portait sur l&rsquo;examen du projet de loi transversal relatif \u00e0 la promotion de l&rsquo;investissement, une r\u00e9forme essentielle destin\u00e9e \u00e0 dynamiser l&rsquo;\u00e9conomie nationale et \u00e0 renforcer [&hellip;]<\/p>\n","protected":false},"author":4,"featured_media":62179,"comment_status":"open","ping_status":"closed","sticky":false,"template":"","format":"standard","meta":{"content-type":"","jnews-multi-image_gallery":[],"jnews_single_post":{"subtitle":"","format":"standard","video":"","gallery":"","source_name":"","source_url":"","via_name":"","via_url":"","override_template":"0","override":[{"template":"1","single_blog_custom":"","parallax":"1","fullscreen":"1","layout":"right-sidebar","sidebar":"default-sidebar","second_sidebar":"default-sidebar","sticky_sidebar":"1","share_position":"top","share_float_style":"share-monocrhome","show_share_counter":"1","show_view_counter":"1","show_featured":"1","show_post_meta":"1","show_post_author":"1","show_post_author_image":"1","show_post_date":"1","post_date_format":"default","post_date_format_custom":"Y\/m\/d","show_post_category":"1","show_post_reading_time":"0","post_reading_time_wpm":"300","show_zoom_button":"0","zoom_button_out_step":"2","zoom_button_in_step":"3","show_post_tag":"1","show_prev_next_post":"1","show_popup_post":"1","number_popup_post":"1","show_author_box":"0","show_post_related":"0","show_inline_post_related":"0"}],"override_image_size":"0","image_override":[{"single_post_thumbnail_size":"crop-500","single_post_gallery_size":"crop-500"}],"trending_post":"0","trending_post_position":"meta","trending_post_label":"Trending","sponsored_post":"0","sponsored_post_label":"Sponsored by","sponsored_post_name":"","sponsored_post_url":"","sponsored_post_logo_enable":"0","sponsored_post_logo":"","sponsored_post_desc":"","disable_ad":"0"},"jnews_primary_category":{"id":"","hide":""},"jnews_override_bookmark_settings":[],"jnews_review":[],"enable_review":"","type":"","name":"","summary":"","brand":"","sku":"","good":[],"bad":[],"score_override":"","override_value":"","rating":[],"price":[],"jnews_post_split":[],"footnotes":""},"categories":[2],"tags":[4595,85,12771,758,54],"class_list":["post-62178","post","type-post","status-publish","format-standard","has-post-thumbnail","hentry","category-news-politique","tag-conseil-ministeriel","tag-investissement","tag-kamel-maddouri","tag-promotion","tag-tunisie"],"_links":{"self":[{"href":"https:\/\/www.africanchallenges.com\/index.php?rest_route=\/wp\/v2\/posts\/62178","targetHints":{"allow":["GET"]}}],"collection":[{"href":"https:\/\/www.africanchallenges.com\/index.php?rest_route=\/wp\/v2\/posts"}],"about":[{"href":"https:\/\/www.africanchallenges.com\/index.php?rest_route=\/wp\/v2\/types\/post"}],"author":[{"embeddable":true,"href":"https:\/\/www.africanchallenges.com\/index.php?rest_route=\/wp\/v2\/users\/4"}],"replies":[{"embeddable":true,"href":"https:\/\/www.africanchallenges.com\/index.php?rest_route=%2Fwp%2Fv2%2Fcomments&post=62178"}],"version-history":[{"count":1,"href":"https:\/\/www.africanchallenges.com\/index.php?rest_route=\/wp\/v2\/posts\/62178\/revisions"}],"predecessor-version":[{"id":62180,"href":"https:\/\/www.africanchallenges.com\/index.php?rest_route=\/wp\/v2\/posts\/62178\/revisions\/62180"}],"wp:featuredmedia":[{"embeddable":true,"href":"https:\/\/www.africanchallenges.com\/index.php?rest_route=\/wp\/v2\/media\/62179"}],"wp:attachment":[{"href":"https:\/\/www.africanchallenges.com\/index.php?rest_route=%2Fwp%2Fv2%2Fmedia&parent=62178"}],"wp:term":[{"taxonomy":"category","embeddable":true,"href":"https:\/\/www.africanchallenges.com\/index.php?rest_route=%2Fwp%2Fv2%2Fcategories&post=62178"},{"taxonomy":"post_tag","embeddable":true,"href":"https:\/\/www.africanchallenges.com\/index.php?rest_route=%2Fwp%2Fv2%2Ftags&post=62178"}],"curies":[{"name":"wp","href":"https:\/\/api.w.org\/{rel}","templated":true}]}}