{"id":62166,"date":"2025-02-03T20:00:02","date_gmt":"2025-02-03T19:00:02","guid":{"rendered":"https:\/\/www.africanchallenges.com\/?p=62166"},"modified":"2025-02-03T20:00:03","modified_gmt":"2025-02-03T19:00:03","slug":"tunisie-visite-dune-delegation-libyenne-de-haut-niveau-en-tunisie","status":"publish","type":"post","link":"https:\/\/www.africanchallenges.com\/?p=62166","title":{"rendered":"Tunisie : Visite d&rsquo;une d\u00e9l\u00e9gation libyenne de haut niveau en Tunisie"},"content":{"rendered":"\n<p class=\"wp-block-paragraph\">M. Mohamed Ali Nafti, Ministre des Affaires \u00c9trang\u00e8res, de la Migration et des Tunisiens \u00e0 l&rsquo;\u00c9tranger, a re\u00e7u, le lundi 3 f\u00e9vrier 2025, M. Taher Al-Baour, Charg\u00e9 de la gestion du Minist\u00e8re des Affaires \u00c9trang\u00e8res et de la Coop\u00e9ration Internationale de l\u2019\u00c9tat de la Libye, en pr\u00e9sence de M. Mohamed Al-Shahoubi, Ministre des Transports et de la d\u00e9l\u00e9gation qui les accompagne.<\/p>\n\n\n\n<p class=\"wp-block-paragraph\">Lors de cette rencontre, l\u2019\u00e9volution des relations bilat\u00e9rales a \u00e9t\u00e9 discut\u00e9e. Il \u00e9tait \u00e9galement question des perspectives visant \u00e0 renforcer et d\u00e9velopper ces relations dans divers domaines, et ce conform\u00e9ment aux aspirations des dirigeants des deux pays pour r\u00e9aliser une plus grande int\u00e9gration et renforcer le partenariat \u00e9conomique global entre les deux parties.<\/p>\n\n\n\n<p class=\"wp-block-paragraph\">Cette r\u00e9union a \u00e9t\u00e9 aussi l&rsquo;occasion pour les deux parties de souligner l&rsquo;importance de bien pr\u00e9parer les \u00e9ch\u00e9ances \u00e0 venir.<\/p>\n\n\n\n<p class=\"wp-block-paragraph\">Des \u00e9changes ont \u00e9galement eu lieu concernant plusieurs questions et enjeux d&rsquo;int\u00e9r\u00eat commun dans les r\u00e9gions arabe et africaine, n\u00e9cessitant une coordination \u00e9troite afin de faire face aux d\u00e9fis s\u00e9curitaires et de d\u00e9veloppement actuels.<\/p>\n","protected":false},"excerpt":{"rendered":"<p>M. Mohamed Ali Nafti, Ministre des Affaires \u00c9trang\u00e8res, de la Migration et des Tunisiens \u00e0 l&rsquo;\u00c9tranger, a re\u00e7u, le lundi 3 f\u00e9vrier 2025, M. Taher Al-Baour, Charg\u00e9 de la gestion du Minist\u00e8re des Affaires \u00c9trang\u00e8res et de la Coop\u00e9ration Internationale de l\u2019\u00c9tat de la Libye, en pr\u00e9sence de M. Mohamed Al-Shahoubi, Ministre des Transports et [&hellip;]<\/p>\n","protected":false},"author":4,"featured_media":62167,"comment_status":"open","ping_status":"closed","sticky":false,"template":"","format":"standard","meta":{"content-type":"","jnews-multi-image_gallery":[],"jnews_single_post":{"subtitle":"","format":"standard","video":"","gallery":"","source_name":"","source_url":"","via_name":"","via_url":"","override_template":"0","override":[{"template":"1","single_blog_custom":"","parallax":"1","fullscreen":"1","layout":"right-sidebar","sidebar":"default-sidebar","second_sidebar":"default-sidebar","sticky_sidebar":"1","share_position":"top","share_float_style":"share-monocrhome","show_share_counter":"1","show_view_counter":"1","show_featured":"1","show_post_meta":"1","show_post_author":"1","show_post_author_image":"1","show_post_date":"1","post_date_format":"default","post_date_format_custom":"Y\/m\/d","show_post_category":"1","show_post_reading_time":"0","post_reading_time_wpm":"300","show_zoom_button":"0","zoom_button_out_step":"2","zoom_button_in_step":"3","show_post_tag":"1","show_prev_next_post":"1","show_popup_post":"1","number_popup_post":"1","show_author_box":"0","show_post_related":"0","show_inline_post_related":"0"}],"override_image_size":"0","image_override":[{"single_post_thumbnail_size":"crop-500","single_post_gallery_size":"crop-500"}],"trending_post":"0","trending_post_position":"meta","trending_post_label":"Trending","sponsored_post":"0","sponsored_post_label":"Sponsored by","sponsored_post_name":"","sponsored_post_url":"","sponsored_post_logo_enable":"0","sponsored_post_logo":"","sponsored_post_desc":"","disable_ad":"0"},"jnews_primary_category":{"id":"","hide":""},"jnews_override_bookmark_settings":[],"jnews_review":[],"enable_review":"","type":"","name":"","summary":"","brand":"","sku":"","good":[],"bad":[],"score_override":"","override_value":"","rating":[],"price":[],"jnews_post_split":[],"footnotes":""},"categories":[2],"tags":[],"class_list":["post-62166","post","type-post","status-publish","format-standard","has-post-thumbnail","hentry","category-news-politique"],"_links":{"self":[{"href":"https:\/\/www.africanchallenges.com\/index.php?rest_route=\/wp\/v2\/posts\/62166","targetHints":{"allow":["GET"]}}],"collection":[{"href":"https:\/\/www.africanchallenges.com\/index.php?rest_route=\/wp\/v2\/posts"}],"about":[{"href":"https:\/\/www.africanchallenges.com\/index.php?rest_route=\/wp\/v2\/types\/post"}],"author":[{"embeddable":true,"href":"https:\/\/www.africanchallenges.com\/index.php?rest_route=\/wp\/v2\/users\/4"}],"replies":[{"embeddable":true,"href":"https:\/\/www.africanchallenges.com\/index.php?rest_route=%2Fwp%2Fv2%2Fcomments&post=62166"}],"version-history":[{"count":1,"href":"https:\/\/www.africanchallenges.com\/index.php?rest_route=\/wp\/v2\/posts\/62166\/revisions"}],"predecessor-version":[{"id":62168,"href":"https:\/\/www.africanchallenges.com\/index.php?rest_route=\/wp\/v2\/posts\/62166\/revisions\/62168"}],"wp:featuredmedia":[{"embeddable":true,"href":"https:\/\/www.africanchallenges.com\/index.php?rest_route=\/wp\/v2\/media\/62167"}],"wp:attachment":[{"href":"https:\/\/www.africanchallenges.com\/index.php?rest_route=%2Fwp%2Fv2%2Fmedia&parent=62166"}],"wp:term":[{"taxonomy":"category","embeddable":true,"href":"https:\/\/www.africanchallenges.com\/index.php?rest_route=%2Fwp%2Fv2%2Fcategories&post=62166"},{"taxonomy":"post_tag","embeddable":true,"href":"https:\/\/www.africanchallenges.com\/index.php?rest_route=%2Fwp%2Fv2%2Ftags&post=62166"}],"curies":[{"name":"wp","href":"https:\/\/api.w.org\/{rel}","templated":true}]}}