{"id":62012,"date":"2025-01-29T21:51:07","date_gmt":"2025-01-29T20:51:07","guid":{"rendered":"https:\/\/www.africanchallenges.com\/?p=62012"},"modified":"2025-01-29T21:54:20","modified_gmt":"2025-01-29T20:54:20","slug":"tunisie-lancement-de-la-terna-innovation-zone","status":"publish","type":"post","link":"https:\/\/www.africanchallenges.com\/?p=62012","title":{"rendered":"Tunisie\u00a0: Lancement de la \u00ab\u00a0Terna Innovation Zone\u00a0\u00bb"},"content":{"rendered":"\n<p class=\"wp-block-paragraph\">Le ministre des affaires \u00e9trang\u00e8res, de la migration et des Tunisiens \u00e0 l&rsquo;\u00e9tranger, M. Mohamed Ali Nafti, le ministre italien de l\u2019Environnement et de la S\u00e9curit\u00e9 \u00e9nerg\u00e9tique, M. Gilberto Pichetto Fratin, et le secr\u00e9taire d\u2019\u00c9tat charg\u00e9 de la transition \u00e9nerg\u00e9tique, M. Wael Chouchane, ont supervis\u00e9, ce mercredi 29 janvier 2025, dans la capitale, la c\u00e9r\u00e9monie annon\u00e7ant le lancement de la \u00ab\u00a0Terna Innovation Zone\u00a0\u00bb en Tunisie en collaboration avec la soci\u00e9t\u00e9 tunisienne d&rsquo;\u00e9lectricit\u00e9 et de gaz. <\/p>\n\n\n\n<p class=\"wp-block-paragraph\">\u00c9taient pr\u00e9sents l&rsquo;ambassadeur d&rsquo;Italie en Tunisie, M. Alessandro Brunas, et le conseiller diplomatique du Premier Ministre d&rsquo;Italie, M. Fabrizio Saggio, ainsi que le pr\u00e9sident et directeur g\u00e9n\u00e9ral de la soci\u00e9t\u00e9 tunisienne d&rsquo;\u00e9lectricit\u00e9 et de gaz, M. Faycel Tarifa, et la directrice g\u00e9n\u00e9rale de la soci\u00e9t\u00e9 italienne \u00ab\u00a0Terna\u00a0\u00bb, Mme Giuseppina Di Foggia, ainsi qu&rsquo;un nombre important de fonctionnaires tunisiens et italiens et de sp\u00e9cialistes du secteur de l&rsquo;\u00e9nergie.<\/p>\n\n\n\n<p class=\"wp-block-paragraph\"> Dans son discours, M. Mohamed Ali Nafti a soulign\u00e9 l&rsquo;importance du projet d&rsquo;interconnexion \u00e9lectrique \u00ab\u00a0ELMED\u00a0\u00bb entre la Tunisie et l&rsquo;Italie, vu comme une \u00e9tape essentielle pour renforcer la coop\u00e9ration dans le secteur de l&rsquo;\u00e9nergie et viser la s\u00e9curit\u00e9 \u00e9nerg\u00e9tique ainsi que le d\u00e9veloppement durable pour les deux pays. <\/p>\n\n\n\n<p class=\"wp-block-paragraph\">De son c\u00f4t\u00e9, le ministre italien de l&rsquo;Environnement et de la S\u00e9curit\u00e9 \u00e9nerg\u00e9tique a mis en avant le r\u00f4le central que jouera le projet \u00ab\u00a0ELMED\u00a0\u00bb dans le renforcement des relations entre la Tunisie et l&rsquo;Italie, ainsi que son impact positif sur les syst\u00e8mes \u00e9nerg\u00e9tiques des deux pays. <\/p>\n\n\n\n<p class=\"wp-block-paragraph\">M. Wael Chouchane a salu\u00e9 la coop\u00e9ration fructueuse entre la soci\u00e9t\u00e9 tunisienne d&rsquo;\u00e9lectricit\u00e9 et de gaz et son homologue italienne pour diversifier les sources d&rsquo;approvisionnement en \u00e9lectricit\u00e9, consid\u00e9rant le lancement de la plateforme d&rsquo;innovation Tarna comme une \u00e9tape cruciale pour acc\u00e9l\u00e9rer la mise en \u0153uvre du projet ELMED, qui devrait \u00eatre op\u00e9rationnel d&rsquo;ici 2028, afin d&rsquo;am\u00e9liorer les \u00e9changes \u00e9nerg\u00e9tiques et de renforcer la s\u00e9curit\u00e9 \u00e9nerg\u00e9tique gr\u00e2ce au d\u00e9veloppement de cadres techniques et commerciaux adapt\u00e9s aux r\u00e9cents progr\u00e8s scientifiques et technologiques. <\/p>\n\n\n\n<p class=\"wp-block-paragraph\">Une pr\u00e9sentation a \u00e9t\u00e9 faite sur les composantes importantes de la nouvelle zone et ses objectifs strat\u00e9giques, soulignant son r\u00f4le central dans le soutien du projet d&rsquo;interconnexion \u00e9lectrique, inscrit sur la liste des projets d&rsquo;int\u00e9r\u00eat commun de la Commission europ\u00e9enne, visant \u00e0 compl\u00e9ter l&rsquo;infrastructure \u00e9nerg\u00e9tique pour le transport d&rsquo;\u00e9lectricit\u00e9 et \u00e0 connecter les r\u00e9seaux \u00e9lectriques europ\u00e9ens avec ceux des pays d&rsquo;Afrique du Nord, ce qui permettra \u00e0 notre pays d&rsquo;assurer la s\u00e9curit\u00e9 \u00e9nerg\u00e9tique et de diversifier ses sources d&rsquo;approvisionnement en \u00e9lectricit\u00e9.<\/p>\n\n\n\n<p class=\"wp-block-paragraph\">Le lancement de la \u00ab\u00a0Terna Innovation Zone\u00a0\u00bb s&rsquo;inscrit dans le cadre du renforcement du partenariat strat\u00e9gique en mati\u00e8re d&rsquo;\u00e9nergie entre la Tunisie et l&rsquo;Italie, visant \u00e0 \u00e9tablir la durabilit\u00e9 \u00e9nerg\u00e9tique entre les deux pays. Cela se mat\u00e9rialise par la cr\u00e9ation d&rsquo;une plateforme destin\u00e9e \u00e0 promouvoir l&rsquo;innovation et \u00e0 favoriser l&rsquo;interaction entre universit\u00e9s, centres de recherche, institutions et entit\u00e9s \u00e9mergentes.<\/p>\n\n\n\n<p class=\"wp-block-paragraph\"> Cette zone agira comme un laboratoire intellectuel pour g\u00e9n\u00e9rer, d\u00e9velopper et tester de nouvelles id\u00e9es dans le secteur de l&rsquo;\u00e9nergie, garantissant l&rsquo;efficacit\u00e9 et la s\u00e9curit\u00e9 des syst\u00e8mes \u00e9lectriques en Tunisie. La \u00ab\u00a0Terna Innovation Zone\u00a0\u00bb contribuera \u00e9galement au d\u00e9veloppement de projets innovants align\u00e9s sur les nouvelles tendances technologiques dans le domaine \u00e9nerg\u00e9tique, tout en renfor\u00e7ant la culture de l&rsquo;innovation. <\/p>\n\n\n\n<p class=\"wp-block-paragraph\">Elle pr\u00e9parera en outre les futures comp\u00e9tences tunisiennes, capables de concevoir et de d\u00e9velopper des solutions industrielles pratiques dans les domaines \u00e9nerg\u00e9tique et environnemental, ainsi que de partager des solutions technologiques pour soutenir une transition \u00e9nerg\u00e9tique juste et s\u00fbre.<\/p>\n\n\n\n<p class=\"wp-block-paragraph\"> Par ailleurs, elle mettra \u00e0 disposition l&rsquo;expertise italienne en transport maritime d&rsquo;\u00e9lectricit\u00e9 pour former les techniciens de la soci\u00e9t\u00e9 tunisienne d&rsquo;\u00e9lectricit\u00e9 et de gaz.<\/p>\n\n\n\n<p class=\"wp-block-paragraph\"> D&rsquo;autre part, M. Wael Chouchane a rencontr\u00e9 le ministre italien de l&rsquo;Environnement et de la S\u00e9curit\u00e9 \u00e9nerg\u00e9tique ainsi que sa d\u00e9l\u00e9gation, o\u00f9 les deux parties ont \u00e9chang\u00e9 sur les moyens de renforcer la coop\u00e9ration dans le secteur de l&rsquo;\u00e9nergie et d&rsquo;acc\u00e9l\u00e9rer la mise en \u0153uvre de projets d&rsquo;int\u00e9r\u00eat commun.<\/p>\n","protected":false},"excerpt":{"rendered":"<p>Le ministre des affaires \u00e9trang\u00e8res, de la migration et des Tunisiens \u00e0 l&rsquo;\u00e9tranger, M. Mohamed Ali Nafti, le ministre italien de l\u2019Environnement et de la S\u00e9curit\u00e9 \u00e9nerg\u00e9tique, M. Gilberto Pichetto Fratin, et le secr\u00e9taire d\u2019\u00c9tat charg\u00e9 de la transition \u00e9nerg\u00e9tique, M. Wael Chouchane, ont supervis\u00e9, ce mercredi 29 janvier 2025, dans la capitale, la c\u00e9r\u00e9monie [&hellip;]<\/p>\n","protected":false},"author":3,"featured_media":62013,"comment_status":"open","ping_status":"closed","sticky":false,"template":"","format":"standard","meta":{"content-type":"","jnews-multi-image_gallery":[],"jnews_single_post":{"subtitle":"","format":"standard","video":"","gallery":"","source_name":"","source_url":"","via_name":"","via_url":"","override_template":"0","override":[{"template":"1","single_blog_custom":"","parallax":"1","fullscreen":"1","layout":"right-sidebar","sidebar":"default-sidebar","second_sidebar":"default-sidebar","sticky_sidebar":"1","share_position":"top","share_float_style":"share-monocrhome","show_share_counter":"1","show_view_counter":"1","show_featured":"1","show_post_meta":"1","show_post_author":"1","show_post_author_image":"1","show_post_date":"1","post_date_format":"default","post_date_format_custom":"Y\/m\/d","show_post_category":"1","show_post_reading_time":"0","post_reading_time_wpm":"300","show_zoom_button":"0","zoom_button_out_step":"2","zoom_button_in_step":"3","show_post_tag":"1","show_prev_next_post":"1","show_popup_post":"1","number_popup_post":"1","show_author_box":"0","show_post_related":"0","show_inline_post_related":"0"}],"override_image_size":"0","image_override":[{"single_post_thumbnail_size":"crop-500","single_post_gallery_size":"crop-500"}],"trending_post":"0","trending_post_position":"meta","trending_post_label":"Trending","sponsored_post":"0","sponsored_post_label":"Sponsored by","sponsored_post_name":"","sponsored_post_url":"","sponsored_post_logo_enable":"0","sponsored_post_logo":"","sponsored_post_desc":"","disable_ad":"0"},"jnews_primary_category":{"id":"","hide":""},"jnews_override_bookmark_settings":[],"jnews_review":[],"enable_review":"","type":"","name":"","summary":"","brand":"","sku":"","good":[],"bad":[],"score_override":"","override_value":"","rating":[],"price":[],"jnews_post_split":[],"footnotes":""},"categories":[43,73],"tags":[1095,759,14509,14508,8118,54],"class_list":["post-62012","post","type-post","status-publish","format-standard","has-post-thumbnail","hentry","category-eco-business","category-eco","tag-energie","tag-lancement","tag-projet-dinterconnexion-electrique-elmed","tag-terna-innovation-zone","tag-transition-energetique","tag-tunisie"],"_links":{"self":[{"href":"https:\/\/www.africanchallenges.com\/index.php?rest_route=\/wp\/v2\/posts\/62012","targetHints":{"allow":["GET"]}}],"collection":[{"href":"https:\/\/www.africanchallenges.com\/index.php?rest_route=\/wp\/v2\/posts"}],"about":[{"href":"https:\/\/www.africanchallenges.com\/index.php?rest_route=\/wp\/v2\/types\/post"}],"author":[{"embeddable":true,"href":"https:\/\/www.africanchallenges.com\/index.php?rest_route=\/wp\/v2\/users\/3"}],"replies":[{"embeddable":true,"href":"https:\/\/www.africanchallenges.com\/index.php?rest_route=%2Fwp%2Fv2%2Fcomments&post=62012"}],"version-history":[{"count":1,"href":"https:\/\/www.africanchallenges.com\/index.php?rest_route=\/wp\/v2\/posts\/62012\/revisions"}],"predecessor-version":[{"id":62014,"href":"https:\/\/www.africanchallenges.com\/index.php?rest_route=\/wp\/v2\/posts\/62012\/revisions\/62014"}],"wp:featuredmedia":[{"embeddable":true,"href":"https:\/\/www.africanchallenges.com\/index.php?rest_route=\/wp\/v2\/media\/62013"}],"wp:attachment":[{"href":"https:\/\/www.africanchallenges.com\/index.php?rest_route=%2Fwp%2Fv2%2Fmedia&parent=62012"}],"wp:term":[{"taxonomy":"category","embeddable":true,"href":"https:\/\/www.africanchallenges.com\/index.php?rest_route=%2Fwp%2Fv2%2Fcategories&post=62012"},{"taxonomy":"post_tag","embeddable":true,"href":"https:\/\/www.africanchallenges.com\/index.php?rest_route=%2Fwp%2Fv2%2Ftags&post=62012"}],"curies":[{"name":"wp","href":"https:\/\/api.w.org\/{rel}","templated":true}]}}