{"id":61988,"date":"2025-01-29T11:00:00","date_gmt":"2025-01-29T10:00:00","guid":{"rendered":"https:\/\/www.africanchallenges.com\/?p=61988"},"modified":"2025-01-29T16:15:31","modified_gmt":"2025-01-29T15:15:31","slug":"tunisie-le-chef-de-letat-insiste-sur-la-necessite-dameliorer-laccompagnement-des-tunisiens-a-letranger","status":"publish","type":"post","link":"https:\/\/www.africanchallenges.com\/?p=61988","title":{"rendered":"Tunisie : Le chef de l&rsquo;Etat insiste sur la n\u00e9cessit\u00e9 d&rsquo;am\u00e9liorer l&rsquo;accompagnement des Tunisiens \u00e0 l&rsquo;\u00e9tranger"},"content":{"rendered":"\n<p class=\"wp-block-paragraph\">Le pr\u00e9sident de la R\u00e9publique, Ka\u00efs Sa\u00efed, a re\u00e7u hier mardi 28 janvier 2025 au palais de Carthage Mohamed Ali Nafti, ministre des Affaires \u00e9trang\u00e8res, de la Migration et des Tunisiens \u00e0 l\u2019\u00e9tranger. Cette rencontre a permis de faire le point sur la participation de la Tunisie \u00e0 plusieurs conf\u00e9rences internationales ainsi que sur les \u00e9changes bilat\u00e9raux.<\/p>\n\n\n\n<p class=\"wp-block-paragraph\">\u00c0 cette occasion, le chef de l\u2019\u00c9tat a rappel\u00e9 les principes fondamentaux de la politique \u00e9trang\u00e8re tunisienne, soulignant l\u2019ind\u00e9pendance du processus d\u00e9cisionnel national. Il a \u00e9galement r\u00e9affirm\u00e9 l\u2019engagement constant de la Tunisie en faveur de la cause palestinienne, plaidant pour la restitution int\u00e9grale des droits du peuple palestinien et l&rsquo;\u00e9tablissement d&rsquo;un \u00c9tat ind\u00e9pendant sur l&rsquo;ensemble du territoire palestinien, avec J\u00e9rusalem comme capitale.<\/p>\n\n\n\n<p class=\"wp-block-paragraph\">Dans un contexte international en mutation rapide, Ka\u00efs Sa\u00efed a soulign\u00e9 l&rsquo;importance de l&rsquo;anticipation et de l&rsquo;adaptation face aux d\u00e9fis mondiaux. \u00ab Le monde \u00e9volue \u00e0 un rythme sans pr\u00e9c\u00e9dent, et il est imp\u00e9ratif de ne pas se contenter d\u2019une \u00e9galit\u00e9 formelle entre les nations, mais de veiller \u00e0 ce qu\u2019elle se traduise concr\u00e8tement dans les faits \u00bb, a-t-il d\u00e9clar\u00e9.<\/p>\n\n\n\n<p class=\"wp-block-paragraph\">De plus, le pr\u00e9sident de la R\u00e9publique a insist\u00e9 sur la n\u00e9cessit\u00e9 d&rsquo;am\u00e9liorer l&rsquo;accompagnement des Tunisiens \u00e0 l&rsquo;\u00e9tranger, en d\u00e9veloppant de nouveaux services \u00e0 distance pour r\u00e9pondre \u00e0 leurs besoins. Il a salu\u00e9 la contribution significative de la diaspora, notamment dans les secteurs de la sant\u00e9 et du transport, ainsi que leur engagement \u00e0 investir en Tunisie. Il a appel\u00e9 les structures de l&rsquo;\u00c9tat \u00e0 lever les obstacles administratifs pour faciliter leur contribution au d\u00e9veloppement national. \u00ab Les comp\u00e9tences tunisiennes \u00e0 travers le monde sont inestimables et participent au rayonnement du pays \u00bb, a-t-il conclu.<\/p>\n","protected":false},"excerpt":{"rendered":"<p>Le pr\u00e9sident de la R\u00e9publique, Ka\u00efs Sa\u00efed, a re\u00e7u hier mardi 28 janvier 2025 au palais de Carthage Mohamed Ali Nafti, ministre des Affaires \u00e9trang\u00e8res, de la Migration et des Tunisiens \u00e0 l\u2019\u00e9tranger. Cette rencontre a permis de faire le point sur la participation de la Tunisie \u00e0 plusieurs conf\u00e9rences internationales ainsi que sur les [&hellip;]<\/p>\n","protected":false},"author":4,"featured_media":61990,"comment_status":"open","ping_status":"closed","sticky":false,"template":"","format":"standard","meta":{"content-type":"","jnews-multi-image_gallery":[],"jnews_single_post":{"subtitle":"","format":"standard","video":"","gallery":"","source_name":"","source_url":"","via_name":"","via_url":"","override_template":"0","override":[{"template":"1","single_blog_custom":"","parallax":"1","fullscreen":"1","layout":"right-sidebar","sidebar":"default-sidebar","second_sidebar":"default-sidebar","sticky_sidebar":"1","share_position":"top","share_float_style":"share-monocrhome","show_share_counter":"1","show_view_counter":"1","show_featured":"1","show_post_meta":"1","show_post_author":"1","show_post_author_image":"1","show_post_date":"1","post_date_format":"default","post_date_format_custom":"Y\/m\/d","show_post_category":"1","show_post_reading_time":"0","post_reading_time_wpm":"300","show_zoom_button":"0","zoom_button_out_step":"2","zoom_button_in_step":"3","show_post_tag":"1","show_prev_next_post":"1","show_popup_post":"1","number_popup_post":"1","show_author_box":"0","show_post_related":"0","show_inline_post_related":"0"}],"override_image_size":"0","image_override":[{"single_post_thumbnail_size":"crop-500","single_post_gallery_size":"crop-500"}],"trending_post":"0","trending_post_position":"meta","trending_post_label":"Trending","sponsored_post":"0","sponsored_post_label":"Sponsored by","sponsored_post_name":"","sponsored_post_url":"","sponsored_post_logo_enable":"0","sponsored_post_logo":"","sponsored_post_desc":"","disable_ad":"0"},"jnews_primary_category":{"id":"","hide":""},"jnews_override_bookmark_settings":[],"jnews_review":[],"enable_review":"","type":"","name":"","summary":"","brand":"","sku":"","good":[],"bad":[],"score_override":"","override_value":"","rating":[],"price":[],"jnews_post_split":[],"footnotes":""},"categories":[2],"tags":[4336,3694,12907,4551],"class_list":["post-61988","post","type-post","status-publish","format-standard","has-post-thumbnail","hentry","category-news-politique","tag-accompagnement","tag-kais-saied","tag-mohamed-ali-nafti","tag-tunisiens-a-letranger"],"_links":{"self":[{"href":"https:\/\/www.africanchallenges.com\/index.php?rest_route=\/wp\/v2\/posts\/61988","targetHints":{"allow":["GET"]}}],"collection":[{"href":"https:\/\/www.africanchallenges.com\/index.php?rest_route=\/wp\/v2\/posts"}],"about":[{"href":"https:\/\/www.africanchallenges.com\/index.php?rest_route=\/wp\/v2\/types\/post"}],"author":[{"embeddable":true,"href":"https:\/\/www.africanchallenges.com\/index.php?rest_route=\/wp\/v2\/users\/4"}],"replies":[{"embeddable":true,"href":"https:\/\/www.africanchallenges.com\/index.php?rest_route=%2Fwp%2Fv2%2Fcomments&post=61988"}],"version-history":[{"count":1,"href":"https:\/\/www.africanchallenges.com\/index.php?rest_route=\/wp\/v2\/posts\/61988\/revisions"}],"predecessor-version":[{"id":61991,"href":"https:\/\/www.africanchallenges.com\/index.php?rest_route=\/wp\/v2\/posts\/61988\/revisions\/61991"}],"wp:featuredmedia":[{"embeddable":true,"href":"https:\/\/www.africanchallenges.com\/index.php?rest_route=\/wp\/v2\/media\/61990"}],"wp:attachment":[{"href":"https:\/\/www.africanchallenges.com\/index.php?rest_route=%2Fwp%2Fv2%2Fmedia&parent=61988"}],"wp:term":[{"taxonomy":"category","embeddable":true,"href":"https:\/\/www.africanchallenges.com\/index.php?rest_route=%2Fwp%2Fv2%2Fcategories&post=61988"},{"taxonomy":"post_tag","embeddable":true,"href":"https:\/\/www.africanchallenges.com\/index.php?rest_route=%2Fwp%2Fv2%2Ftags&post=61988"}],"curies":[{"name":"wp","href":"https:\/\/api.w.org\/{rel}","templated":true}]}}