{"id":61879,"date":"2025-01-27T09:44:32","date_gmt":"2025-01-27T08:44:32","guid":{"rendered":"https:\/\/www.africanchallenges.com\/?p=61879"},"modified":"2025-01-27T09:44:50","modified_gmt":"2025-01-27T08:44:50","slug":"tunisie-le-secretaire-detat-aupres-du-ministre-des-affaires-etrangeres-rencontre-la-diaspora-au-kenya","status":"publish","type":"post","link":"https:\/\/www.africanchallenges.com\/?p=61879","title":{"rendered":"\u00a0Tunisie: Le Secr\u00e9taire d&rsquo;\u00c9tat aupr\u00e8s du Ministre des Affaires \u00c9trang\u00e8res rencontre  la diaspora au Kenya"},"content":{"rendered":"\n<p class=\"wp-block-paragraph\">Dans le cadre de sa participation, sur instructions de Son Excellence Monsieur le Pr\u00e9sident de la R\u00e9publique, aux travaux de la \u00ab\u00a0Retraite de Haut Niveau sur les R\u00e9formes Institutionnelles de l&rsquo;Union Africaine\u00a0\u00bb qui se tient dans la capitale k\u00e9nyane, Nairobi, les 26 et 27 janvier 2025, M. Mohamed Ben Ayed, Secr\u00e9taire d&rsquo;\u00c9tat aupr\u00e8s du Ministre des Affaires \u00c9trang\u00e8res, de la Migration et des Tunisiens \u00e0 l\u2019\u00e9tranger, a rencontr\u00e9, le 26 janvier 2025, les membres de la communaut\u00e9 tunisienne r\u00e9sidant au Kenya.<\/p>\n\n\n\n<p class=\"wp-block-paragraph\">\u00c0 l&rsquo;occasion de cette rencontre, M. le Secr\u00e9taire d&rsquo;\u00c9tat a pr\u00e9sent\u00e9 les efforts entrepris par la Tunisie ces derni\u00e8res ann\u00e9es pour restaurer sa place et son rayonnement, relancer le rythme de la croissance \u00e9conomique et assurer un d\u00e9veloppement \u00e9quilibr\u00e9. Il a \u00e9galement mis en lumi\u00e8re l&rsquo;attention particuli\u00e8re que porte notre pays aux aspects sociaux, afin que le d\u00e9veloppement \u00e9conomique soit accompagn\u00e9 d&rsquo;un \u00e9quilibre social.<\/p>\n\n\n\n<p class=\"wp-block-paragraph\">M. le Secr\u00e9taire d\u2019\u00c9tat a soulign\u00e9 que la Tunisie retrouve progressivement sa pr\u00e9sence positive au niveau africain, en accordant une importance accrue \u00e0 la coop\u00e9ration avec les pays africains dans divers domaines, notamment \u00e9conomiques, compte tenu des richesses et des potentialit\u00e9s dont regorge le continent.<\/p>\n\n\n\n<p class=\"wp-block-paragraph\">Il a \u00e9galement mis en exergue le r\u00f4le essentiel de la communaut\u00e9 tunisienne dans la promotion de l&rsquo;image positive de la Tunisie. Il a r\u00e9affirm\u00e9, dans ce m\u00eame contexte, que notre pays place ses ressortissants \u00e0 l&rsquo;\u00e9tranger au c\u0153ur de ses pr\u00e9occupations, en veillant \u00e0 leur offrir tous les services et le soutien n\u00e9cessaires, tout en leur proposant des avantages et des incitations pour les encourager \u00e0 investir en Tunisie et contribuer au processus de d\u00e9veloppement.<\/p>\n\n\n\n<p class=\"wp-block-paragraph\">M. Mohamed Ben Ayed a ensuite \u00e9cout\u00e9 les pr\u00e9occupations et les questions des membres de la communaut\u00e9 tunisienne concernant les services consulaires et les avantages accord\u00e9s aux Tunisiens \u00e0 l&rsquo;\u00e9tranger. \u00c0 ce sujet, il a assur\u00e9 que le Minist\u00e8re des Affaires \u00c9trang\u00e8res, de la Migration et des Tunisiens \u00e0 l&rsquo;\u00c9tranger s&rsquo;engage \u00e0 am\u00e9liorer les services consulaires et \u00e0 fournir tous les types de soutien et d&rsquo;assistance aux citoyens tunisiens r\u00e9sidant \u00e0 l&rsquo;\u00e9tranger. Il a \u00e9galement indiqu\u00e9 qu&rsquo;il veillera \u00e0 transmettre toutes leurs attentes et pr\u00e9occupations aux autorit\u00e9s tunisiennes comp\u00e9tentes.<\/p>\n","protected":false},"excerpt":{"rendered":"<p>Dans le cadre de sa participation, sur instructions de Son Excellence Monsieur le Pr\u00e9sident de la R\u00e9publique, aux travaux de la \u00ab\u00a0Retraite de Haut Niveau sur les R\u00e9formes Institutionnelles de l&rsquo;Union Africaine\u00a0\u00bb qui se tient dans la capitale k\u00e9nyane, Nairobi, les 26 et 27 janvier 2025, M. Mohamed Ben Ayed, Secr\u00e9taire d&rsquo;\u00c9tat aupr\u00e8s du Ministre [&hellip;]<\/p>\n","protected":false},"author":4,"featured_media":61880,"comment_status":"open","ping_status":"closed","sticky":false,"template":"","format":"standard","meta":{"content-type":"","jnews-multi-image_gallery":[],"jnews_single_post":{"subtitle":"","format":"standard","video":"","gallery":"","source_name":"","source_url":"","via_name":"","via_url":"","override_template":"0","override":[{"template":"1","single_blog_custom":"","parallax":"1","fullscreen":"1","layout":"right-sidebar","sidebar":"default-sidebar","second_sidebar":"default-sidebar","sticky_sidebar":"1","share_position":"top","share_float_style":"share-monocrhome","show_share_counter":"1","show_view_counter":"1","show_featured":"1","show_post_meta":"1","show_post_author":"1","show_post_author_image":"1","show_post_date":"1","post_date_format":"default","post_date_format_custom":"Y\/m\/d","show_post_category":"1","show_post_reading_time":"0","post_reading_time_wpm":"300","show_zoom_button":"0","zoom_button_out_step":"2","zoom_button_in_step":"3","show_post_tag":"1","show_prev_next_post":"1","show_popup_post":"1","number_popup_post":"1","show_author_box":"0","show_post_related":"0","show_inline_post_related":"0"}],"override_image_size":"0","image_override":[{"single_post_thumbnail_size":"crop-500","single_post_gallery_size":"crop-500"}],"trending_post":"0","trending_post_position":"meta","trending_post_label":"Trending","sponsored_post":"0","sponsored_post_label":"Sponsored by","sponsored_post_name":"","sponsored_post_url":"","sponsored_post_logo_enable":"0","sponsored_post_logo":"","sponsored_post_desc":"","disable_ad":"0"},"jnews_primary_category":{"id":"","hide":""},"jnews_override_bookmark_settings":[],"jnews_review":[],"enable_review":"","type":"","name":"","summary":"","brand":"","sku":"","good":[],"bad":[],"score_override":"","override_value":"","rating":[],"price":[],"jnews_post_split":[],"footnotes":""},"categories":[2],"tags":[7665,3712,155,14230],"class_list":["post-61879","post","type-post","status-publish","format-standard","has-post-thumbnail","hentry","category-news-politique","tag-diaspora","tag-kais-saied-2","tag-kenya","tag-mohamed-ben-ayed"],"_links":{"self":[{"href":"https:\/\/www.africanchallenges.com\/index.php?rest_route=\/wp\/v2\/posts\/61879","targetHints":{"allow":["GET"]}}],"collection":[{"href":"https:\/\/www.africanchallenges.com\/index.php?rest_route=\/wp\/v2\/posts"}],"about":[{"href":"https:\/\/www.africanchallenges.com\/index.php?rest_route=\/wp\/v2\/types\/post"}],"author":[{"embeddable":true,"href":"https:\/\/www.africanchallenges.com\/index.php?rest_route=\/wp\/v2\/users\/4"}],"replies":[{"embeddable":true,"href":"https:\/\/www.africanchallenges.com\/index.php?rest_route=%2Fwp%2Fv2%2Fcomments&post=61879"}],"version-history":[{"count":1,"href":"https:\/\/www.africanchallenges.com\/index.php?rest_route=\/wp\/v2\/posts\/61879\/revisions"}],"predecessor-version":[{"id":61881,"href":"https:\/\/www.africanchallenges.com\/index.php?rest_route=\/wp\/v2\/posts\/61879\/revisions\/61881"}],"wp:featuredmedia":[{"embeddable":true,"href":"https:\/\/www.africanchallenges.com\/index.php?rest_route=\/wp\/v2\/media\/61880"}],"wp:attachment":[{"href":"https:\/\/www.africanchallenges.com\/index.php?rest_route=%2Fwp%2Fv2%2Fmedia&parent=61879"}],"wp:term":[{"taxonomy":"category","embeddable":true,"href":"https:\/\/www.africanchallenges.com\/index.php?rest_route=%2Fwp%2Fv2%2Fcategories&post=61879"},{"taxonomy":"post_tag","embeddable":true,"href":"https:\/\/www.africanchallenges.com\/index.php?rest_route=%2Fwp%2Fv2%2Ftags&post=61879"}],"curies":[{"name":"wp","href":"https:\/\/api.w.org\/{rel}","templated":true}]}}