{"id":61838,"date":"2025-01-24T11:27:48","date_gmt":"2025-01-24T10:27:48","guid":{"rendered":"https:\/\/www.africanchallenges.com\/?p=61838"},"modified":"2025-01-24T11:27:49","modified_gmt":"2025-01-24T10:27:49","slug":"tunisie-le-ministere-de-la-famille-organise-un-atelier-national-sur-la-mise-en-oeuvre-du-programme-de-parentalite-positive-et-ses-orientations-futures","status":"publish","type":"post","link":"https:\/\/www.africanchallenges.com\/?p=61838","title":{"rendered":"Tunisie : Le minist\u00e8re de la Famille organise un atelier national sur la mise en \u0153uvre du programme de parentalit\u00e9 positive et ses orientations futures"},"content":{"rendered":"\n<p class=\"wp-block-paragraph\"><br>Le Minist\u00e8re de la Famille, de la Femme, de l\u2019Enfance et des Personnes \u00c2g\u00e9es, en collaboration avec le bureau de l\u2019UNICEF \u00e0 Tunis, a organis\u00e9 aujourd\u2019hui, jeudi 23 janvier 2025, un atelier national sur la mise en \u0153uvre du programme de parentalit\u00e9 positive \u00ab\u00a0because I care\u00a0\u00bb et ses orientations futures.<br><\/p>\n\n\n\n<p class=\"wp-block-paragraph\">Cet atelier vient en soutien aux travaux de pr\u00e9paration du plan ex\u00e9cutif pour l&rsquo;ann\u00e9e 2025 et \u00e0 la compilation des projets locaux et r\u00e9gionaux propos\u00e9s par les participants lors des ateliers de concertation du programme parentalit\u00e9, r\u00e9alis\u00e9s du 21 novembre au 27 d\u00e9cembre 2024 dans huit  gouvernorats : Sousse, Jendouba, Sidi Bouzid, M\u00e9denine, El Kef, Kairouan, Tunis et Kasserine.<br><\/p>\n\n\n\n<p class=\"wp-block-paragraph\">L&rsquo;atelier se d\u00e9roulera les 23 et 24 janvier 2025 sous la supervision de l&rsquo;Administration G\u00e9n\u00e9rale de l&rsquo;Enfance, afin de pr\u00e9senter les enseignements de la phase pilote, de d\u00e9velopper les m\u00e9canismes de gouvernance du Programme de Parentalit\u00e9 Positive aux niveaux national, r\u00e9gional et local, et d&rsquo;approuver les projets d&rsquo;activit\u00e9s locales.<br><\/p>\n\n\n\n<p class=\"wp-block-paragraph\">Il inclura \u00e9galement une r\u00e9flexion sur la promotion des axes du programme de parentalit\u00e9 positive, son int\u00e9gration dans d&rsquo;autres plans nationaux, ainsi que l&rsquo;\u00e9laboration d&rsquo;un plan d&rsquo;action pour renforcer les capacit\u00e9s des acteurs impliqu\u00e9s dans sa mise en \u0153uvre.<br><\/p>\n\n\n\n<p class=\"wp-block-paragraph\">Cet atelier national rassemble des repr\u00e9sentants des minist\u00e8res de la Famille, de l&rsquo;\u00c9ducation, des Affaires Sociales, des Affaires Religieuses et de la Sant\u00e9, le bureau de l\u2019UNICEF en Tunisie, des coordinateurs r\u00e9gionaux et locaux du programme, des repr\u00e9sentants des d\u00e9l\u00e9gations r\u00e9gionales pour les Affaires F\u00e9minines, Familiales et de la Sant\u00e9 dans les \u00c9tats concern\u00e9s, de l&rsquo;Union Tunisienne de Solidarit\u00e9 Sociale, ainsi que plusieurs associations \u0153uvrant dans le domaine de la parentalit\u00e9.<\/p>\n","protected":false},"excerpt":{"rendered":"<p>Le Minist\u00e8re de la Famille, de la Femme, de l\u2019Enfance et des Personnes \u00c2g\u00e9es, en collaboration avec le bureau de l\u2019UNICEF \u00e0 Tunis, a organis\u00e9 aujourd\u2019hui, jeudi 23 janvier 2025, un atelier national sur la mise en \u0153uvre du programme de parentalit\u00e9 positive \u00ab\u00a0because I care\u00a0\u00bb et ses orientations futures. Cet atelier vient en soutien [&hellip;]<\/p>\n","protected":false},"author":4,"featured_media":61839,"comment_status":"open","ping_status":"closed","sticky":false,"template":"","format":"standard","meta":{"content-type":"","jnews-multi-image_gallery":[],"jnews_single_post":{"subtitle":"","format":"standard","video":"","gallery":"","source_name":"","source_url":"","via_name":"","via_url":"","override_template":"0","override":[{"template":"1","single_blog_custom":"","parallax":"1","fullscreen":"1","layout":"right-sidebar","sidebar":"default-sidebar","second_sidebar":"default-sidebar","sticky_sidebar":"1","share_position":"top","share_float_style":"share-monocrhome","show_share_counter":"1","show_view_counter":"1","show_featured":"1","show_post_meta":"1","show_post_author":"1","show_post_author_image":"1","show_post_date":"1","post_date_format":"default","post_date_format_custom":"Y\/m\/d","show_post_category":"1","show_post_reading_time":"0","post_reading_time_wpm":"300","show_zoom_button":"0","zoom_button_out_step":"2","zoom_button_in_step":"3","show_post_tag":"1","show_prev_next_post":"1","show_popup_post":"1","number_popup_post":"1","show_author_box":"0","show_post_related":"0","show_inline_post_related":"0"}],"override_image_size":"0","image_override":[{"single_post_thumbnail_size":"crop-500","single_post_gallery_size":"crop-500"}],"trending_post":"0","trending_post_position":"meta","trending_post_label":"Trending","sponsored_post":"0","sponsored_post_label":"Sponsored by","sponsored_post_name":"","sponsored_post_url":"","sponsored_post_logo_enable":"0","sponsored_post_logo":"","sponsored_post_desc":"","disable_ad":"0"},"jnews_primary_category":{"id":"","hide":""},"jnews_override_bookmark_settings":[],"jnews_review":[],"enable_review":"","type":"","name":"","summary":"","brand":"","sku":"","good":[],"bad":[],"score_override":"","override_value":"","rating":[],"price":[],"jnews_post_split":[],"footnotes":""},"categories":[2],"tags":[14419,12764,14418,65],"class_list":["post-61838","post","type-post","status-publish","format-standard","has-post-thumbnail","hentry","category-news-politique","tag-atelier-national","tag-le-ministere-de-la-famille","tag-parentalite-positive","tag-programme"],"_links":{"self":[{"href":"https:\/\/www.africanchallenges.com\/index.php?rest_route=\/wp\/v2\/posts\/61838","targetHints":{"allow":["GET"]}}],"collection":[{"href":"https:\/\/www.africanchallenges.com\/index.php?rest_route=\/wp\/v2\/posts"}],"about":[{"href":"https:\/\/www.africanchallenges.com\/index.php?rest_route=\/wp\/v2\/types\/post"}],"author":[{"embeddable":true,"href":"https:\/\/www.africanchallenges.com\/index.php?rest_route=\/wp\/v2\/users\/4"}],"replies":[{"embeddable":true,"href":"https:\/\/www.africanchallenges.com\/index.php?rest_route=%2Fwp%2Fv2%2Fcomments&post=61838"}],"version-history":[{"count":1,"href":"https:\/\/www.africanchallenges.com\/index.php?rest_route=\/wp\/v2\/posts\/61838\/revisions"}],"predecessor-version":[{"id":61840,"href":"https:\/\/www.africanchallenges.com\/index.php?rest_route=\/wp\/v2\/posts\/61838\/revisions\/61840"}],"wp:featuredmedia":[{"embeddable":true,"href":"https:\/\/www.africanchallenges.com\/index.php?rest_route=\/wp\/v2\/media\/61839"}],"wp:attachment":[{"href":"https:\/\/www.africanchallenges.com\/index.php?rest_route=%2Fwp%2Fv2%2Fmedia&parent=61838"}],"wp:term":[{"taxonomy":"category","embeddable":true,"href":"https:\/\/www.africanchallenges.com\/index.php?rest_route=%2Fwp%2Fv2%2Fcategories&post=61838"},{"taxonomy":"post_tag","embeddable":true,"href":"https:\/\/www.africanchallenges.com\/index.php?rest_route=%2Fwp%2Fv2%2Ftags&post=61838"}],"curies":[{"name":"wp","href":"https:\/\/api.w.org\/{rel}","templated":true}]}}