{"id":61821,"date":"2025-01-24T10:07:08","date_gmt":"2025-01-24T09:07:08","guid":{"rendered":"https:\/\/www.africanchallenges.com\/?p=61821"},"modified":"2025-01-24T10:07:33","modified_gmt":"2025-01-24T09:07:33","slug":"tunisie-le-president-de-la-republique-kais-saied-recoit-le-ministre-mauritanien-de-leconomie-et-des-finances-sid-ahmed-ould-bouh","status":"publish","type":"post","link":"https:\/\/www.africanchallenges.com\/?p=61821","title":{"rendered":"Tunisie : Le pr\u00e9sident de la R\u00e9publique, Ka\u00efs Sa\u00efed re\u00e7oit le ministre mauritanien de l\u2019\u00c9conomie et des Finances, Sid Ahmed Ould Bouh"},"content":{"rendered":"\n<p class=\"wp-block-paragraph\">Le pr\u00e9sident de la R\u00e9publique, Ka\u00efs Sa\u00efed, a accueilli, jeudi, au Palais de Carthage, le ministre mauritanien de l\u2019\u00c9conomie et des Finances, Sid Ahmed Ould Bouh, qui lui a remis un message \u00e9crit du pr\u00e9sident mauritanien, Mohamed Ould El-Ghazaouani.<\/p>\n\n\n\n<p class=\"wp-block-paragraph\">\u00c0 cette occasion, le pr\u00e9sident de la R\u00e9publique a soulign\u00e9 la solidit\u00e9 des relations entre les deux pays, r\u00e9affirmant la volont\u00e9 ferme de la Tunisie de renforcer ces relations privil\u00e9gi\u00e9es.<\/p>\n\n\n\n<p class=\"wp-block-paragraph\">D&rsquo;autre part, le chef de l\u2019\u00c9tat a abord\u00e9 les importants d\u00e9fis auxquels le continent africain est confront\u00e9 dans un monde en rapide mutation. Les pays africains doivent saisir l&rsquo;instant historique, a-t-il d\u00e9clar\u00e9, comme cit\u00e9 dans un communiqu\u00e9 de la pr\u00e9sidence.<\/p>\n\n\n\n<p class=\"wp-block-paragraph\">Il a ajout\u00e9 que le continent africain doit retrouver sa place naturelle sur l\u2019\u00e9chiquier mondial, effacer l&rsquo;impact des d\u00e9cennies de colonisation, de guerres et de conflits, et se consacrer \u00e0 la reconstruction, en s&rsquo;appuyant sur de nouvelles approches innovantes qui tiennent compte des sp\u00e9cificit\u00e9s africaines et refl\u00e8tent les aspirations de ses peuples.<\/p>\n\n\n\n<p class=\"wp-block-paragraph\">Les d\u00e9fis actuels auxquels l&rsquo;Afrique fait face, notamment sur les plans \u00e9conomique et social, ne peuvent \u00eatre relev\u00e9s de mani\u00e8re isol\u00e9e, a soutenu le pr\u00e9sident Sa\u00efed.<\/p>\n\n\n\n<p class=\"wp-block-paragraph\">Il a plaid\u00e9 pour une approche collective et solidaire, fond\u00e9e sur une r\u00e9flexion commune et des concepts innovants, afin de permettre aux pays africains d\u2019exploiter pleinement leurs ressources humaines et naturelles et de devenir des acteurs influents sur la sc\u00e8ne internationale.<\/p>\n\n\n\n<p class=\"wp-block-paragraph\">Le pr\u00e9sident Sa\u00efed a insist\u00e9 sur l&rsquo;attachement de la Tunisie \u00e0 son identit\u00e9 africaine, rappelant les souffrances des peuples africains dues \u00e0 l&rsquo;absence d&rsquo;une vision unificatrice capable de r\u00e9aliser le r\u00eave des p\u00e8res fondateurs de l\u2019Organisation de l\u2019Unit\u00e9 Africaine (OUA).<\/p>\n\n\n\n<p class=\"wp-block-paragraph\">Il a soulign\u00e9 l&rsquo;importance de tirer des le\u00e7ons du pass\u00e9, de r\u00e9parer ses erreurs, et de s&rsquo;engager \u00e0 relancer le d\u00e9veloppement sur le continent afin de construire un avenir meilleur pour les peuples africains.<\/p>\n\n\n\n<p class=\"wp-block-paragraph\">\u00c0 l&rsquo;issue de l&rsquo;entretien, l&rsquo;envoy\u00e9 sp\u00e9cial du pr\u00e9sident mauritanien a qualifi\u00e9 les relations bilat\u00e9rales de \u00ab\u00a0privil\u00e9gi\u00e9es\u00a0\u00bb, se f\u00e9licitant du soutien de la Tunisie \u00e0 la Mauritanie au sein des instances internationales.<\/p>\n","protected":false},"excerpt":{"rendered":"<p>Le pr\u00e9sident de la R\u00e9publique, Ka\u00efs Sa\u00efed, a accueilli, jeudi, au Palais de Carthage, le ministre mauritanien de l\u2019\u00c9conomie et des Finances, Sid Ahmed Ould Bouh, qui lui a remis un message \u00e9crit du pr\u00e9sident mauritanien, Mohamed Ould El-Ghazaouani. \u00c0 cette occasion, le pr\u00e9sident de la R\u00e9publique a soulign\u00e9 la solidit\u00e9 des relations entre les [&hellip;]<\/p>\n","protected":false},"author":4,"featured_media":61822,"comment_status":"open","ping_status":"closed","sticky":false,"template":"","format":"standard","meta":{"content-type":"","jnews-multi-image_gallery":[],"jnews_single_post":{"subtitle":"","format":"standard","video":"","gallery":"","source_name":"","source_url":"","via_name":"","via_url":"","override_template":"0","override":[{"template":"1","single_blog_custom":"","parallax":"1","fullscreen":"1","layout":"right-sidebar","sidebar":"default-sidebar","second_sidebar":"default-sidebar","sticky_sidebar":"1","share_position":"top","share_float_style":"share-monocrhome","show_share_counter":"1","show_view_counter":"1","show_featured":"1","show_post_meta":"1","show_post_author":"1","show_post_author_image":"1","show_post_date":"1","post_date_format":"default","post_date_format_custom":"Y\/m\/d","show_post_category":"1","show_post_reading_time":"0","post_reading_time_wpm":"300","show_zoom_button":"0","zoom_button_out_step":"2","zoom_button_in_step":"3","show_post_tag":"1","show_prev_next_post":"1","show_popup_post":"1","number_popup_post":"1","show_author_box":"0","show_post_related":"0","show_inline_post_related":"0"}],"override_image_size":"0","image_override":[{"single_post_thumbnail_size":"crop-500","single_post_gallery_size":"crop-500"}],"trending_post":"0","trending_post_position":"meta","trending_post_label":"Trending","sponsored_post":"0","sponsored_post_label":"Sponsored by","sponsored_post_name":"","sponsored_post_url":"","sponsored_post_logo_enable":"0","sponsored_post_logo":"","sponsored_post_desc":"","disable_ad":"0"},"jnews_primary_category":{"id":"","hide":""},"jnews_override_bookmark_settings":[],"jnews_review":[],"enable_review":"","type":"","name":"","summary":"","brand":"","sku":"","good":[],"bad":[],"score_override":"","override_value":"","rating":[],"price":[],"jnews_post_split":[],"footnotes":""},"categories":[2],"tags":[14336,3712,14411,4305,14410,5593,14409,54],"class_list":["post-61821","post","type-post","status-publish","format-standard","has-post-thumbnail","hentry","category-news-politique","tag-identite-africaine","tag-kais-saied-2","tag-la-mauritanie","tag-message","tag-mohamed-ould-el-ghazaouani","tag-pays-africains","tag-sid-ahmed-ould-bouh","tag-tunisie"],"_links":{"self":[{"href":"https:\/\/www.africanchallenges.com\/index.php?rest_route=\/wp\/v2\/posts\/61821","targetHints":{"allow":["GET"]}}],"collection":[{"href":"https:\/\/www.africanchallenges.com\/index.php?rest_route=\/wp\/v2\/posts"}],"about":[{"href":"https:\/\/www.africanchallenges.com\/index.php?rest_route=\/wp\/v2\/types\/post"}],"author":[{"embeddable":true,"href":"https:\/\/www.africanchallenges.com\/index.php?rest_route=\/wp\/v2\/users\/4"}],"replies":[{"embeddable":true,"href":"https:\/\/www.africanchallenges.com\/index.php?rest_route=%2Fwp%2Fv2%2Fcomments&post=61821"}],"version-history":[{"count":1,"href":"https:\/\/www.africanchallenges.com\/index.php?rest_route=\/wp\/v2\/posts\/61821\/revisions"}],"predecessor-version":[{"id":61823,"href":"https:\/\/www.africanchallenges.com\/index.php?rest_route=\/wp\/v2\/posts\/61821\/revisions\/61823"}],"wp:featuredmedia":[{"embeddable":true,"href":"https:\/\/www.africanchallenges.com\/index.php?rest_route=\/wp\/v2\/media\/61822"}],"wp:attachment":[{"href":"https:\/\/www.africanchallenges.com\/index.php?rest_route=%2Fwp%2Fv2%2Fmedia&parent=61821"}],"wp:term":[{"taxonomy":"category","embeddable":true,"href":"https:\/\/www.africanchallenges.com\/index.php?rest_route=%2Fwp%2Fv2%2Fcategories&post=61821"},{"taxonomy":"post_tag","embeddable":true,"href":"https:\/\/www.africanchallenges.com\/index.php?rest_route=%2Fwp%2Fv2%2Ftags&post=61821"}],"curies":[{"name":"wp","href":"https:\/\/api.w.org\/{rel}","templated":true}]}}