{"id":61672,"date":"2025-01-17T15:15:38","date_gmt":"2025-01-17T14:15:38","guid":{"rendered":"https:\/\/www.africanchallenges.com\/?p=61672"},"modified":"2025-01-17T15:15:39","modified_gmt":"2025-01-17T14:15:39","slug":"tunisie-italie-signature-daccords-pour-contribuer-a-la-realisation-de-la-securite-alimentaire","status":"publish","type":"post","link":"https:\/\/www.africanchallenges.com\/?p=61672","title":{"rendered":"Tunisie-Italie: Signature d&rsquo;accords pour contribuer \u00e0 la r\u00e9alisation de la s\u00e9curit\u00e9 alimentaire"},"content":{"rendered":"\n<p class=\"wp-block-paragraph\">Dans le cadre de sa visite de travail en Italie les 15 et 16 janvier 2025, M. Mohamed Ali Nafti, Ministre des Affaires \u00c9trang\u00e8res, de la Migration et des Tunisiens \u00e0 l\u2019\u00c9tranger, a rencontr\u00e9, dans l&rsquo;apr\u00e8s-midi du jeudi 16 janvier 2025, M. Qu Dongyu, Directeur G\u00e9n\u00e9ral de l&rsquo;Organisation des Nations Unies pour l&rsquo;Alimentation et l&rsquo;Agriculture (FAO).<\/p>\n\n\n\n<p class=\"wp-block-paragraph\">M. le Ministre a soulign\u00e9 l&rsquo;importance de renforcer le partenariat strat\u00e9gique existant entre la Tunisie et la FAO pour contribuer \u00e0 la r\u00e9alisation de la s\u00e9curit\u00e9 alimentaire, mettant en lumi\u00e8re les relations historiques qui lient la Tunisie \u00e0 cette organisation depuis les ann\u00e9es 1960. Il a \u00e9galement exprim\u00e9 l\u2019appr\u00e9ciation de la Tunisie pour les efforts d\u00e9ploy\u00e9s par la FAO et son r\u00f4le en tant que partenaire actif dans la lutte contre la faim et la r\u00e9alisation des Objectifs de D\u00e9veloppement Durable (ODD) \u00e0 l\u2019horizon 2030. M. le Ministre a r\u00e9affirm\u00e9, dans ce m\u00eame ordre d\u2019id\u00e9es, l&rsquo;estime de la Tunisie pour les r\u00e9alisations de la FAO au cours de son histoire et son aspiration \u00e0 participer \u00e0 des programmes plus cibl\u00e9s et efficaces pour atteindre les r\u00e9sultats escompt\u00e9s.<\/p>\n\n\n\n<p class=\"wp-block-paragraph\">\u00c0 cette occasion, il a renouvel\u00e9 le soutien de la Tunisie aux efforts de l\u2019organisation et de ses membres en vue d\u2019\u00e9tablir les bases d\u2019un monde plus juste et plus durable. Il a appel\u00e9 \u00e0 renforcer les m\u00e9canismes de coop\u00e9ration multilat\u00e9rale afin de faire face aux d\u00e9fis croissants tels que les changements climatiques, les crises sanitaires, les conflits arm\u00e9s et la raret\u00e9 des ressources hydrauliques, qui constituent des menaces pour la s\u00e9curit\u00e9 alimentaire de millions de personnes. Il a insist\u00e9, dans ce contexte, sur l\u2019importance d\u2019un effort collectif pour trouver des solutions ad\u00e9quates \u00e0 ces probl\u00e8mes. Dans ce cadre, il a rappel\u00e9 l\u2019initiative tunisienne visant \u00e0 placer l\u2019ann\u00e9e 2025 sous le th\u00e8me : \u00ab Renforcer l\u2019action multilat\u00e9rale et consolider la coop\u00e9ration et le partenariat avec le syst\u00e8me des Nations Unies \u00bb.<\/p>\n\n\n\n<p class=\"wp-block-paragraph\">De son c\u00f4t\u00e9, le Directeur G\u00e9n\u00e9ral de la FAO a exprim\u00e9 sa satisfaction quant au niveau de coop\u00e9ration avec la Tunisie, tout en insistant sur la n\u00e9cessit\u00e9 d\u2019unir les efforts pour faire face aux d\u00e9fis croissants. Il a \u00e9galement mis en avant l\u2019importance de promouvoir des pratiques agricoles durables et de renforcer la recherche et le d\u00e9veloppement dans les domaines li\u00e9s \u00e0 la s\u00e9curit\u00e9 alimentaire, ce qui requiert des expertises mondiales, que la Tunisie poss\u00e8de, pouvant constituer un atout majeur pour renforcer les initiatives de la FAO et am\u00e9liorer son efficacit\u00e9.<\/p>\n","protected":false},"excerpt":{"rendered":"<p>Dans le cadre de sa visite de travail en Italie les 15 et 16 janvier 2025, M. Mohamed Ali Nafti, Ministre des Affaires \u00c9trang\u00e8res, de la Migration et des Tunisiens \u00e0 l\u2019\u00c9tranger, a rencontr\u00e9, dans l&rsquo;apr\u00e8s-midi du jeudi 16 janvier 2025, M. Qu Dongyu, Directeur G\u00e9n\u00e9ral de l&rsquo;Organisation des Nations Unies pour l&rsquo;Alimentation et l&rsquo;Agriculture [&hellip;]<\/p>\n","protected":false},"author":4,"featured_media":61673,"comment_status":"open","ping_status":"closed","sticky":false,"template":"","format":"standard","meta":{"content-type":"","jnews-multi-image_gallery":[],"jnews_single_post":{"subtitle":"","format":"standard","video":"","gallery":"","source_name":"","source_url":"","via_name":"","via_url":"","override_template":"0","override":[{"template":"1","single_blog_custom":"","parallax":"1","fullscreen":"1","layout":"right-sidebar","sidebar":"default-sidebar","second_sidebar":"default-sidebar","sticky_sidebar":"1","share_position":"top","share_float_style":"share-monocrhome","show_share_counter":"1","show_view_counter":"1","show_featured":"1","show_post_meta":"1","show_post_author":"1","show_post_author_image":"1","show_post_date":"1","post_date_format":"default","post_date_format_custom":"Y\/m\/d","show_post_category":"1","show_post_reading_time":"0","post_reading_time_wpm":"300","show_zoom_button":"0","zoom_button_out_step":"2","zoom_button_in_step":"3","show_post_tag":"1","show_prev_next_post":"1","show_popup_post":"1","number_popup_post":"1","show_author_box":"0","show_post_related":"0","show_inline_post_related":"0"}],"override_image_size":"0","image_override":[{"single_post_thumbnail_size":"crop-500","single_post_gallery_size":"crop-500"}],"trending_post":"0","trending_post_position":"meta","trending_post_label":"Trending","sponsored_post":"0","sponsored_post_label":"Sponsored by","sponsored_post_name":"","sponsored_post_url":"","sponsored_post_logo_enable":"0","sponsored_post_logo":"","sponsored_post_desc":"","disable_ad":"0"},"jnews_primary_category":{"id":"","hide":""},"jnews_override_bookmark_settings":[],"jnews_review":[],"enable_review":"","type":"","name":"","summary":"","brand":"","sku":"","good":[],"bad":[],"score_override":"","override_value":"","rating":[],"price":[],"jnews_post_split":[],"footnotes":""},"categories":[2],"tags":[2306,3599,11034,54],"class_list":["post-61672","post","type-post","status-publish","format-standard","has-post-thumbnail","hentry","category-news-politique","tag-accords","tag-italie","tag-securite-alimentaire","tag-tunisie"],"_links":{"self":[{"href":"https:\/\/www.africanchallenges.com\/index.php?rest_route=\/wp\/v2\/posts\/61672","targetHints":{"allow":["GET"]}}],"collection":[{"href":"https:\/\/www.africanchallenges.com\/index.php?rest_route=\/wp\/v2\/posts"}],"about":[{"href":"https:\/\/www.africanchallenges.com\/index.php?rest_route=\/wp\/v2\/types\/post"}],"author":[{"embeddable":true,"href":"https:\/\/www.africanchallenges.com\/index.php?rest_route=\/wp\/v2\/users\/4"}],"replies":[{"embeddable":true,"href":"https:\/\/www.africanchallenges.com\/index.php?rest_route=%2Fwp%2Fv2%2Fcomments&post=61672"}],"version-history":[{"count":1,"href":"https:\/\/www.africanchallenges.com\/index.php?rest_route=\/wp\/v2\/posts\/61672\/revisions"}],"predecessor-version":[{"id":61674,"href":"https:\/\/www.africanchallenges.com\/index.php?rest_route=\/wp\/v2\/posts\/61672\/revisions\/61674"}],"wp:featuredmedia":[{"embeddable":true,"href":"https:\/\/www.africanchallenges.com\/index.php?rest_route=\/wp\/v2\/media\/61673"}],"wp:attachment":[{"href":"https:\/\/www.africanchallenges.com\/index.php?rest_route=%2Fwp%2Fv2%2Fmedia&parent=61672"}],"wp:term":[{"taxonomy":"category","embeddable":true,"href":"https:\/\/www.africanchallenges.com\/index.php?rest_route=%2Fwp%2Fv2%2Fcategories&post=61672"},{"taxonomy":"post_tag","embeddable":true,"href":"https:\/\/www.africanchallenges.com\/index.php?rest_route=%2Fwp%2Fv2%2Ftags&post=61672"}],"curies":[{"name":"wp","href":"https:\/\/api.w.org\/{rel}","templated":true}]}}