{"id":61591,"date":"2025-01-14T22:27:40","date_gmt":"2025-01-14T21:27:40","guid":{"rendered":"https:\/\/www.africanchallenges.com\/?p=61591"},"modified":"2025-01-14T22:28:06","modified_gmt":"2025-01-14T21:28:06","slug":"tunisie-le-secretaire-detat-charge-de-la-transition-energetique-sentretient-avec-le-secretaire-general-de-lorganisation-internationale-de-normalisation-iso-sergio-mujica","status":"publish","type":"post","link":"https:\/\/www.africanchallenges.com\/?p=61591","title":{"rendered":"\u00a0Tunisie :Le secr\u00e9taire d&rsquo;Etat charg\u00e9 de la transition \u00e9nerg\u00e9tique s&rsquo;entretient avec le secr\u00e9taire g\u00e9n\u00e9ral de l&rsquo;Organisation Internationale de Normalisation (ISO),  \u00ab\u00a0Sergio Mujica\u00a0\u00bb"},"content":{"rendered":"\n<p class=\"wp-block-paragraph\">\u00a0Le secr\u00e9taire d&rsquo;Etat charg\u00e9 de la transition \u00e9nerg\u00e9tique, M. Wael Chouchan, s&rsquo;est entretenu le mardi 14 janvier 2025 au si\u00e8ge du minist\u00e8re, avec le secr\u00e9taire g\u00e9n\u00e9ral de l&rsquo;Organisation Internationale de Normalisation (ISO), M. \u00ab\u00a0Sergio Mujica\u00a0\u00bb, en pr\u00e9sence du chef de cabinet, Mme Afef Chachi Tayari, et du directeur g\u00e9n\u00e9ral de l&rsquo;Institut National du cahier des charges et de la propri\u00e9t\u00e9 industrielle, M. Nafie boutiti.<\/p>\n\n\n\n<p class=\"wp-block-paragraph\">Au cours de cette r\u00e9union, ils ont discut\u00e9 des moyens de renforcer la coop\u00e9ration bilat\u00e9rale et d&rsquo;atteindre des objectifs communs entre notre pays et l&rsquo;organisation dans le domaine de la normalisation et de la qualit\u00e9, ce qui contribue \u00e0 l&rsquo;am\u00e9lioration des produits tunisiens conform\u00e9ment aux normes et sp\u00e9cifications internationales.<\/p>\n\n\n\n<p class=\"wp-block-paragraph\">Ils ont \u00e9galement discut\u00e9 des perspectives des m\u00e9canismes d&rsquo;innovation et de l&rsquo;utilisation des technologies modernes dans le secteur industriel et dans l&rsquo;accompagnement de la transition \u00e9nerg\u00e9tique et la r\u00e9alisation du d\u00e9veloppement durable.<\/p>\n\n\n\n<p class=\"wp-block-paragraph\">Il est \u00e0 noter que cette rencontre s&rsquo;inscrit dans le cadre de la visite en cours du secr\u00e9taire g\u00e9n\u00e9ral de l&rsquo;Organisation Internationale de Normalisation en Tunisie.<\/p>\n","protected":false},"excerpt":{"rendered":"<p>\u00a0Le secr\u00e9taire d&rsquo;Etat charg\u00e9 de la transition \u00e9nerg\u00e9tique, M. Wael Chouchan, s&rsquo;est entretenu le mardi 14 janvier 2025 au si\u00e8ge du minist\u00e8re, avec le secr\u00e9taire g\u00e9n\u00e9ral de l&rsquo;Organisation Internationale de Normalisation (ISO), M. \u00ab\u00a0Sergio Mujica\u00a0\u00bb, en pr\u00e9sence du chef de cabinet, Mme Afef Chachi Tayari, et du directeur g\u00e9n\u00e9ral de l&rsquo;Institut National du cahier des [&hellip;]<\/p>\n","protected":false},"author":4,"featured_media":61592,"comment_status":"open","ping_status":"closed","sticky":false,"template":"","format":"standard","meta":{"content-type":"","jnews-multi-image_gallery":[],"jnews_single_post":{"subtitle":"","format":"standard","video":"","gallery":"","source_name":"","source_url":"","via_name":"","via_url":"","override_template":"0","override":[{"template":"1","single_blog_custom":"","parallax":"1","fullscreen":"1","layout":"right-sidebar","sidebar":"default-sidebar","second_sidebar":"default-sidebar","sticky_sidebar":"1","share_position":"top","share_float_style":"share-monocrhome","show_share_counter":"1","show_view_counter":"1","show_featured":"1","show_post_meta":"1","show_post_author":"1","show_post_author_image":"1","show_post_date":"1","post_date_format":"default","post_date_format_custom":"Y\/m\/d","show_post_category":"1","show_post_reading_time":"0","post_reading_time_wpm":"300","show_zoom_button":"0","zoom_button_out_step":"2","zoom_button_in_step":"3","show_post_tag":"1","show_prev_next_post":"1","show_popup_post":"1","number_popup_post":"1","show_author_box":"0","show_post_related":"0","show_inline_post_related":"0"}],"override_image_size":"0","image_override":[{"single_post_thumbnail_size":"crop-500","single_post_gallery_size":"crop-500"}],"trending_post":"0","trending_post_position":"meta","trending_post_label":"Trending","sponsored_post":"0","sponsored_post_label":"Sponsored by","sponsored_post_name":"","sponsored_post_url":"","sponsored_post_logo_enable":"0","sponsored_post_logo":"","sponsored_post_desc":"","disable_ad":"0"},"jnews_primary_category":{"id":"","hide":""},"jnews_override_bookmark_settings":[],"jnews_review":[],"enable_review":"","type":"","name":"","summary":"","brand":"","sku":"","good":[],"bad":[],"score_override":"","override_value":"","rating":[],"price":[],"jnews_post_split":[],"footnotes":""},"categories":[2],"tags":[298,14327,14325],"class_list":["post-61591","post","type-post","status-publish","format-standard","has-post-thumbnail","hentry","category-news-politique","tag-cooperation","tag-lorganisation-internationale-de-normalisation","tag-wael-chouchan"],"_links":{"self":[{"href":"https:\/\/www.africanchallenges.com\/index.php?rest_route=\/wp\/v2\/posts\/61591","targetHints":{"allow":["GET"]}}],"collection":[{"href":"https:\/\/www.africanchallenges.com\/index.php?rest_route=\/wp\/v2\/posts"}],"about":[{"href":"https:\/\/www.africanchallenges.com\/index.php?rest_route=\/wp\/v2\/types\/post"}],"author":[{"embeddable":true,"href":"https:\/\/www.africanchallenges.com\/index.php?rest_route=\/wp\/v2\/users\/4"}],"replies":[{"embeddable":true,"href":"https:\/\/www.africanchallenges.com\/index.php?rest_route=%2Fwp%2Fv2%2Fcomments&post=61591"}],"version-history":[{"count":2,"href":"https:\/\/www.africanchallenges.com\/index.php?rest_route=\/wp\/v2\/posts\/61591\/revisions"}],"predecessor-version":[{"id":61594,"href":"https:\/\/www.africanchallenges.com\/index.php?rest_route=\/wp\/v2\/posts\/61591\/revisions\/61594"}],"wp:featuredmedia":[{"embeddable":true,"href":"https:\/\/www.africanchallenges.com\/index.php?rest_route=\/wp\/v2\/media\/61592"}],"wp:attachment":[{"href":"https:\/\/www.africanchallenges.com\/index.php?rest_route=%2Fwp%2Fv2%2Fmedia&parent=61591"}],"wp:term":[{"taxonomy":"category","embeddable":true,"href":"https:\/\/www.africanchallenges.com\/index.php?rest_route=%2Fwp%2Fv2%2Fcategories&post=61591"},{"taxonomy":"post_tag","embeddable":true,"href":"https:\/\/www.africanchallenges.com\/index.php?rest_route=%2Fwp%2Fv2%2Ftags&post=61591"}],"curies":[{"name":"wp","href":"https:\/\/api.w.org\/{rel}","templated":true}]}}