{"id":61501,"date":"2025-01-12T14:18:47","date_gmt":"2025-01-12T13:18:47","guid":{"rendered":"https:\/\/www.africanchallenges.com\/?p=61501"},"modified":"2025-01-12T14:30:17","modified_gmt":"2025-01-12T13:30:17","slug":"tunisie-un-atelier-dedie-a-levaluation-de-lutilisation-des-outils-proposes-dans-le-manuel-de-reference-organisant-lactivite-des-coordinateurs-regionaux-de-lutte-contre-les-violences-faites-au","status":"publish","type":"post","link":"https:\/\/www.africanchallenges.com\/?p=61501","title":{"rendered":"Tunisie: Un atelier d\u00e9di\u00e9 \u00e0 \u00ab\u00a0l&rsquo;\u00e9valuation de l&rsquo;utilisation des outils propos\u00e9s dans le manuel de r\u00e9f\u00e9rence organisant l&rsquo;activit\u00e9 des coordinateurs r\u00e9gionaux de lutte contre les violences faites aux femmes\u00a0\u00bb"},"content":{"rendered":"\n<p class=\"wp-block-paragraph\">L&rsquo;Observatoire national des violences faires aux femmes a organis\u00e9 le vendredi 10 janvier 2025, sous la tutelle du Minist\u00e8re de la famille, de la femme, de l&rsquo;enfance et des personnes \u00e2g\u00e9es, un atelier d\u00e9di\u00e9 \u00e0 \u00ab\u00a0l&rsquo;\u00e9valuation de l&rsquo;utilisation des outils propos\u00e9s dans le manuel de r\u00e9f\u00e9rence organisant l&rsquo;activit\u00e9 des coordinateurs r\u00e9gionaux de lutte contre les violences faites aux femmes\u00a0\u00bb.<\/p>\n\n\n\n<p class=\"wp-block-paragraph\">Le s\u00e9minaire comprenait des ateliers interactifs via les m\u00e9dias num\u00e9riques pour les outils inclus dans le manuel de r\u00e9f\u00e9rence organisant une activit\u00e9 pour les coordinateurs r\u00e9gionaux de lutte contre la violence \u00e0 l&rsquo;\u00e9gard des femmes, tels que le r\u00e8glement int\u00e9rieur, les fiches de t\u00e2ches, le plan et la programmation annuelle des coordinateurs r\u00e9gionaux, la carte r\u00e9gionale des structures concern\u00e9es par la prise en charge et l&rsquo;accompagnement des femmes victimes de violence et la carte d&rsquo;engagement conjoint.<\/p>\n\n\n\n<p class=\"wp-block-paragraph\">&nbsp;Au cours de cet atelier, la performance des organes de coordination r\u00e9gionaux a \u00e9t\u00e9 analys\u00e9e et \u00e9valu\u00e9e \u00e0 l&rsquo;aide de la technique du questionnaire et de l&rsquo;interaction directe \u00e0 travers une pr\u00e9sentation en temps r\u00e9el des r\u00e9sultats du questionnaire, afin d&rsquo;identifier les moyens d&rsquo;am\u00e9liorer l&rsquo;utilisation des outils propos\u00e9s dans le guide de r\u00e9f\u00e9rence et d&rsquo;accro\u00eetre leur impact, en plus d&rsquo;\u00e9changer des exp\u00e9riences et d&rsquo;approfondir la coop\u00e9ration entre les diff\u00e9rents organes de coordination.<\/p>\n\n\n\n<p class=\"wp-block-paragraph\">L&rsquo;atelier s&rsquo;est tenu avec la participation de Mme Lamia Habassi, charg\u00e9e de la direction G\u00e9n\u00e9rale de l&rsquo; Observatoire National pour la Lutte contre les Violences Faites aux Femmes, de Mme Amira &nbsp;Tlili, repr\u00e9sentante de l\u2019Organisation de coop\u00e9ration et de d\u00e9veloppement \u00e9conomiques, d&rsquo;un certain nombre d&rsquo;experts en la mati\u00e8re, de d\u00e9l\u00e9gu\u00e9s r\u00e9gionaux, des cadres des d\u00e9l\u00e9gations r\u00e9gionales pour la famille et les Affaires f\u00e9minines, et des membres des coordinateurs r\u00e9gionaux de lutte contre les violences faites aux femmes dans les gouvernorats de Tunis, Ariana, Manouba, Ben Arous, Nabeul, Zaghouan, Bizerte et Baja.<\/p>\n\n\n\n<p class=\"wp-block-paragraph\">Cet atelier a \u00e9t\u00e9 organis\u00e9 en coop\u00e9ration avec l&rsquo;Organisation de Coop\u00e9ration et de d\u00e9veloppement \u00c9conomiques et avec le soutien de l&rsquo;Ambassade britannique en Tunisie, dans le cadre du programme de renforcement des interventions des coordinateurs r\u00e9gionaux de lutte contre la violence \u00e0 l&rsquo;\u00e9gard des femmes dans la mise en \u0153uvre des exigences de la Loi n \u00b0 58 de 2017 sur l&rsquo;\u00e9limination de la violence \u00e0 l&rsquo;\u00e9gard des femmes, et afin de soutenir et d&rsquo;accompagner les coordinateurs r\u00e9gionaux dans leurs efforts de lutte contre la violence \u00e0 l&rsquo;\u00e9gard des femmes.<\/p>\n","protected":false},"excerpt":{"rendered":"<p>L&rsquo;Observatoire national des violences faires aux femmes a organis\u00e9 le vendredi 10 janvier 2025, sous la tutelle du Minist\u00e8re de la famille, de la femme, de l&rsquo;enfance et des personnes \u00e2g\u00e9es, un atelier d\u00e9di\u00e9 \u00e0 \u00ab\u00a0l&rsquo;\u00e9valuation de l&rsquo;utilisation des outils propos\u00e9s dans le manuel de r\u00e9f\u00e9rence organisant l&rsquo;activit\u00e9 des coordinateurs r\u00e9gionaux de lutte contre les [&hellip;]<\/p>\n","protected":false},"author":4,"featured_media":61502,"comment_status":"open","ping_status":"closed","sticky":false,"template":"","format":"standard","meta":{"content-type":"","jnews-multi-image_gallery":[],"jnews_single_post":{"subtitle":"","format":"standard","video":"","gallery":"","source_name":"","source_url":"","via_name":"","via_url":"","override_template":"0","override":[{"template":"1","single_blog_custom":"","parallax":"1","fullscreen":"1","layout":"right-sidebar","sidebar":"default-sidebar","second_sidebar":"default-sidebar","sticky_sidebar":"1","share_position":"top","share_float_style":"share-monocrhome","show_share_counter":"1","show_view_counter":"1","show_featured":"1","show_post_meta":"1","show_post_author":"1","show_post_author_image":"1","show_post_date":"1","post_date_format":"default","post_date_format_custom":"Y\/m\/d","show_post_category":"1","show_post_reading_time":"0","post_reading_time_wpm":"300","show_zoom_button":"0","zoom_button_out_step":"2","zoom_button_in_step":"3","show_post_tag":"1","show_prev_next_post":"1","show_popup_post":"1","number_popup_post":"1","show_author_box":"0","show_post_related":"0","show_inline_post_related":"0"}],"override_image_size":"0","image_override":[{"single_post_thumbnail_size":"crop-500","single_post_gallery_size":"crop-500"}],"trending_post":"0","trending_post_position":"meta","trending_post_label":"Trending","sponsored_post":"0","sponsored_post_label":"Sponsored by","sponsored_post_name":"","sponsored_post_url":"","sponsored_post_logo_enable":"0","sponsored_post_logo":"","sponsored_post_desc":"","disable_ad":"0"},"jnews_primary_category":{"id":"","hide":""},"jnews_override_bookmark_settings":[],"jnews_review":[],"enable_review":"","type":"","name":"","summary":"","brand":"","sku":"","good":[],"bad":[],"score_override":"","override_value":"","rating":[],"price":[],"jnews_post_split":[],"footnotes":""},"categories":[44,2],"tags":[6771,14280,3954,14278,14279,5785],"class_list":["post-61501","post","type-post","status-publish","format-standard","has-post-thumbnail","hentry","category-femme","category-news-politique","tag-atelier","tag-coordinateurs-regionaux","tag-femmes","tag-lobservatoire-national-des-violences-faires-aux-femmes","tag-manuel-de-reference","tag-violences"],"_links":{"self":[{"href":"https:\/\/www.africanchallenges.com\/index.php?rest_route=\/wp\/v2\/posts\/61501","targetHints":{"allow":["GET"]}}],"collection":[{"href":"https:\/\/www.africanchallenges.com\/index.php?rest_route=\/wp\/v2\/posts"}],"about":[{"href":"https:\/\/www.africanchallenges.com\/index.php?rest_route=\/wp\/v2\/types\/post"}],"author":[{"embeddable":true,"href":"https:\/\/www.africanchallenges.com\/index.php?rest_route=\/wp\/v2\/users\/4"}],"replies":[{"embeddable":true,"href":"https:\/\/www.africanchallenges.com\/index.php?rest_route=%2Fwp%2Fv2%2Fcomments&post=61501"}],"version-history":[{"count":2,"href":"https:\/\/www.africanchallenges.com\/index.php?rest_route=\/wp\/v2\/posts\/61501\/revisions"}],"predecessor-version":[{"id":61504,"href":"https:\/\/www.africanchallenges.com\/index.php?rest_route=\/wp\/v2\/posts\/61501\/revisions\/61504"}],"wp:featuredmedia":[{"embeddable":true,"href":"https:\/\/www.africanchallenges.com\/index.php?rest_route=\/wp\/v2\/media\/61502"}],"wp:attachment":[{"href":"https:\/\/www.africanchallenges.com\/index.php?rest_route=%2Fwp%2Fv2%2Fmedia&parent=61501"}],"wp:term":[{"taxonomy":"category","embeddable":true,"href":"https:\/\/www.africanchallenges.com\/index.php?rest_route=%2Fwp%2Fv2%2Fcategories&post=61501"},{"taxonomy":"post_tag","embeddable":true,"href":"https:\/\/www.africanchallenges.com\/index.php?rest_route=%2Fwp%2Fv2%2Ftags&post=61501"}],"curies":[{"name":"wp","href":"https:\/\/api.w.org\/{rel}","templated":true}]}}