{"id":61467,"date":"2025-01-11T12:37:14","date_gmt":"2025-01-11T11:37:14","guid":{"rendered":"https:\/\/www.africanchallenges.com\/?p=61467"},"modified":"2025-01-13T08:51:30","modified_gmt":"2025-01-13T07:51:30","slug":"anne-gueguen-ambassadrice-de-france-en-tunisie-adresse-ses-voeux-a-tous-les-medias-tunisiens-ainsi-quaux-correspondants-de-la-presse-internationale-a-loccasion-de-la-nouvelle-annee-2025","status":"publish","type":"post","link":"https:\/\/www.africanchallenges.com\/?p=61467","title":{"rendered":"Anne Gu\u00e9guen, ambassadrice de France en Tunisie adresse ses v\u0153ux \u00e0 tous les m\u00e9dias tunisiens ainsi qu&rsquo;aux correspondants de la presse internationale, \u00e0 l\u2019occasion de la nouvelle ann\u00e9e 2025"},"content":{"rendered":"\n<p class=\"wp-block-paragraph\">A l\u2019occasion de la nouvelle ann\u00e9e 2025,  Anne Gu\u00e9guen, ambassadrice de France en Tunisie, a tenu une r\u00e9ception le vendredi 10 janvier 2025 \u00e0 la r\u00e9sidence temporaire de la Marsa pour adresser ses v\u0153ux \u00e0 tous les m\u00e9dias tunisiens ainsi qu&rsquo;aux correspondants de la presse internationale en Tunisie.<\/p>\n\n\n\n<p class=\"wp-block-paragraph\">La diplomate fran\u00e7aise a abord\u00e9 la th\u00e9matique de l&rsquo;amiti\u00e9 entre les deux pays, mettant en avant son importance cruciale pour consolider la relation tuniso-fran\u00e7aise. Elle a pass\u00e9 en revue les projets en Tunisie et d&rsquo;autres qui sont en cours actuellement.<\/p>\n\n\n\n<p class=\"wp-block-paragraph\">Elle a mentionn\u00e9 son retour de Paris, o\u00f9 elle \u00e9tait pr\u00e9sente lors de la trentaine conf\u00e9rence d&rsquo;ambassadeurs et ambassadrices. Gu\u00e9guen a mis en exergue que cet \u00e9v\u00e9nement, initi\u00e9 par Alain Jupp\u00e9 il y a trente ans, repr\u00e9sente une p\u00e9riode cruciale pour la diplomatie fran\u00e7aise.<\/p>\n\n\n\n<p class=\"wp-block-paragraph\">Anne Gu\u00e9guen a ajout\u00e9 : \u00ab Je suis tr\u00e8s heureuse de vous retrouver aujourd\u2019hui pour ce moment d\u2019\u00e9change et de convivialit\u00e9, ce moment d\u2019amiti\u00e9.&nbsp; \u00bb<\/p>\n\n\n\n<p class=\"wp-block-paragraph\">Par la suite, elle a mentionn\u00e9 que l&rsquo;ann\u00e9e 2024 a \u00e9t\u00e9 exceptionnelle, marqu\u00e9e par des exploits sportifs notables pour la Tunisie, surtout lors des Jeux Olympiques de Paris. Les sportifs tunisiens ont acquis trois m\u00e9dailles olympiques et onze m\u00e9dailles paralympiques.<br><br>Suite \u00e0 la c\u00e9l\u00e9bration de ces r\u00e9ussites sportives, elle a aussi trait\u00e9 des questions \u00e9conomiques en d\u00e9clarant que \u00ab la France est largement le premier investisseur en Tunisie \u00bb et que presque un quart des exportations tunisiennes se font vers la France. Les transactions entre ces deux pays ont d\u00e9pass\u00e9 les 12 milliards d&rsquo;euros au total, la Tunisie enregistrant un surplus commercial de plus de 3 milliards d&rsquo;euros.<\/p>\n\n\n\n<p class=\"wp-block-paragraph\">Anne Gu\u00e9guen a soulign\u00e9 que cet exc\u00e9dent joue un r\u00f4le crucial dans la cr\u00e9ation de richesses et d\u2019emlpois en Tunisie.<\/p>\n\n\n\n<p class=\"wp-block-paragraph\">L&rsquo;Ambassadrice a aussi fait r\u00e9f\u00e9rence aux investissements fran\u00e7ais en Tunisie dans des secteurs essentiels comme la transition \u00e9cologique et \u00e9nerg\u00e9tique. \u00ab Les soci\u00e9t\u00e9s fran\u00e7aises continuent de se tourner vers la Tunisie en investissant de mani\u00e8re qualitative en 2024, contribuant ainsi \u00e0 la transition \u00e9nerg\u00e9tique \u00bb, a-t-elle pr\u00e9cis\u00e9.<br><br>En ce qui concerne la coop\u00e9ration culturelle, la diplomate fran\u00e7aise a \u00e9voqu\u00e9 l&rsquo;inauguration de l&rsquo;Institut fran\u00e7ais de Sousse et l&rsquo;exposition Salammb\u00f4 de Flaubert \u00e0 Carthage, attirant plus de 25 000 visiteurs sur une p\u00e9riode de trois mois. Elle a encourag\u00e9 ceux qui ne l&rsquo;ont pas encore vu \u00e0 assister \u00e0 cette exposition avant son terme (le dernier jour est pr\u00e9vu pour le dimanche 12 janvier 2025).<\/p>\n\n\n\n<p class=\"wp-block-paragraph\">Gu\u00e9guen a \u00e9galement soulign\u00e9 le r\u00f4le crucial du multilinguisme en mati\u00e8re d&rsquo;\u00e9ducation en Tunisie : \u00ab Le multilinguisme est une opportunit\u00e9 \u00bb, soutenant que le soutien aux \u00e9l\u00e8ves et aux professeurs de fran\u00e7ais et d&rsquo;arabe est primordial.<br><br>En conclusion de son discours, elle a fait part de sa reconnaissance pour le travail des journalistes : \u00ab Le journalisme est un combat. \u00bb Elle a mis en exergue le r\u00f4le vital des m\u00e9dias dans la promotion d&rsquo;informations fiables et autonomes, indispensables \u00e0 la dynamique sociale.<\/p>\n\n\n\n<p class=\"wp-block-paragraph\">Elle a \u00e9voqu\u00e9 la coop\u00e9ration \u00e9ducative, universitaire ( 14 000 \u00e9tudiants tunisiens ), scientifiques, culturelles\u00a0 environnementale, \u00e9conomique et notamment en mati\u00e8re de la d\u00e9fense et la \u00a0s\u00e9curit\u00e9.<\/p>\n\n\n\n<p class=\"wp-block-paragraph\">La diplomate a soulign\u00e9 que cette ann\u00e9e est marqu\u00e9e par le 30e anniversaire de l\u2019accord &nbsp;d&rsquo;association entre l&rsquo;Union europ\u00e9enne et la Tunisie (le 17 juillet 1995), un moment id\u00e9al pour intensifier les collaborations bilat\u00e9rales sur des probl\u00e9matiques essentielles comme l&rsquo;acc\u00e8s \u00e0 une \u00e9nergie \u00e9cologique et abordable, en plus de combattre les pand\u00e9mies et pr\u00e9server l&rsquo;environnement.<\/p>\n\n\n\n<p class=\"wp-block-paragraph\">Anne Gu\u00e9guen &nbsp;a expos\u00e9 le programme de 2025 et les manifestations majeures, tout comme le 2\u00e8me Forum Afrique &#8211; France de la Transition Ecologique &amp; Energ\u00e9tique qui se tiendra en Tunisie du 23 au 24 avril 2025.<\/p>\n\n\n\n<p class=\"wp-block-paragraph\">L\u2019Ambassadrice a fait part du soutien de la France pour la stabilit\u00e9 et la paix au Proche-Orient, en se pr\u00e9parant pour une conf\u00e9rence \u00e0 New York en partenariat avec l&rsquo;Arabie Saoudite sur l&rsquo;\u00e9tablissement d&rsquo;un \u00c9tat palestinien dans le but de maintenir la paix et la s\u00e9curit\u00e9 dans la &nbsp;r\u00e9gion.<\/p>\n\n\n\n<p class=\"wp-block-paragraph\">La diplomate a appel\u00e9 \u00e0 la solidarit\u00e9 avec les personnes qui souffrent et elle a rendu hommage aux journalistes d\u00e9c\u00e9d\u00e9s en 2024.<\/p>\n\n\n\n<figure class=\"wp-block-embed is-type-video is-provider-youtube wp-block-embed-youtube wp-embed-aspect-16-9 wp-has-aspect-ratio\"><div class=\"wp-block-embed__wrapper\">\n<div class=\"jeg_video_container jeg_video_content\"><iframe title=\"Discours de Son Excellence , Anne Gu\u00e9guen, Ambassadrice de France En Tunisie\" width=\"500\" height=\"281\" src=\"https:\/\/www.youtube.com\/embed\/06HSTDoojTE?feature=oembed\" frameborder=\"0\" allow=\"accelerometer; autoplay; clipboard-write; encrypted-media; gyroscope; picture-in-picture; web-share\" referrerpolicy=\"strict-origin-when-cross-origin\" allowfullscreen><\/iframe><\/div>\n<\/div><\/figure>\n","protected":false},"excerpt":{"rendered":"<p>A l\u2019occasion de la nouvelle ann\u00e9e 2025, Anne Gu\u00e9guen, ambassadrice de France en Tunisie, a tenu une r\u00e9ception le vendredi 10 janvier 2025 \u00e0 la r\u00e9sidence temporaire de la Marsa pour adresser ses v\u0153ux \u00e0 tous les m\u00e9dias tunisiens ainsi qu&rsquo;aux correspondants de la presse internationale en Tunisie. La diplomate fran\u00e7aise a abord\u00e9 la th\u00e9matique [&hellip;]<\/p>\n","protected":false},"author":3,"featured_media":61468,"comment_status":"open","ping_status":"closed","sticky":false,"template":"","format":"standard","meta":{"content-type":"","jnews-multi-image_gallery":[],"jnews_single_post":{"subtitle":"","format":"standard","video":"","gallery":"","source_name":"","source_url":"","via_name":"","via_url":"","override_template":"0","override":[{"template":"1","single_blog_custom":"","parallax":"1","fullscreen":"1","layout":"right-sidebar","sidebar":"default-sidebar","second_sidebar":"default-sidebar","sticky_sidebar":"1","share_position":"top","share_float_style":"share-monocrhome","show_share_counter":"1","show_view_counter":"1","show_featured":"1","show_post_meta":"1","show_post_author":"1","show_post_author_image":"1","show_post_date":"1","post_date_format":"default","post_date_format_custom":"Y\/m\/d","show_post_category":"1","show_post_reading_time":"0","post_reading_time_wpm":"300","show_zoom_button":"0","zoom_button_out_step":"2","zoom_button_in_step":"3","show_post_tag":"1","show_prev_next_post":"1","show_popup_post":"1","number_popup_post":"1","show_author_box":"0","show_post_related":"0","show_inline_post_related":"0"}],"override_image_size":"0","image_override":[{"single_post_thumbnail_size":"crop-500","single_post_gallery_size":"crop-500"}],"trending_post":"0","trending_post_position":"meta","trending_post_label":"Trending","sponsored_post":"0","sponsored_post_label":"Sponsored by","sponsored_post_name":"","sponsored_post_url":"","sponsored_post_logo_enable":"0","sponsored_post_logo":"","sponsored_post_desc":"","disable_ad":"0"},"jnews_primary_category":{"id":"","hide":""},"jnews_override_bookmark_settings":[],"jnews_review":[],"enable_review":"","type":"","name":"","summary":"","brand":"","sku":"","good":[],"bad":[],"score_override":"","override_value":"","rating":[],"price":[],"jnews_post_split":[],"footnotes":""},"categories":[2],"tags":[11523,14274,14275,14276,6835],"class_list":["post-61467","post","type-post","status-publish","format-standard","has-post-thumbnail","hentry","category-news-politique","tag-anne-gueguen-2","tag-annee-2025","tag-medias-tunisiens-2","tag-presse-internationale","tag-voeux-2"],"_links":{"self":[{"href":"https:\/\/www.africanchallenges.com\/index.php?rest_route=\/wp\/v2\/posts\/61467","targetHints":{"allow":["GET"]}}],"collection":[{"href":"https:\/\/www.africanchallenges.com\/index.php?rest_route=\/wp\/v2\/posts"}],"about":[{"href":"https:\/\/www.africanchallenges.com\/index.php?rest_route=\/wp\/v2\/types\/post"}],"author":[{"embeddable":true,"href":"https:\/\/www.africanchallenges.com\/index.php?rest_route=\/wp\/v2\/users\/3"}],"replies":[{"embeddable":true,"href":"https:\/\/www.africanchallenges.com\/index.php?rest_route=%2Fwp%2Fv2%2Fcomments&post=61467"}],"version-history":[{"count":18,"href":"https:\/\/www.africanchallenges.com\/index.php?rest_route=\/wp\/v2\/posts\/61467\/revisions"}],"predecessor-version":[{"id":61527,"href":"https:\/\/www.africanchallenges.com\/index.php?rest_route=\/wp\/v2\/posts\/61467\/revisions\/61527"}],"wp:featuredmedia":[{"embeddable":true,"href":"https:\/\/www.africanchallenges.com\/index.php?rest_route=\/wp\/v2\/media\/61468"}],"wp:attachment":[{"href":"https:\/\/www.africanchallenges.com\/index.php?rest_route=%2Fwp%2Fv2%2Fmedia&parent=61467"}],"wp:term":[{"taxonomy":"category","embeddable":true,"href":"https:\/\/www.africanchallenges.com\/index.php?rest_route=%2Fwp%2Fv2%2Fcategories&post=61467"},{"taxonomy":"post_tag","embeddable":true,"href":"https:\/\/www.africanchallenges.com\/index.php?rest_route=%2Fwp%2Fv2%2Ftags&post=61467"}],"curies":[{"name":"wp","href":"https:\/\/api.w.org\/{rel}","templated":true}]}}