{"id":61354,"date":"2025-01-02T19:41:37","date_gmt":"2025-01-02T18:41:37","guid":{"rendered":"https:\/\/www.africanchallenges.com\/?p=61354"},"modified":"2025-01-02T19:47:01","modified_gmt":"2025-01-02T18:47:01","slug":"tunisie-promouvoir-la-cooperation-tuniso-algerienne","status":"publish","type":"post","link":"https:\/\/www.africanchallenges.com\/?p=61354","title":{"rendered":"Tunisie : Promouvoir la coop\u00e9ration Tuniso-Alg\u00e9rienne"},"content":{"rendered":"\n<p class=\"wp-block-paragraph\">Le Ministre des Affaires \u00c9trang\u00e8res, de la Migration et des Tunisiens \u00e0 l&rsquo;\u00c9tranger, M. Mohamed Ali Nafti, a re\u00e7u ce jeudi 2 janvier 2025, un appel t\u00e9l\u00e9phonique de son homologue alg\u00e9rien, M. Ahmed Attaf, Ministre d&rsquo;\u00c9tat, Ministre des Affaires \u00c9trang\u00e8res, de la Communaut\u00e9 Nationale \u00e0 l&rsquo;\u00c9tranger et des Affaires Africaines, au cours duquel ils ont \u00e9chang\u00e9 leurs v\u0153ux \u00e0 l\u2019occasion de la nouvelle ann\u00e9e administrative.<\/p>\n\n\n\n<p class=\"wp-block-paragraph\">Les deux Ministres ont r\u00e9affirm\u00e9, \u00e0 cette occasion, l\u2019attachement des deux pays \u00e0 renforcer davantage leurs relations de fraternit\u00e9 et de coop\u00e9ration bilat\u00e9rale, ainsi qu\u2019\u00e0 consolider la concertation et la coordination sur les diverses questions d\u2019int\u00e9r\u00eat commun, notamment celles relatives \u00e0 la r\u00e9gion Arabe.<\/p>\n\n\n\n<p class=\"wp-block-paragraph\">\u00c0 cette occasion, le Ministre alg\u00e9rien a inform\u00e9 M. Mohamed Ali Nafti du programme de travail de l\u2019Alg\u00e9rie dans le cadre de sa pr\u00e9sidence du Conseil de S\u00e9curit\u00e9 pour le mois de janvier 2025.<\/p>\n\n\n\n<p class=\"wp-block-paragraph\">Pour sa part, M. le Ministre a exprim\u00e9, \u00e0 cet \u00e9gard, l\u2019estime de la Tunisie pour les efforts d\u00e9ploy\u00e9s par l\u2019Alg\u00e9rie au sein du Conseil de S\u00e9curit\u00e9 au service de la paix et de la s\u00e9curit\u00e9 internationales ainsi que des causes arabes et africaines. Il a \u00e9galement adress\u00e9 ses v\u0153ux de succ\u00e8s \u00e0 l\u2019Alg\u00e9rie pour sa pr\u00e9sidence du Conseil et pour la poursuite de son r\u00f4le constructif durant la p\u00e9riode restante de son mandat au sein de cette instance.<\/p>\n","protected":false},"excerpt":{"rendered":"<p>Le Ministre des Affaires \u00c9trang\u00e8res, de la Migration et des Tunisiens \u00e0 l&rsquo;\u00c9tranger, M. Mohamed Ali Nafti, a re\u00e7u ce jeudi 2 janvier 2025, un appel t\u00e9l\u00e9phonique de son homologue alg\u00e9rien, M. Ahmed Attaf, Ministre d&rsquo;\u00c9tat, Ministre des Affaires \u00c9trang\u00e8res, de la Communaut\u00e9 Nationale \u00e0 l&rsquo;\u00c9tranger et des Affaires Africaines, au cours duquel ils ont [&hellip;]<\/p>\n","protected":false},"author":4,"featured_media":61355,"comment_status":"open","ping_status":"closed","sticky":false,"template":"","format":"standard","meta":{"content-type":"","jnews-multi-image_gallery":[],"jnews_single_post":{"subtitle":"","format":"standard","video":"","gallery":"","source_name":"","source_url":"","via_name":"","via_url":"","override_template":"0","override":[{"template":"1","single_blog_custom":"","parallax":"1","fullscreen":"1","layout":"right-sidebar","sidebar":"default-sidebar","second_sidebar":"default-sidebar","sticky_sidebar":"1","share_position":"top","share_float_style":"share-monocrhome","show_share_counter":"1","show_view_counter":"1","show_featured":"1","show_post_meta":"1","show_post_author":"1","show_post_author_image":"1","show_post_date":"1","post_date_format":"default","post_date_format_custom":"Y\/m\/d","show_post_category":"1","show_post_reading_time":"0","post_reading_time_wpm":"300","show_zoom_button":"0","zoom_button_out_step":"2","zoom_button_in_step":"3","show_post_tag":"1","show_prev_next_post":"1","show_popup_post":"1","number_popup_post":"1","show_author_box":"0","show_post_related":"0","show_inline_post_related":"0"}],"override_image_size":"0","image_override":[{"single_post_thumbnail_size":"crop-500","single_post_gallery_size":"crop-500"}],"trending_post":"0","trending_post_position":"meta","trending_post_label":"Trending","sponsored_post":"0","sponsored_post_label":"Sponsored by","sponsored_post_name":"","sponsored_post_url":"","sponsored_post_logo_enable":"0","sponsored_post_logo":"","sponsored_post_desc":"","disable_ad":"0"},"jnews_primary_category":{"id":"","hide":""},"jnews_override_bookmark_settings":[],"jnews_review":[],"enable_review":"","type":"","name":"","summary":"","brand":"","sku":"","good":[],"bad":[],"score_override":"","override_value":"","rating":[],"price":[],"jnews_post_split":[],"footnotes":""},"categories":[2],"tags":[11181,13951,12907],"class_list":["post-61354","post","type-post","status-publish","format-standard","has-post-thumbnail","hentry","category-news-politique","tag-ahmed-attaf","tag-cooperation-tuniso-algerienne","tag-mohamed-ali-nafti"],"_links":{"self":[{"href":"https:\/\/www.africanchallenges.com\/index.php?rest_route=\/wp\/v2\/posts\/61354","targetHints":{"allow":["GET"]}}],"collection":[{"href":"https:\/\/www.africanchallenges.com\/index.php?rest_route=\/wp\/v2\/posts"}],"about":[{"href":"https:\/\/www.africanchallenges.com\/index.php?rest_route=\/wp\/v2\/types\/post"}],"author":[{"embeddable":true,"href":"https:\/\/www.africanchallenges.com\/index.php?rest_route=\/wp\/v2\/users\/4"}],"replies":[{"embeddable":true,"href":"https:\/\/www.africanchallenges.com\/index.php?rest_route=%2Fwp%2Fv2%2Fcomments&post=61354"}],"version-history":[{"count":3,"href":"https:\/\/www.africanchallenges.com\/index.php?rest_route=\/wp\/v2\/posts\/61354\/revisions"}],"predecessor-version":[{"id":61358,"href":"https:\/\/www.africanchallenges.com\/index.php?rest_route=\/wp\/v2\/posts\/61354\/revisions\/61358"}],"wp:featuredmedia":[{"embeddable":true,"href":"https:\/\/www.africanchallenges.com\/index.php?rest_route=\/wp\/v2\/media\/61355"}],"wp:attachment":[{"href":"https:\/\/www.africanchallenges.com\/index.php?rest_route=%2Fwp%2Fv2%2Fmedia&parent=61354"}],"wp:term":[{"taxonomy":"category","embeddable":true,"href":"https:\/\/www.africanchallenges.com\/index.php?rest_route=%2Fwp%2Fv2%2Fcategories&post=61354"},{"taxonomy":"post_tag","embeddable":true,"href":"https:\/\/www.africanchallenges.com\/index.php?rest_route=%2Fwp%2Fv2%2Ftags&post=61354"}],"curies":[{"name":"wp","href":"https:\/\/api.w.org\/{rel}","templated":true}]}}