{"id":61334,"date":"2024-12-30T22:50:33","date_gmt":"2024-12-30T21:50:33","guid":{"rendered":"https:\/\/www.africanchallenges.com\/?p=61334"},"modified":"2024-12-30T22:53:59","modified_gmt":"2024-12-30T21:53:59","slug":"tunisie-mesures-immediates-a-legard-des-aeroports-de-tunis-carthage-et-de-djerba-zarzis","status":"publish","type":"post","link":"https:\/\/www.africanchallenges.com\/?p=61334","title":{"rendered":"Tunisie : Mesures imm\u00e9diates prises \u00e0 l&rsquo;\u00e9gard des a\u00e9roports de Tunis-Carthage et de Djerba-Zarzis"},"content":{"rendered":"\n<p class=\"wp-block-paragraph\">Ce lundi 30 d\u00e9cembre 2024, le ministre des Transports, Rachid Amri, a effectu\u00e9 une visite inopin\u00e9e \u00e0 l&rsquo;a\u00e9roport de Tunis-Carthage, la deuxi\u00e8me du m\u00eame mois, afin d&rsquo;\u00e9valuer l&rsquo;\u00e9tat de certaines parties des b\u00e2timents de l&rsquo;a\u00e9roport qui pr\u00e9sentent des probl\u00e8mes d&rsquo;am\u00e9nagement.<\/p>\n\n\n\n<p class=\"wp-block-paragraph\">Il a \u00e9galement examin\u00e9 les raisons ayant emp\u00each\u00e9 la maintenance et les travaux n\u00e9cessaires dans les d\u00e9lais, tout en pr\u00e9conisant les mesures pr\u00e9ventives n\u00e9cessaires.<\/p>\n\n\n\n<p class=\"wp-block-paragraph\">Lors de son inspection des toitures et de plusieurs sections des b\u00e2timents de l\u2019a\u00e9roport, le ministre des Transports a exprim\u00e9 son m\u00e9contentement face \u00e0 des conditions jug\u00e9es indignes de ce hub a\u00e9rien strat\u00e9gique.<\/p>\n\n\n\n<p class=\"wp-block-paragraph\">Il a soulign\u00e9 l\u2019urgence de mettre en \u0153uvre des interventions pr\u00e9ventives r\u00e9guli\u00e8res et adapt\u00e9es \u00e0 ses sp\u00e9cificit\u00e9s techniques afin de pr\u00e9server l\u2019infrastructure et d\u2019assurer la s\u00e9curit\u00e9 des usagers. <\/p>\n\n\n\n<p class=\"wp-block-paragraph\">Selon lui, ces n\u00e9gligences nuisent \u00e0 l\u2019image du pays et sont en contradiction avec ce qui devrait \u00eatre offert aux voyageurs transitant par cet a\u00e9roport, que ce soit pour d\u00e9couvrir la Tunisie ou pour se rendre \u00e0 leurs destinations \u00e0 l\u2019\u00e9tranger pour c\u00e9l\u00e9brer les f\u00eates de fin d&rsquo;ann\u00e9e.<\/p>\n\n\n\n<p class=\"wp-block-paragraph\">\u00c0 cet effet, le ministre a donn\u00e9 les directives suivantes :<\/p>\n\n\n\n<p class=\"wp-block-paragraph\">\u2022&nbsp;&nbsp;&nbsp; Mise en \u0153uvre imm\u00e9diate d\u2019une solution technique d\u00e8s aujourd\u2019hui pour prot\u00e9ger les toitures de l\u2019a\u00e9roport contre les infiltrations d\u2019eau de pluie (injection d\u2019une solution liquide au niveau des joints) ;<\/p>\n\n\n\n<p class=\"wp-block-paragraph\">\u2022&nbsp;&nbsp;&nbsp; Lancement d\u2019un appel \u00e0 consultation dans des d\u00e9lais raccourcis, dans un d\u00e9lai de 15 jours, pour s\u00e9curiser les zones endommag\u00e9es de l\u2019a\u00e9roport de Tunis-Carthage ;<\/p>\n\n\n\n<p class=\"wp-block-paragraph\">\u2022&nbsp;&nbsp;&nbsp; Finalisation des proc\u00e9dures li\u00e9es \u00e0 l\u2019appel d\u2019offres pour le projet d\u2019isolation compl\u00e8te des toitures de l\u2019a\u00e9roport contre les eaux de pluie et ex\u00e9cution des travaux sur l\u2019ensemble des surfaces concern\u00e9es.<\/p>\n\n\n\n<p class=\"wp-block-paragraph\">Le ministre a \u00e9galement ordonn\u00e9 que les m\u00eames mesures soient appliqu\u00e9es \u00e0 l\u2019a\u00e9roport international de Djerba-Zarzis, confront\u00e9 aux m\u00eames probl\u00e9matiques relev\u00e9es lors de sa visite \u00e0 cette infrastructure a\u00e9rienne samedi dernier.<\/p>\n","protected":false},"excerpt":{"rendered":"<p>Ce lundi 30 d\u00e9cembre 2024, le ministre des Transports, Rachid Amri, a effectu\u00e9 une visite inopin\u00e9e \u00e0 l&rsquo;a\u00e9roport de Tunis-Carthage, la deuxi\u00e8me du m\u00eame mois, afin d&rsquo;\u00e9valuer l&rsquo;\u00e9tat de certaines parties des b\u00e2timents de l&rsquo;a\u00e9roport qui pr\u00e9sentent des probl\u00e8mes d&rsquo;am\u00e9nagement. Il a \u00e9galement examin\u00e9 les raisons ayant emp\u00each\u00e9 la maintenance et les travaux n\u00e9cessaires dans [&hellip;]<\/p>\n","protected":false},"author":4,"featured_media":61335,"comment_status":"open","ping_status":"closed","sticky":false,"template":"","format":"standard","meta":{"content-type":"","jnews-multi-image_gallery":[],"jnews_single_post":{"subtitle":"","format":"standard","video":"","gallery":"","source_name":"","source_url":"","via_name":"","via_url":"","override_template":"0","override":[{"template":"1","single_blog_custom":"","parallax":"1","fullscreen":"1","layout":"right-sidebar","sidebar":"default-sidebar","second_sidebar":"default-sidebar","sticky_sidebar":"1","share_position":"top","share_float_style":"share-monocrhome","show_share_counter":"1","show_view_counter":"1","show_featured":"1","show_post_meta":"1","show_post_author":"1","show_post_author_image":"1","show_post_date":"1","post_date_format":"default","post_date_format_custom":"Y\/m\/d","show_post_category":"1","show_post_reading_time":"0","post_reading_time_wpm":"300","show_zoom_button":"0","zoom_button_out_step":"2","zoom_button_in_step":"3","show_post_tag":"1","show_prev_next_post":"1","show_popup_post":"1","number_popup_post":"1","show_author_box":"0","show_post_related":"0","show_inline_post_related":"0"}],"override_image_size":"0","image_override":[{"single_post_thumbnail_size":"crop-500","single_post_gallery_size":"crop-500"}],"trending_post":"0","trending_post_position":"meta","trending_post_label":"Trending","sponsored_post":"0","sponsored_post_label":"Sponsored by","sponsored_post_name":"","sponsored_post_url":"","sponsored_post_logo_enable":"0","sponsored_post_logo":"","sponsored_post_desc":"","disable_ad":"0"},"jnews_primary_category":{"id":"","hide":""},"jnews_override_bookmark_settings":[],"jnews_review":[],"enable_review":"","type":"","name":"","summary":"","brand":"","sku":"","good":[],"bad":[],"score_override":"","override_value":"","rating":[],"price":[],"jnews_post_split":[],"footnotes":""},"categories":[2],"tags":[2721,3839,13586,11539],"class_list":["post-61334","post","type-post","status-publish","format-standard","has-post-thumbnail","hentry","category-news-politique","tag-laeroport-de-tunis-carthage","tag-laeroport-international-de-djerba-zarzis","tag-rachid-amri","tag-visite-inopinee"],"_links":{"self":[{"href":"https:\/\/www.africanchallenges.com\/index.php?rest_route=\/wp\/v2\/posts\/61334","targetHints":{"allow":["GET"]}}],"collection":[{"href":"https:\/\/www.africanchallenges.com\/index.php?rest_route=\/wp\/v2\/posts"}],"about":[{"href":"https:\/\/www.africanchallenges.com\/index.php?rest_route=\/wp\/v2\/types\/post"}],"author":[{"embeddable":true,"href":"https:\/\/www.africanchallenges.com\/index.php?rest_route=\/wp\/v2\/users\/4"}],"replies":[{"embeddable":true,"href":"https:\/\/www.africanchallenges.com\/index.php?rest_route=%2Fwp%2Fv2%2Fcomments&post=61334"}],"version-history":[{"count":2,"href":"https:\/\/www.africanchallenges.com\/index.php?rest_route=\/wp\/v2\/posts\/61334\/revisions"}],"predecessor-version":[{"id":61338,"href":"https:\/\/www.africanchallenges.com\/index.php?rest_route=\/wp\/v2\/posts\/61334\/revisions\/61338"}],"wp:featuredmedia":[{"embeddable":true,"href":"https:\/\/www.africanchallenges.com\/index.php?rest_route=\/wp\/v2\/media\/61335"}],"wp:attachment":[{"href":"https:\/\/www.africanchallenges.com\/index.php?rest_route=%2Fwp%2Fv2%2Fmedia&parent=61334"}],"wp:term":[{"taxonomy":"category","embeddable":true,"href":"https:\/\/www.africanchallenges.com\/index.php?rest_route=%2Fwp%2Fv2%2Fcategories&post=61334"},{"taxonomy":"post_tag","embeddable":true,"href":"https:\/\/www.africanchallenges.com\/index.php?rest_route=%2Fwp%2Fv2%2Ftags&post=61334"}],"curies":[{"name":"wp","href":"https:\/\/api.w.org\/{rel}","templated":true}]}}