{"id":61278,"date":"2024-12-27T12:28:04","date_gmt":"2024-12-27T11:28:04","guid":{"rendered":"https:\/\/www.africanchallenges.com\/?p=61278"},"modified":"2024-12-27T12:28:29","modified_gmt":"2024-12-27T11:28:29","slug":"tunisie-la-ministre-des-affaires-culturelles-en-visite-dinspection-dans-le-gouvernorat-de-kebili-pour-examiner-lavancement-des-travaux-dans-les-institutions-culturelles-de-la-region","status":"publish","type":"post","link":"https:\/\/www.africanchallenges.com\/?p=61278","title":{"rendered":"Tunisie : La ministre des Affaires culturelles, en visite d&rsquo;inspection dans le gouvernorat de K\u00e9bili pour examiner l&rsquo;avancement des travaux dans les institutions culturelles de la r\u00e9gion"},"content":{"rendered":"\n<p class=\"wp-block-paragraph\">La ministre des Affaires culturelles, Mme Amina Srarfi, a effectu\u00e9 une visite d&rsquo;inspection le 25 d\u00e9cembre 2024 dans le gouvernorat de K\u00e9bili afin d&rsquo;\u00e9valuer l&rsquo;avancement des travaux dans les institutions culturelles de la r\u00e9gion et d&rsquo;\u00e9valuer l&rsquo;avancement de plusieurs projets culturels nouveaux et bloqu\u00e9s.<\/p>\n\n\n\n<p class=\"wp-block-paragraph\">Au cours de cette visite, la ministre \u00e9tait entour\u00e9e du gouverneur de K\u00e9bili, M. Moez Laabidi, de deux d\u00e9put\u00e9s du Conseil national des r\u00e9gions et des r\u00e9gions, M. Mohsen Ben Salem, M. Jaballah Ben Saleh, du repr\u00e9sentant r\u00e9gional pour les Affaires culturelles, M. Moez kharif, ainsi que de plusieurs cadres r\u00e9gionaux et locaux.<\/p>\n\n\n\n<p class=\"wp-block-paragraph\">La visite a commenc\u00e9 \u00e0 la Maison de la culture Mohammed Ali Al Marzouqi \u00e0 Douz, o\u00f9 les travaux ont atteint leur phase finale et ont co\u00fbt\u00e9 un milliard et 800 mille dinars pour leur ach\u00e8vement.<\/p>\n\n\n\n<p class=\"wp-block-paragraph\">De Douz, la Maison de la culture Mohammed Ali Al Marzouqi est compos\u00e9e d&rsquo;une salle d&rsquo;exposition couverte et d&rsquo;une salle d&rsquo;exposition ouverte, d&rsquo;une salle des m\u00e9dias, de deux salles multi-sp\u00e9cialit\u00e9s et d&rsquo;une salle d&rsquo;exposition d&rsquo;environ 555 places chacun.<\/p>\n\n\n\n<p class=\"wp-block-paragraph\">Le complexe culturel Ibn Haytham \u00e0 K\u00e9bili, o\u00f9 se trouvent la Maison de la culture et l&rsquo;Institut r\u00e9gional de musique, a \u00e9t\u00e9 visit\u00e9 par la ministre des Affaires culturelles. La salle de spectacle du complexe culturel Ibn aHaytham dispose de 650 chaises fixes et d&rsquo;un \u00e9tage sup\u00e9rieur pour 200 chaises non fixes. En collaboration avec le complexe culturel et l&rsquo;Institut r\u00e9gional de musique de K\u00e9bili, 07 autres salles seront exploit\u00e9es.<\/p>\n\n\n\n<p class=\"wp-block-paragraph\">Les travaux d&rsquo;am\u00e9nagement de ce complexe ont \u00e9t\u00e9 suspendus apr\u00e8s l&rsquo;annonce de l&rsquo;appel d&rsquo;offres, qui n&rsquo;a pas abouti pour la sixi\u00e8me fois en raison de la r\u00e9ticence des entrepreneurs \u00e0 s&rsquo;engager.<\/p>\n\n\n\n<p class=\"wp-block-paragraph\">Dans ce contexte, la ministre des Affaires Culturelles, Mme Amina Srarfi, a appel\u00e9 les responsables r\u00e9gionaux et les diff\u00e9rentes structures concern\u00e9es \u00e0 acc\u00e9l\u00e9rer les proc\u00e9dures administratives en passant \u00e0 la formule de n\u00e9gociation directe et \u00e0 la n\u00e9cessit\u00e9 de redoubler d&rsquo;efforts pour mener \u00e0 bien ces projets dans les d\u00e9lais impartis et entamer les travaux dans le but de mettre en place un \u00e9quipement culturel public au profit des populations de la r\u00e9gion et par la suite travailler \u00e0 son rayonnement en intensifiant les activit\u00e9s et en attirant les jeunes.<\/p>\n","protected":false},"excerpt":{"rendered":"<p>La ministre des Affaires culturelles, Mme Amina Srarfi, a effectu\u00e9 une visite d&rsquo;inspection le 25 d\u00e9cembre 2024 dans le gouvernorat de K\u00e9bili afin d&rsquo;\u00e9valuer l&rsquo;avancement des travaux dans les institutions culturelles de la r\u00e9gion et d&rsquo;\u00e9valuer l&rsquo;avancement de plusieurs projets culturels nouveaux et bloqu\u00e9s. Au cours de cette visite, la ministre \u00e9tait entour\u00e9e du gouverneur [&hellip;]<\/p>\n","protected":false},"author":4,"featured_media":61279,"comment_status":"open","ping_status":"closed","sticky":false,"template":"","format":"standard","meta":{"content-type":"","jnews-multi-image_gallery":[],"jnews_single_post":{"subtitle":"","format":"standard","video":"","gallery":"","source_name":"","source_url":"","via_name":"","via_url":"","override_template":"0","override":[{"template":"1","single_blog_custom":"","parallax":"1","fullscreen":"1","layout":"right-sidebar","sidebar":"default-sidebar","second_sidebar":"default-sidebar","sticky_sidebar":"1","share_position":"top","share_float_style":"share-monocrhome","show_share_counter":"1","show_view_counter":"1","show_featured":"1","show_post_meta":"1","show_post_author":"1","show_post_author_image":"1","show_post_date":"1","post_date_format":"default","post_date_format_custom":"Y\/m\/d","show_post_category":"1","show_post_reading_time":"0","post_reading_time_wpm":"300","show_zoom_button":"0","zoom_button_out_step":"2","zoom_button_in_step":"3","show_post_tag":"1","show_prev_next_post":"1","show_popup_post":"1","number_popup_post":"1","show_author_box":"0","show_post_related":"0","show_inline_post_related":"0"}],"override_image_size":"0","image_override":[{"single_post_thumbnail_size":"crop-500","single_post_gallery_size":"crop-500"}],"trending_post":"0","trending_post_position":"meta","trending_post_label":"Trending","sponsored_post":"0","sponsored_post_label":"Sponsored by","sponsored_post_name":"","sponsored_post_url":"","sponsored_post_logo_enable":"0","sponsored_post_logo":"","sponsored_post_desc":"","disable_ad":"0"},"jnews_primary_category":{"id":"","hide":""},"jnews_override_bookmark_settings":[],"jnews_review":[],"enable_review":"","type":"","name":"","summary":"","brand":"","sku":"","good":[],"bad":[],"score_override":"","override_value":"","rating":[],"price":[],"jnews_post_split":[],"footnotes":""},"categories":[17],"tags":[12887,14179,13021,1190],"class_list":["post-61278","post","type-post","status-publish","format-standard","has-post-thumbnail","hentry","category-entertainment","tag-amina-srarfi","tag-institutions-culturelles","tag-kebili-2","tag-visite"],"_links":{"self":[{"href":"https:\/\/www.africanchallenges.com\/index.php?rest_route=\/wp\/v2\/posts\/61278","targetHints":{"allow":["GET"]}}],"collection":[{"href":"https:\/\/www.africanchallenges.com\/index.php?rest_route=\/wp\/v2\/posts"}],"about":[{"href":"https:\/\/www.africanchallenges.com\/index.php?rest_route=\/wp\/v2\/types\/post"}],"author":[{"embeddable":true,"href":"https:\/\/www.africanchallenges.com\/index.php?rest_route=\/wp\/v2\/users\/4"}],"replies":[{"embeddable":true,"href":"https:\/\/www.africanchallenges.com\/index.php?rest_route=%2Fwp%2Fv2%2Fcomments&post=61278"}],"version-history":[{"count":1,"href":"https:\/\/www.africanchallenges.com\/index.php?rest_route=\/wp\/v2\/posts\/61278\/revisions"}],"predecessor-version":[{"id":61284,"href":"https:\/\/www.africanchallenges.com\/index.php?rest_route=\/wp\/v2\/posts\/61278\/revisions\/61284"}],"wp:featuredmedia":[{"embeddable":true,"href":"https:\/\/www.africanchallenges.com\/index.php?rest_route=\/wp\/v2\/media\/61279"}],"wp:attachment":[{"href":"https:\/\/www.africanchallenges.com\/index.php?rest_route=%2Fwp%2Fv2%2Fmedia&parent=61278"}],"wp:term":[{"taxonomy":"category","embeddable":true,"href":"https:\/\/www.africanchallenges.com\/index.php?rest_route=%2Fwp%2Fv2%2Fcategories&post=61278"},{"taxonomy":"post_tag","embeddable":true,"href":"https:\/\/www.africanchallenges.com\/index.php?rest_route=%2Fwp%2Fv2%2Ftags&post=61278"}],"curies":[{"name":"wp","href":"https:\/\/api.w.org\/{rel}","templated":true}]}}