{"id":61203,"date":"2024-12-25T20:34:10","date_gmt":"2024-12-25T19:34:10","guid":{"rendered":"https:\/\/www.africanchallenges.com\/?p=61203"},"modified":"2024-12-25T20:37:18","modified_gmt":"2024-12-25T19:37:18","slug":"tunisie-le-dossier-de-la-cite-medicale-des-aghlabides-de-kairouan-au-coeur-de-la-reunion-entre-le-chef-de-letat-et-la-ministre-de-lequipement-et-de-lhabitat-sarah-zaafarani-zanz","status":"publish","type":"post","link":"https:\/\/www.africanchallenges.com\/?p=61203","title":{"rendered":"Tunisie : Le dossier de la cit\u00e9 m\u00e9dicale des Aghlabides de Kairouan au c\u0153ur de la r\u00e9union entre le chef de l&rsquo;Etat et la ministre de l\u2019\u00c9quipement et de l\u2019Habitat, Sarah Zaafarani Zanzari"},"content":{"rendered":"\n<p class=\"wp-block-paragraph\">Le pr\u00e9sident de la R\u00e9publique, kais Saied a re\u00e7u hier mardi 24 d\u00e9cembre 2024, au Palais de Carthage, la ministre de l\u2019\u00c9quipement et de l\u2019Habitat, Sarah Zaafarani Zanzari.<\/p>\n\n\n\n<p class=\"wp-block-paragraph\">Lors de la reunion , le pr\u00e9sident de la R\u00e9publique a \u00e9voqu\u00e9 le dossier de la cit\u00e9 m\u00e9dicale des Aghlabides de Kairouan.<\/p>\n\n\n\n<p class=\"wp-block-paragraph\">Le cadre juridique \u00e9tant mis sur pied et les financements n\u00e9cessaires allou\u00e9s, il n\u2019est plus question de tarder \u00e0 entamer la r\u00e9alisation de ce m\u00e9gaprojet, a lanc\u00e9 le chef de l\u2019Etat, cit\u00e9 dans un communiqu\u00e9.<\/p>\n\n\n\n<p class=\"wp-block-paragraph\">Le chef de l\u2019Etat a par ailleurs appel\u00e9 la Soci\u00e9t\u00e9 nationale immobili\u00e8re de Tunisie (SNIT) \u00e0 reconqu\u00e9rir son r\u00f4le social en coordination avec le minist\u00e8re des domaines de l\u2019Etat et des affaires fonci\u00e8res afin d\u2019acqu\u00e9rir des lots de terrain au dinar symbolique comme c\u2019\u00e9tait le cas par le pass\u00e9.<\/p>\n\n\n\n<p class=\"wp-block-paragraph\">L\u2019objectif \u00e9tant, pr\u00e9cise la m\u00eame source, de mettre \u00e0 la disposition des citoyens tunisiens des logements \u00e0 des prix abordables qui prennent en consid\u00e9ration leur pouvoir d\u2019achat, notamment, \u00e0 la lumi\u00e8re de l\u2019envol\u00e9e sans pr\u00e9c\u00e9dent des prix aff\u00e9rents \u00e0 l\u2019acquisition ou \u00e0 la location du logement.<\/p>\n","protected":false},"excerpt":{"rendered":"<p>Le pr\u00e9sident de la R\u00e9publique, kais Saied a re\u00e7u hier mardi 24 d\u00e9cembre 2024, au Palais de Carthage, la ministre de l\u2019\u00c9quipement et de l\u2019Habitat, Sarah Zaafarani Zanzari. Lors de la reunion , le pr\u00e9sident de la R\u00e9publique a \u00e9voqu\u00e9 le dossier de la cit\u00e9 m\u00e9dicale des Aghlabides de Kairouan. Le cadre juridique \u00e9tant mis [&hellip;]<\/p>\n","protected":false},"author":4,"featured_media":61204,"comment_status":"open","ping_status":"closed","sticky":false,"template":"","format":"standard","meta":{"content-type":"","jnews-multi-image_gallery":[],"jnews_single_post":{"subtitle":"","format":"standard","video":"","gallery":"","source_name":"","source_url":"","via_name":"","via_url":"","override_template":"0","override":[{"template":"1","single_blog_custom":"","parallax":"1","fullscreen":"1","layout":"right-sidebar","sidebar":"default-sidebar","second_sidebar":"default-sidebar","sticky_sidebar":"1","share_position":"top","share_float_style":"share-monocrhome","show_share_counter":"1","show_view_counter":"1","show_featured":"1","show_post_meta":"1","show_post_author":"1","show_post_author_image":"1","show_post_date":"1","post_date_format":"default","post_date_format_custom":"Y\/m\/d","show_post_category":"1","show_post_reading_time":"0","post_reading_time_wpm":"300","show_zoom_button":"0","zoom_button_out_step":"2","zoom_button_in_step":"3","show_post_tag":"1","show_prev_next_post":"1","show_popup_post":"1","number_popup_post":"1","show_author_box":"0","show_post_related":"0","show_inline_post_related":"0"}],"override_image_size":"0","image_override":[{"single_post_thumbnail_size":"crop-500","single_post_gallery_size":"crop-500"}],"trending_post":"0","trending_post_position":"meta","trending_post_label":"Trending","sponsored_post":"0","sponsored_post_label":"Sponsored by","sponsored_post_name":"","sponsored_post_url":"","sponsored_post_logo_enable":"0","sponsored_post_logo":"","sponsored_post_desc":"","disable_ad":"0"},"jnews_primary_category":{"id":"","hide":""},"jnews_override_bookmark_settings":[],"jnews_review":[],"enable_review":"","type":"","name":"","summary":"","brand":"","sku":"","good":[],"bad":[],"score_override":"","override_value":"","rating":[],"price":[],"jnews_post_split":[],"footnotes":""},"categories":[2],"tags":[14147,3712,14146],"class_list":["post-61203","post","type-post","status-publish","format-standard","has-post-thumbnail","hentry","category-news-politique","tag-cite-medicale-des-aghlabides-de-kairouan","tag-kais-saied-2","tag-sarah-zaafarani-zanzari"],"_links":{"self":[{"href":"https:\/\/www.africanchallenges.com\/index.php?rest_route=\/wp\/v2\/posts\/61203","targetHints":{"allow":["GET"]}}],"collection":[{"href":"https:\/\/www.africanchallenges.com\/index.php?rest_route=\/wp\/v2\/posts"}],"about":[{"href":"https:\/\/www.africanchallenges.com\/index.php?rest_route=\/wp\/v2\/types\/post"}],"author":[{"embeddable":true,"href":"https:\/\/www.africanchallenges.com\/index.php?rest_route=\/wp\/v2\/users\/4"}],"replies":[{"embeddable":true,"href":"https:\/\/www.africanchallenges.com\/index.php?rest_route=%2Fwp%2Fv2%2Fcomments&post=61203"}],"version-history":[{"count":1,"href":"https:\/\/www.africanchallenges.com\/index.php?rest_route=\/wp\/v2\/posts\/61203\/revisions"}],"predecessor-version":[{"id":61205,"href":"https:\/\/www.africanchallenges.com\/index.php?rest_route=\/wp\/v2\/posts\/61203\/revisions\/61205"}],"wp:featuredmedia":[{"embeddable":true,"href":"https:\/\/www.africanchallenges.com\/index.php?rest_route=\/wp\/v2\/media\/61204"}],"wp:attachment":[{"href":"https:\/\/www.africanchallenges.com\/index.php?rest_route=%2Fwp%2Fv2%2Fmedia&parent=61203"}],"wp:term":[{"taxonomy":"category","embeddable":true,"href":"https:\/\/www.africanchallenges.com\/index.php?rest_route=%2Fwp%2Fv2%2Fcategories&post=61203"},{"taxonomy":"post_tag","embeddable":true,"href":"https:\/\/www.africanchallenges.com\/index.php?rest_route=%2Fwp%2Fv2%2Ftags&post=61203"}],"curies":[{"name":"wp","href":"https:\/\/api.w.org\/{rel}","templated":true}]}}