{"id":61004,"date":"2024-12-20T00:23:38","date_gmt":"2024-12-19T23:23:38","guid":{"rendered":"https:\/\/www.africanchallenges.com\/?p=61004"},"modified":"2024-12-20T00:24:06","modified_gmt":"2024-12-19T23:24:06","slug":"tunisie-le-commissariat-europeenne-pour-la-mediterranee-reaffirme-lattachement-de-lunion-europeenne-au-renforcement-de-sa-cooperation-avec-la-tunisie","status":"publish","type":"post","link":"https:\/\/www.africanchallenges.com\/?p=61004","title":{"rendered":"Tunisie : Le Commissariat europ\u00e9enne pour la M\u00e9diterran\u00e9e r\u00e9affirme l\u2019attachement de l\u2019Union Europ\u00e9enne au renforcement de sa coop\u00e9ration avec la Tunisie"},"content":{"rendered":"\n<p class=\"wp-block-paragraph\">M. Mohamed Ali Nafti, Ministre des Affaires Etrang\u00e8res, de la Migration et des Tunisiens \u00e0 l\u2019Etranger, a re\u00e7u, ce jeudi 19 d\u00e9cembre 2024, un appel t\u00e9l\u00e9phonique de Mme Dubravka \u0160uica, Commissaire europ\u00e9enne pour la M\u00e9diterran\u00e9e, au cours duquel elle a r\u00e9affirm\u00e9 l\u2019attachement de l\u2019Union Europ\u00e9enne au renforcement de sa coop\u00e9ration avec la Tunisie, qu\u2019elle consid\u00e8re comme \u00e9tant un partenaire strat\u00e9gique et privil\u00e9gi\u00e9.<\/p>\n\n\n\n<p class=\"wp-block-paragraph\">M. Mohamed Ali Nafti a soulign\u00e9 l\u2019importance qu\u2019accorde la Tunisie \u00e0 ses relations avec son partenaire europ\u00e9en, dans un cadre fond\u00e9 sur le respect mutuel et le dialogue d\u2019\u00e9gal \u00e0 \u00e9gal, tout en rappelant l\u2019engagement de la Tunisie dans un processus de transition d\u00e9mocratique irr\u00e9versible reposant sur les choix souverains du peuple tunisien. Le Ministre a assur\u00e9 que cette approche permettra de r\u00e9unir les conditions favorables \u00e0 la tenue du Conseil d\u2019Association en 2025, qui viendra ponctuer le trenti\u00e8me anniversaire de la signature de l\u2019Accord d\u2019Association Tunisie-Europ\u00e9enne, et qui fera l\u2019objet d\u2019une \u00e9valuation objective.<\/p>\n\n\n\n<p class=\"wp-block-paragraph\">De son c\u00f4t\u00e9, la responsable europ\u00e9enne a salu\u00e9 le r\u00f4le central de la Tunisie dans la r\u00e9alisation de la s\u00e9curit\u00e9 et de la stabilit\u00e9 en M\u00e9diterran\u00e9e, exprimant sa d\u00e9termination \u00e0 poursuivre le dialogue en vue de saisir toutes les opportunit\u00e9s propices au renforcement du Partenariat entre la Tunisie et l\u2019UE, notamment dans les domaines du d\u00e9veloppement durable, de la migration et des \u00e9nergies renouvelables.<\/p>\n","protected":false},"excerpt":{"rendered":"<p>M. Mohamed Ali Nafti, Ministre des Affaires Etrang\u00e8res, de la Migration et des Tunisiens \u00e0 l\u2019Etranger, a re\u00e7u, ce jeudi 19 d\u00e9cembre 2024, un appel t\u00e9l\u00e9phonique de Mme Dubravka \u0160uica, Commissaire europ\u00e9enne pour la M\u00e9diterran\u00e9e, au cours duquel elle a r\u00e9affirm\u00e9 l\u2019attachement de l\u2019Union Europ\u00e9enne au renforcement de sa coop\u00e9ration avec la Tunisie, qu\u2019elle consid\u00e8re [&hellip;]<\/p>\n","protected":false},"author":4,"featured_media":61005,"comment_status":"open","ping_status":"closed","sticky":false,"template":"","format":"standard","meta":{"content-type":"","jnews-multi-image_gallery":[],"jnews_single_post":{"subtitle":"","format":"standard","video":"","gallery":"","source_name":"","source_url":"","via_name":"","via_url":"","override_template":"0","override":[{"template":"1","single_blog_custom":"","parallax":"1","fullscreen":"1","layout":"right-sidebar","sidebar":"default-sidebar","second_sidebar":"default-sidebar","sticky_sidebar":"1","share_position":"top","share_float_style":"share-monocrhome","show_share_counter":"1","show_view_counter":"1","show_featured":"1","show_post_meta":"1","show_post_author":"1","show_post_author_image":"1","show_post_date":"1","post_date_format":"default","post_date_format_custom":"Y\/m\/d","show_post_category":"1","show_post_reading_time":"0","post_reading_time_wpm":"300","show_zoom_button":"0","zoom_button_out_step":"2","zoom_button_in_step":"3","show_post_tag":"1","show_prev_next_post":"1","show_popup_post":"1","number_popup_post":"1","show_author_box":"0","show_post_related":"0","show_inline_post_related":"0"}],"override_image_size":"0","image_override":[{"single_post_thumbnail_size":"crop-500","single_post_gallery_size":"crop-500"}],"trending_post":"0","trending_post_position":"meta","trending_post_label":"Trending","sponsored_post":"0","sponsored_post_label":"Sponsored by","sponsored_post_name":"","sponsored_post_url":"","sponsored_post_logo_enable":"0","sponsored_post_logo":"","sponsored_post_desc":"","disable_ad":"0"},"jnews_primary_category":{"id":"","hide":""},"jnews_override_bookmark_settings":[],"jnews_review":[],"enable_review":"","type":"","name":"","summary":"","brand":"","sku":"","good":[],"bad":[],"score_override":"","override_value":"","rating":[],"price":[],"jnews_post_split":[],"footnotes":""},"categories":[43,73],"tags":[10012,14061,2269],"class_list":["post-61004","post","type-post","status-publish","format-standard","has-post-thumbnail","hentry","category-eco-business","category-eco","tag-attachement","tag-commissariat-europeenne-pour-la-mediterranee","tag-lunion-europeenne"],"_links":{"self":[{"href":"https:\/\/www.africanchallenges.com\/index.php?rest_route=\/wp\/v2\/posts\/61004","targetHints":{"allow":["GET"]}}],"collection":[{"href":"https:\/\/www.africanchallenges.com\/index.php?rest_route=\/wp\/v2\/posts"}],"about":[{"href":"https:\/\/www.africanchallenges.com\/index.php?rest_route=\/wp\/v2\/types\/post"}],"author":[{"embeddable":true,"href":"https:\/\/www.africanchallenges.com\/index.php?rest_route=\/wp\/v2\/users\/4"}],"replies":[{"embeddable":true,"href":"https:\/\/www.africanchallenges.com\/index.php?rest_route=%2Fwp%2Fv2%2Fcomments&post=61004"}],"version-history":[{"count":1,"href":"https:\/\/www.africanchallenges.com\/index.php?rest_route=\/wp\/v2\/posts\/61004\/revisions"}],"predecessor-version":[{"id":61006,"href":"https:\/\/www.africanchallenges.com\/index.php?rest_route=\/wp\/v2\/posts\/61004\/revisions\/61006"}],"wp:featuredmedia":[{"embeddable":true,"href":"https:\/\/www.africanchallenges.com\/index.php?rest_route=\/wp\/v2\/media\/61005"}],"wp:attachment":[{"href":"https:\/\/www.africanchallenges.com\/index.php?rest_route=%2Fwp%2Fv2%2Fmedia&parent=61004"}],"wp:term":[{"taxonomy":"category","embeddable":true,"href":"https:\/\/www.africanchallenges.com\/index.php?rest_route=%2Fwp%2Fv2%2Fcategories&post=61004"},{"taxonomy":"post_tag","embeddable":true,"href":"https:\/\/www.africanchallenges.com\/index.php?rest_route=%2Fwp%2Fv2%2Ftags&post=61004"}],"curies":[{"name":"wp","href":"https:\/\/api.w.org\/{rel}","templated":true}]}}