{"id":60996,"date":"2024-12-19T22:14:48","date_gmt":"2024-12-19T21:14:48","guid":{"rendered":"https:\/\/www.africanchallenges.com\/?p=60996"},"modified":"2024-12-19T22:33:21","modified_gmt":"2024-12-19T21:33:21","slug":"tunisie-le-financement-du-programme-national-visant-a-assainir-les-quartiers-populaires-et-a-renforcer-les-bases-de-la-sante-virtuelle-au-coeur-de-la-reunion-du-conseil-des-ministres","status":"publish","type":"post","link":"https:\/\/www.africanchallenges.com\/?p=60996","title":{"rendered":"Tunisie : Le financement du programme national visant \u00e0 assainir les quartiers populaires et \u00e0 renforcer les bases de la sant\u00e9 virtuelle au c\u0153ur de la r\u00e9union du Conseil des ministres"},"content":{"rendered":"\n<p class=\"wp-block-paragraph\">Au nom du pr\u00e9sident de la R\u00e9publique, M. Kais Saied, le chef du gouvernement, M. Kamel Maddouri, a supervis\u00e9 la r\u00e9union du Conseil des ministres du jeudi 19 d\u00e9cembre 2024, au palais du gouvernement \u00e0 la Kasbah.<\/p>\n\n\n\n<p class=\"wp-block-paragraph\">Au d\u00e9but des travaux du conseil, le chef du gouvernement a not\u00e9 l&rsquo;esprit de responsabilit\u00e9 et de coop\u00e9ration entre les fonctions ex\u00e9cutive et l\u00e9gislative qui a pr\u00e9valu lors de la pr\u00e9paration et de la discussion du projet de loi de finances pour l&rsquo;ann\u00e9e 2025, qui a \u00e9t\u00e9 approuv\u00e9 lors d&rsquo;une s\u00e9ance pl\u00e9ni\u00e8re conjointe entre les membres de la Chambre des d\u00e9put\u00e9s du peuple et les membres du Conseil national des entit\u00e9s et r\u00e9gions, appelant tous les minist\u00e8res \u00e0 achever l&rsquo;\u00e9laboration de tous les textes juridiques pertinents ou des textes appliqu\u00e9s de la loi de finances pour permettre le t\u00e9l\u00e9chargement op\u00e9rationnel des diff\u00e9rentes dispositions de la loi de finances et de ses exigences dans les d\u00e9lais et pour permettre la mise en \u0153uvre des mesures sans pr\u00e9c\u00e9dent prises pour soutenir les fondations et les composantes de l&rsquo;\u00c9tat social.<\/p>\n\n\n\n<p class=\"wp-block-paragraph\">Le chef du gouvernement a soulign\u00e9 la n\u00e9cessit\u00e9 de repr\u00e9senter et de s&rsquo;approprier tous les d\u00e9fis et de r\u00e9pondre aux aspirations du peuple et d&rsquo;acc\u00e9l\u00e9rer l&rsquo;activation des dispositions de la loi de finances de 2025, en particulier celles li\u00e9es \u00e0 l&rsquo;am\u00e9lioration du pouvoir d&rsquo;achat des travailleurs, des retrait\u00e9s, des familles pauvres et \u00e0 faible revenu, ainsi que des mesures visant \u00e0 promouvoir l&rsquo;int\u00e9gration \u00e9conomique, en particulier la cr\u00e9ation du \u00ab\u00a0Fonds de Protection sociale des travailleurs paysans\u00a0\u00bb ou celles li\u00e9es \u00e0 la lutte contre les effets des licenciements \u00e9conomiques par la cr\u00e9ation d&rsquo;un fonds pour assurer la perte d&#8217;emploi, l&rsquo;approbation des concessions au profit du secteur agricole et la jouissance des institutions \u00e9conomiques fiscales et Amnistie Ddouani\u00e8re en plus de plusieurs autres mesures pour stimuler l&rsquo;investissement.<\/p>\n\n\n\n<p class=\"wp-block-paragraph\">Ces mesures contribueront \u00e0 fournir les conditions n\u00e9cessaires au d\u00e9collage \u00e9conomique dans la mise en \u0153uvre des orientations et options expos\u00e9es par Son Excellence le pr\u00e9sident de la R\u00e9publique dans le cadre d&rsquo;une implication pleine et responsable dans la bataille de la construction selon une approche bas\u00e9e sur la r\u00e9alisation d&rsquo;une r\u00e9volution l\u00e9gislative qui conf\u00e8re efficience et efficacit\u00e9 et plus de gouvernance au niveau des Services Publics et l&rsquo;am\u00e9lioration des services rendus aux citoyens.<\/p>\n\n\n\n<p class=\"wp-block-paragraph\">Le chef du gouvernement a soulign\u00e9 la n\u00e9cessit\u00e9 de mobiliser tous les efforts et \u00e9nergies pour mener \u00e0 bien les diff\u00e9rentes r\u00e9formes autoris\u00e9es par Son Excellence le pr\u00e9sident de la R\u00e9publique dans divers domaines, et a \u00e9galement \u00e9voqu\u00e9 les axes de travail du gouvernement au cours de la p\u00e9riode \u00e0 venir, insistant sur plus d&rsquo;harmonie et d&rsquo;int\u00e9gration entre les niveaux central et r\u00e9gional et la rapidit\u00e9 d&rsquo;intervention, pour mettre en \u0153uvre les r\u00e9formes et rem\u00e9dier aux difficult\u00e9s de mise en \u0153uvre des projets au point mort, renforcer la politique de proximit\u00e9 et d&rsquo;\u00e9coute des pr\u00e9occupations des citoyens, am\u00e9liorer les services de la vie quotidienne et relever la performance des secteurs vitaux, permettant de pousser le d\u00e9veloppement r\u00e9gional et l&rsquo;investissement.<\/p>\n\n\n\n<p class=\"wp-block-paragraph\">Apr\u00e8s d\u00e9lib\u00e9ration et discussion, le conseil a approuv\u00e9 un certain nombre de projets de loi et d&rsquo;ordonnances:<\/p>\n\n\n\n<p class=\"wp-block-paragraph\">Draft Projets de loi:<\/p>\n\n\n\n<p class=\"wp-block-paragraph\">&#8211; Un projet de loi portant approbation de la convention de pr\u00eat conclue le 25 juin 2024 entre la R\u00e9publique Tunisienne et l&rsquo;Agence Fran\u00e7aise de D\u00e9veloppement pour contribuer au financement de la sixi\u00e8me tranche du programme national de nettoyage des quartiers populaires, l&rsquo;intervention comprendra 139 quartiers populaires avec environ 261 mille habitants r\u00e9partis sur la plupart des \u00c9tats de la R\u00e9publique, reliant 40 \u00e9coles avec environ 20 mille \u00e9l\u00e8ves, un centre pour personnes handicap\u00e9es et 18 centres de sant\u00e9 de base situ\u00e9s dans ces quartiers populaires et les reliant au r\u00e9seau public de d\u00e9sinfection en plus de les \u00e9quiper du r\u00e9seau interne d&rsquo;assainissement.<\/p>\n\n\n\n<p class=\"wp-block-paragraph\">&#8211; Un projet de loi portant approbation de la convention de pr\u00eat conclue le 25 juin 2024 entre la R\u00e9publique Tunisienne et l&rsquo;Agence Fran\u00e7aise de D\u00e9veloppement pour contribuer \u00e0 la cr\u00e9ation d&rsquo;une ligne de financement d&rsquo;accompagnement des petites et moyennes entreprises pour la relance \u00e9conomique.<\/p>\n\n\n\n<p class=\"wp-block-paragraph\">&#8211; Un projet de loi portant approbation de l&rsquo;annexe modifi\u00e9e au contrat de pr\u00eat conclu entre la Banque Centrale de Tunisie au nom et au profit de l&rsquo;Etat tunisien et la Banque Africaine d&rsquo;approvisionnement et d&rsquo;exportation pour financer le budget de l&rsquo;Etat.<\/p>\n\n\n\n<p class=\"wp-block-paragraph\">&#8211; Un projet de loi concernant l&rsquo;approbation d&rsquo;une convention pour l&rsquo;obligation de production d&rsquo;\u00e9lectricit\u00e9 et le contrat pour le site et leurs annexes \u00e0 la \u00ab\u00a0centrale photovolta\u00efque \u00a0\u00bb \u00e0 suqdud\u00a0\u00bb.<\/p>\n\n\n\n<p class=\"wp-block-paragraph\">Un projet de loi:<\/p>\n\n\n\n<p class=\"wp-block-paragraph\">&#8211; Un projet d&rsquo;arr\u00eat\u00e9 relatif au syst\u00e8me de location d&rsquo;entreprise m\u00e9dicale \u00e0 distance dans la sp\u00e9cialit\u00e9 de l&rsquo;imagerie m\u00e9dicale dans le secteur public. Ce projet s&rsquo;inscrit dans la r\u00e9alisation des \u00e9l\u00e9ments de la transition num\u00e9rique des services de sant\u00e9 dispens\u00e9s par les structures de sant\u00e9 publique en fournissant le cadre juridique appropri\u00e9 qui permet la location de m\u00e9decins directs dans le secteur public qui, en plus de leurs t\u00e2ches de base, fournissent des cliniques m\u00e9dicales \u00e0 distance dans la sp\u00e9cialit\u00e9 de l&rsquo;imagerie m\u00e9dicale au profit de structures autres que la leur, qui manquent de m\u00e9decins sp\u00e9cialis\u00e9s et les motivent \u00e0 s&rsquo;engager dans le syst\u00e8me de t\u00e9l\u00e9m\u00e9decine.<\/p>\n\n\n\n<p class=\"wp-block-paragraph\">Ce projet s&rsquo;inscrit dans le cadre du renforcement des efforts nationaux visant \u00e0 rem\u00e9dier \u00e0 la p\u00e9nurie de m\u00e9decine sp\u00e9cialis\u00e9e dans les autorit\u00e9s internes et \u00e0 faciliter l&rsquo;acc\u00e8s des citoyens aux services de sant\u00e9.<\/p>\n\n\n\n<p class=\"wp-block-paragraph\">Il a \u00e9t\u00e9 recommand\u00e9 de continuer \u00e0 travailler sur l&rsquo;utilisation des perspectives prometteuses offertes par la num\u00e9risation pour r\u00e9aliser la r\u00e9volution de la sant\u00e9 virtuelle et se tenir au courant des tendances actuelles en mati\u00e8re de soins de sant\u00e9 virtuels.<\/p>\n","protected":false},"excerpt":{"rendered":"<p>Au nom du pr\u00e9sident de la R\u00e9publique, M. Kais Saied, le chef du gouvernement, M. Kamel Maddouri, a supervis\u00e9 la r\u00e9union du Conseil des ministres du jeudi 19 d\u00e9cembre 2024, au palais du gouvernement \u00e0 la Kasbah. Au d\u00e9but des travaux du conseil, le chef du gouvernement a not\u00e9 l&rsquo;esprit de responsabilit\u00e9 et de coop\u00e9ration [&hellip;]<\/p>\n","protected":false},"author":4,"featured_media":60997,"comment_status":"open","ping_status":"closed","sticky":false,"template":"","format":"standard","meta":{"content-type":"","jnews-multi-image_gallery":[],"jnews_single_post":{"subtitle":"","format":"standard","video":"","gallery":"","source_name":"","source_url":"","via_name":"","via_url":"","override_template":"0","override":[{"template":"1","single_blog_custom":"","parallax":"1","fullscreen":"1","layout":"right-sidebar","sidebar":"default-sidebar","second_sidebar":"default-sidebar","sticky_sidebar":"1","share_position":"top","share_float_style":"share-monocrhome","show_share_counter":"1","show_view_counter":"1","show_featured":"1","show_post_meta":"1","show_post_author":"1","show_post_author_image":"1","show_post_date":"1","post_date_format":"default","post_date_format_custom":"Y\/m\/d","show_post_category":"1","show_post_reading_time":"0","post_reading_time_wpm":"300","show_zoom_button":"0","zoom_button_out_step":"2","zoom_button_in_step":"3","show_post_tag":"1","show_prev_next_post":"1","show_popup_post":"1","number_popup_post":"1","show_author_box":"0","show_post_related":"0","show_inline_post_related":"0"}],"override_image_size":"0","image_override":[{"single_post_thumbnail_size":"crop-500","single_post_gallery_size":"crop-500"}],"trending_post":"0","trending_post_position":"meta","trending_post_label":"Trending","sponsored_post":"0","sponsored_post_label":"Sponsored by","sponsored_post_name":"","sponsored_post_url":"","sponsored_post_logo_enable":"0","sponsored_post_logo":"","sponsored_post_desc":"","disable_ad":"0"},"jnews_primary_category":{"id":"","hide":""},"jnews_override_bookmark_settings":[],"jnews_review":[],"enable_review":"","type":"","name":"","summary":"","brand":"","sku":"","good":[],"bad":[],"score_override":"","override_value":"","rating":[],"price":[],"jnews_post_split":[],"footnotes":""},"categories":[2],"tags":[149,14057,14058,14060],"class_list":["post-60996","post","type-post","status-publish","format-standard","has-post-thumbnail","hentry","category-news-politique","tag-financement","tag-programme-national","tag-reunion-du-conseil-des-ministres","tag-sante-virtuelle"],"_links":{"self":[{"href":"https:\/\/www.africanchallenges.com\/index.php?rest_route=\/wp\/v2\/posts\/60996","targetHints":{"allow":["GET"]}}],"collection":[{"href":"https:\/\/www.africanchallenges.com\/index.php?rest_route=\/wp\/v2\/posts"}],"about":[{"href":"https:\/\/www.africanchallenges.com\/index.php?rest_route=\/wp\/v2\/types\/post"}],"author":[{"embeddable":true,"href":"https:\/\/www.africanchallenges.com\/index.php?rest_route=\/wp\/v2\/users\/4"}],"replies":[{"embeddable":true,"href":"https:\/\/www.africanchallenges.com\/index.php?rest_route=%2Fwp%2Fv2%2Fcomments&post=60996"}],"version-history":[{"count":2,"href":"https:\/\/www.africanchallenges.com\/index.php?rest_route=\/wp\/v2\/posts\/60996\/revisions"}],"predecessor-version":[{"id":60999,"href":"https:\/\/www.africanchallenges.com\/index.php?rest_route=\/wp\/v2\/posts\/60996\/revisions\/60999"}],"wp:featuredmedia":[{"embeddable":true,"href":"https:\/\/www.africanchallenges.com\/index.php?rest_route=\/wp\/v2\/media\/60997"}],"wp:attachment":[{"href":"https:\/\/www.africanchallenges.com\/index.php?rest_route=%2Fwp%2Fv2%2Fmedia&parent=60996"}],"wp:term":[{"taxonomy":"category","embeddable":true,"href":"https:\/\/www.africanchallenges.com\/index.php?rest_route=%2Fwp%2Fv2%2Fcategories&post=60996"},{"taxonomy":"post_tag","embeddable":true,"href":"https:\/\/www.africanchallenges.com\/index.php?rest_route=%2Fwp%2Fv2%2Ftags&post=60996"}],"curies":[{"name":"wp","href":"https:\/\/api.w.org\/{rel}","templated":true}]}}