{"id":60952,"date":"2024-12-18T08:19:41","date_gmt":"2024-12-18T07:19:41","guid":{"rendered":"https:\/\/www.africanchallenges.com\/?p=60952"},"modified":"2024-12-18T08:26:40","modified_gmt":"2024-12-18T07:26:40","slug":"14e-anniversaire-de-la-revolution-la-tunisie-entame-une-nouvelle-phase-de-son-histoire-reitere-kais-saied","status":"publish","type":"post","link":"https:\/\/www.africanchallenges.com\/?p=60952","title":{"rendered":"14\u00e8 Anniversaire de la f\u00eate de la R\u00e9volution : la Tunisie entame une nouvelle phase de son histoire r\u00e9it\u00e8re Kais Saied"},"content":{"rendered":"\n<p class=\"wp-block-paragraph\">\u00c0 l&rsquo;occasion du quatorzi\u00e8me anniversaire de la f\u00eate de la R\u00e9volution, le Pr\u00e9sident \u00a0de la R\u00e9publique Ka\u00efs Sa\u00efed s&rsquo;est rendu hier matin 17 d\u00e9cembre 2024, \u00e0 la d\u00e9l\u00e9gation de Ben Guerdane, avant de poursuivre son chemin vers la ville de Gab\u00e8s, puis vers le gouvernorat de Sidi Bouzid, point de d\u00e9part de la r\u00e9volution pour le travail, la libert\u00e9 et la dignit\u00e9 nationale.<\/p>\n\n\n\n<p class=\"wp-block-paragraph\">Le chef de l&rsquo;\u00c9tat a visit\u00e9  \u00e0 la fois  la d\u00e9l\u00e9gation de Mazouna et \u00e0 celle de Menzel Bouziane, o\u00f9 il a r\u00e9cit\u00e9 Al-Fatiha en hommage au premier martyr qui a incit\u00e9 le peuple tunisien, apr\u00e8s son sacrifice, \u00e0 renverser le r\u00e9gime , Il s&rsquo;est ensuite rendu \u00e0  la d\u00e9l\u00e9gation de Rgeb.<\/p>\n\n\n\n<p class=\"wp-block-paragraph\">Au cours de ces visites, le Pr\u00e9sident de la R\u00e9publique a \u00e9chang\u00e9 avec plusieurs citoyens, prenant en compte leurs pr\u00e9occupations.<\/p>\n\n\n\n<p class=\"wp-block-paragraph\">Il a soulign\u00e9 que la Tunisie entame une nouvelle phase de son histoire, avec des efforts en cours pour apporter des solutions durables aux revendications l\u00e9gitimes du peuple tunisien, r\u00e9affirmant que la Tunisie est engag\u00e9e dans une lutte pour la lib\u00e9ration nationale, avec pour seul objectif la victoire et la construction.<\/p>\n","protected":false},"excerpt":{"rendered":"<p>\u00c0 l&rsquo;occasion du quatorzi\u00e8me anniversaire de la f\u00eate de la R\u00e9volution, le Pr\u00e9sident \u00a0de la R\u00e9publique Ka\u00efs Sa\u00efed s&rsquo;est rendu hier matin 17 d\u00e9cembre 2024, \u00e0 la d\u00e9l\u00e9gation de Ben Guerdane, avant de poursuivre son chemin vers la ville de Gab\u00e8s, puis vers le gouvernorat de Sidi Bouzid, point de d\u00e9part de la r\u00e9volution pour [&hellip;]<\/p>\n","protected":false},"author":4,"featured_media":60953,"comment_status":"open","ping_status":"closed","sticky":false,"template":"","format":"standard","meta":{"content-type":"","jnews-multi-image_gallery":[],"jnews_single_post":{"subtitle":"","format":"standard","video":"","gallery":"","source_name":"","source_url":"","via_name":"","via_url":"","override_template":"0","override":[{"template":"1","single_blog_custom":"","parallax":"1","fullscreen":"1","layout":"right-sidebar","sidebar":"default-sidebar","second_sidebar":"default-sidebar","sticky_sidebar":"1","share_position":"top","share_float_style":"share-monocrhome","show_share_counter":"1","show_view_counter":"1","show_featured":"1","show_post_meta":"1","show_post_author":"1","show_post_author_image":"1","show_post_date":"1","post_date_format":"default","post_date_format_custom":"Y\/m\/d","show_post_category":"1","show_post_reading_time":"0","post_reading_time_wpm":"300","show_zoom_button":"0","zoom_button_out_step":"2","zoom_button_in_step":"3","show_post_tag":"1","show_prev_next_post":"1","show_popup_post":"1","number_popup_post":"1","show_author_box":"0","show_post_related":"0","show_inline_post_related":"0"}],"override_image_size":"0","image_override":[{"single_post_thumbnail_size":"crop-500","single_post_gallery_size":"crop-500"}],"trending_post":"0","trending_post_position":"meta","trending_post_label":"Trending","sponsored_post":"0","sponsored_post_label":"Sponsored by","sponsored_post_name":"","sponsored_post_url":"","sponsored_post_logo_enable":"0","sponsored_post_logo":"","sponsored_post_desc":"","disable_ad":"0"},"jnews_primary_category":{"id":"","hide":""},"jnews_override_bookmark_settings":[],"jnews_review":[],"enable_review":"","type":"","name":"","summary":"","brand":"","sku":"","good":[],"bad":[],"score_override":"","override_value":"","rating":[],"price":[],"jnews_post_split":[],"footnotes":""},"categories":[2],"tags":[209,3712,3987,14041,1190],"class_list":["post-60952","post","type-post","status-publish","format-standard","has-post-thumbnail","hentry","category-news-politique","tag-anniversaire","tag-kais-saied-2","tag-revolution","tag-siidi-bouzid","tag-visite"],"_links":{"self":[{"href":"https:\/\/www.africanchallenges.com\/index.php?rest_route=\/wp\/v2\/posts\/60952","targetHints":{"allow":["GET"]}}],"collection":[{"href":"https:\/\/www.africanchallenges.com\/index.php?rest_route=\/wp\/v2\/posts"}],"about":[{"href":"https:\/\/www.africanchallenges.com\/index.php?rest_route=\/wp\/v2\/types\/post"}],"author":[{"embeddable":true,"href":"https:\/\/www.africanchallenges.com\/index.php?rest_route=\/wp\/v2\/users\/4"}],"replies":[{"embeddable":true,"href":"https:\/\/www.africanchallenges.com\/index.php?rest_route=%2Fwp%2Fv2%2Fcomments&post=60952"}],"version-history":[{"count":5,"href":"https:\/\/www.africanchallenges.com\/index.php?rest_route=\/wp\/v2\/posts\/60952\/revisions"}],"predecessor-version":[{"id":60959,"href":"https:\/\/www.africanchallenges.com\/index.php?rest_route=\/wp\/v2\/posts\/60952\/revisions\/60959"}],"wp:featuredmedia":[{"embeddable":true,"href":"https:\/\/www.africanchallenges.com\/index.php?rest_route=\/wp\/v2\/media\/60953"}],"wp:attachment":[{"href":"https:\/\/www.africanchallenges.com\/index.php?rest_route=%2Fwp%2Fv2%2Fmedia&parent=60952"}],"wp:term":[{"taxonomy":"category","embeddable":true,"href":"https:\/\/www.africanchallenges.com\/index.php?rest_route=%2Fwp%2Fv2%2Fcategories&post=60952"},{"taxonomy":"post_tag","embeddable":true,"href":"https:\/\/www.africanchallenges.com\/index.php?rest_route=%2Fwp%2Fv2%2Ftags&post=60952"}],"curies":[{"name":"wp","href":"https:\/\/api.w.org\/{rel}","templated":true}]}}