{"id":60919,"date":"2024-12-15T19:01:16","date_gmt":"2024-12-15T18:01:16","guid":{"rendered":"https:\/\/www.africanchallenges.com\/?p=60919"},"modified":"2024-12-15T19:33:00","modified_gmt":"2024-12-15T18:33:00","slug":"tunisie-linstitut-francais-de-tunisie-ift-annonce-les-laureats-du-projet-elyssa","status":"publish","type":"post","link":"https:\/\/www.africanchallenges.com\/?p=60919","title":{"rendered":"Tunisie : L&rsquo;Institut fran\u00e7ais de Tunisie (IFT) annonce les laur\u00e9ats du projet Elyssa\u00a0\u00a0"},"content":{"rendered":"\n<p class=\"wp-block-paragraph\">L&rsquo;Institut fran\u00e7ais de Tunisie (IFT) annonce les laur\u00e9ats et laur\u00e9ates du premier appel \u00e0 candidatures \u00e0 destination des artistes visuels et musiciens \u00e9mergents dans le cadre du projet Elyssa.&nbsp;<\/p>\n\n\n\n<h5 class=\"wp-block-heading\"><strong>Le projet Elyssa<\/strong><\/h5>\n\n\n\n<p class=\"wp-block-paragraph\">Elyssa est un fonds d\u2019aide \u00e0 la cr\u00e9ation visant \u00e0 soutenir les artistes r\u00e9sidant en Tunisie dans les domaines des arts visuels et des musiques. Ce projet innovant a pour ambition d\u2019accompagner la sc\u00e8ne artistique tunisienne en offrant un soutien personnalis\u00e9 \u00e0 des artistes \u00e9mergents et confirm\u00e9s.<\/p>\n\n\n\n<h5 class=\"wp-block-heading\"><strong>Appels \u00e0 candidatures\u00a0<\/strong><\/h5>\n\n\n\n<p class=\"wp-block-paragraph\">Deux appels \u00e0 candidatures d\u00e9di\u00e9s aux artistes visuels et aux musiciens en d\u00e9but de carri\u00e8re ont \u00e9t\u00e9 ouverts du 24 octobre au 21 novembre 2024. Au total, pr\u00e8s de <strong>250 candidatures<\/strong> ont \u00e9t\u00e9 re\u00e7ues et examin\u00e9es.<\/p>\n\n\n\n<h5 class=\"wp-block-heading\"><strong>Comit\u00e9 de s\u00e9lection\u00a0<\/strong><\/h5>\n\n\n\n<p class=\"wp-block-paragraph\">Dans le cadre d\u2019Elyssa, l\u2019Institut fran\u00e7ais de Tunisie s\u2019est associ\u00e9 \u00e0 un comit\u00e9 de professionnels compos\u00e9 de personnalit\u00e9s reconnues des sc\u00e8nes artistiques tunisienne, fran\u00e7aise et internationale, \u00e0 qui le choix des projets a \u00e9t\u00e9 d\u00e9l\u00e9gu\u00e9 afin d\u2019assurer un processus de s\u00e9lection ind\u00e9pendant et collaboratif.&nbsp; Les d\u00e9lib\u00e9rations ont eu lieu les 10 et 11 d\u00e9cembre 2024, aboutissant \u00e0 la s\u00e9lection de 7<strong> projets laur\u00e9ats<\/strong> pour les musiques et <strong>12 pour les arts visuels<\/strong>.<\/p>\n\n\n\n<h5 class=\"wp-block-heading\"><strong>Composition du comit\u00e9 Arts Visuels\u00a0<\/strong><\/h5>\n\n\n\n<ul class=\"wp-block-list\">\n<li><strong>Medhi Ben Cheikh<\/strong>, galeriste, Galerie Itinerrance Paris<\/li>\n\n\n\n<li><strong>Mohamed Ben Soltane<\/strong>, artiste visuel, commissaire d\u2019exposition et co-fondateur de Jiser<\/li>\n\n\n\n<li><strong>Flora Boillot, <\/strong>cheffe de projets Arts visuels, P\u00f4le des Saisons, Institut fran\u00e7ais (Paris)<\/li>\n\n\n\n<li><strong>Julie Chenot,<\/strong> directrice de la Fondation Camargo\u00a0<\/li>\n\n\n\n<li><strong>Elsa Despiney<\/strong>, historienne de l\u2019art\u00a0<\/li>\n\n\n\n<li><strong>Selma Feriani,<\/strong> galeriste, Selma Feriani Gallery\u00a0<\/li>\n\n\n\n<li><strong>Seif Eddine Nechi,<\/strong> illustrateur et auteur de bandes dessin\u00e9es<\/li>\n\n\n\n<li><strong>Beya Othmani,<\/strong> commissaire d\u2019exposition et chercheuse au MoMA<\/li>\n<\/ul>\n\n\n\n<h5 class=\"wp-block-heading\"><strong>Composition du comit\u00e9 Musiques\u00a0<\/strong><\/h5>\n\n\n\n<ul class=\"wp-block-list\">\n<li><strong>Mohamed Ben Sa\u00efd<\/strong>, fondateur d\u2019AKACIA Production\u00a0<\/li>\n\n\n\n<li><strong>Amine Bouhafa<\/strong>, compositeur de musiques de films<\/li>\n\n\n\n<li><strong>Khalil Hentati<\/strong>, compositeur, producteur et multi-instrumentaliste\u00a0<\/li>\n\n\n\n<li><strong>Hamdi Makhlouf<\/strong>, luthiste, compositeur, po\u00e8te et musicologue<\/li>\n\n\n\n<li><strong>Amani Semaan,<\/strong> co-fondatrice et directrice de Beirut and Beyond\u00a0<\/li>\n<\/ul>\n\n\n\n<h5 class=\"wp-block-heading\"><strong>Laur\u00e9ats \u2013 Arts Visuels\u00a0<\/strong><\/h5>\n\n\n\n<ol class=\"wp-block-list\">\n<li>Safa ATTIAOUI (dessin, installation)<\/li>\n\n\n\n<li>Mariam AYADI (peinture)<\/li>\n\n\n\n<li>Myriame DACHRAOUI (peinture)<\/li>\n\n\n\n<li>Kais DHIFI (sculpture, installation, land art)<\/li>\n\n\n\n<li>FYMA (bin\u00f4me) : Feriel MESBAH &amp; Yosr AMMAR (architecture)<\/li>\n\n\n\n<li>Achref GUESMI (vid\u00e9ographie, photographie)<\/li>\n\n\n\n<li>Zeineb KAABI (art lumineux, vid\u00e9o exp\u00e9rimentale, photographie et data visualisation)<\/li>\n\n\n\n<li>Bader KLIDI (peinture, sculpture, installation, musique)<\/li>\n\n\n\n<li>Amira LAMTI (photographie, vid\u00e9ographie et installation)<\/li>\n\n\n\n<li>Mohamed Ali OUERTANI (c\u00e9ramique, design \u00e9cologique)<\/li>\n\n\n\n<li>Yassine SELLAMI (dessin, peinture, sculpture)<\/li>\n\n\n\n<li>Bachir TAYACHI (installation)<\/li>\n<\/ol>\n\n\n\n<h5 class=\"wp-block-heading\"><strong>Laur\u00e9ats \u2013 Musiques\u00a0<\/strong><\/h5>\n\n\n\n<p class=\"wp-block-paragraph\">Nejia ABIDI MALKI (pop tunisienne)<\/p>\n\n\n\n<ul class=\"wp-block-list\">\n<li>Soudani CHOUROUK (pop)<\/li>\n\n\n\n<li>Aymen GOUBBA (world music, traditionnel, electro)<\/li>\n\n\n\n<li>Mariem HAMROUNI (ethno electro, deep folk)<\/li>\n\n\n\n<li>Dhirar KEFI (ethno electro jazz)<\/li>\n\n\n\n<li>Ahmed LITAEIM (hybride, electro-acoustic fusion)<\/li>\n\n\n\n<li>Chaima MAHMOUD (Indie Pop)<\/li>\n<\/ul>\n","protected":false},"excerpt":{"rendered":"<p>L&rsquo;Institut fran\u00e7ais de Tunisie (IFT) annonce les laur\u00e9ats et laur\u00e9ates du premier appel \u00e0 candidatures \u00e0 destination des artistes visuels et musiciens \u00e9mergents dans le cadre du projet Elyssa.&nbsp; Le projet Elyssa Elyssa est un fonds d\u2019aide \u00e0 la cr\u00e9ation visant \u00e0 soutenir les artistes r\u00e9sidant en Tunisie dans les domaines des arts visuels et [&hellip;]<\/p>\n","protected":false},"author":4,"featured_media":60931,"comment_status":"open","ping_status":"closed","sticky":false,"template":"","format":"standard","meta":{"content-type":"","jnews-multi-image_gallery":[],"jnews_single_post":{"subtitle":"","format":"standard","video":"","gallery":"","source_name":"","source_url":"","via_name":"","via_url":"","override_template":"0","override":[{"template":"1","single_blog_custom":"","parallax":"1","fullscreen":"1","layout":"right-sidebar","sidebar":"default-sidebar","second_sidebar":"default-sidebar","sticky_sidebar":"1","share_position":"top","share_float_style":"share-monocrhome","show_share_counter":"1","show_view_counter":"1","show_featured":"1","show_post_meta":"1","show_post_author":"1","show_post_author_image":"1","show_post_date":"1","post_date_format":"default","post_date_format_custom":"Y\/m\/d","show_post_category":"1","show_post_reading_time":"0","post_reading_time_wpm":"300","show_zoom_button":"0","zoom_button_out_step":"2","zoom_button_in_step":"3","show_post_tag":"1","show_prev_next_post":"1","show_popup_post":"1","number_popup_post":"1","show_author_box":"0","show_post_related":"0","show_inline_post_related":"0"}],"override_image_size":"0","image_override":[{"single_post_thumbnail_size":"crop-500","single_post_gallery_size":"crop-500"}],"trending_post":"0","trending_post_position":"meta","trending_post_label":"Trending","sponsored_post":"0","sponsored_post_label":"Sponsored by","sponsored_post_name":"","sponsored_post_url":"","sponsored_post_logo_enable":"0","sponsored_post_logo":"","sponsored_post_desc":"","disable_ad":"0"},"jnews_primary_category":{"id":"","hide":""},"jnews_override_bookmark_settings":[],"jnews_review":[],"enable_review":"","type":"","name":"","summary":"","brand":"","sku":"","good":[],"bad":[],"score_override":"","override_value":"","rating":[],"price":[],"jnews_post_split":[],"footnotes":""},"categories":[17],"tags":[14029,1691,13528,54],"class_list":["post-60919","post","type-post","status-publish","format-standard","has-post-thumbnail","hentry","category-entertainment","tag-ift","tag-laureats","tag-projet-elyssa","tag-tunisie"],"_links":{"self":[{"href":"https:\/\/www.africanchallenges.com\/index.php?rest_route=\/wp\/v2\/posts\/60919","targetHints":{"allow":["GET"]}}],"collection":[{"href":"https:\/\/www.africanchallenges.com\/index.php?rest_route=\/wp\/v2\/posts"}],"about":[{"href":"https:\/\/www.africanchallenges.com\/index.php?rest_route=\/wp\/v2\/types\/post"}],"author":[{"embeddable":true,"href":"https:\/\/www.africanchallenges.com\/index.php?rest_route=\/wp\/v2\/users\/4"}],"replies":[{"embeddable":true,"href":"https:\/\/www.africanchallenges.com\/index.php?rest_route=%2Fwp%2Fv2%2Fcomments&post=60919"}],"version-history":[{"count":1,"href":"https:\/\/www.africanchallenges.com\/index.php?rest_route=\/wp\/v2\/posts\/60919\/revisions"}],"predecessor-version":[{"id":60920,"href":"https:\/\/www.africanchallenges.com\/index.php?rest_route=\/wp\/v2\/posts\/60919\/revisions\/60920"}],"wp:featuredmedia":[{"embeddable":true,"href":"https:\/\/www.africanchallenges.com\/index.php?rest_route=\/wp\/v2\/media\/60931"}],"wp:attachment":[{"href":"https:\/\/www.africanchallenges.com\/index.php?rest_route=%2Fwp%2Fv2%2Fmedia&parent=60919"}],"wp:term":[{"taxonomy":"category","embeddable":true,"href":"https:\/\/www.africanchallenges.com\/index.php?rest_route=%2Fwp%2Fv2%2Fcategories&post=60919"},{"taxonomy":"post_tag","embeddable":true,"href":"https:\/\/www.africanchallenges.com\/index.php?rest_route=%2Fwp%2Fv2%2Ftags&post=60919"}],"curies":[{"name":"wp","href":"https:\/\/api.w.org\/{rel}","templated":true}]}}