{"id":60689,"date":"2024-12-06T19:39:54","date_gmt":"2024-12-06T18:39:54","guid":{"rendered":"https:\/\/www.africanchallenges.com\/?p=60689"},"modified":"2024-12-06T19:40:14","modified_gmt":"2024-12-06T18:40:14","slug":"tunisie-inauguration-de-deux-projets-de-production-delectricite-a-partir-de-lenergie-solaire-a-kasserine","status":"publish","type":"post","link":"https:\/\/www.africanchallenges.com\/?p=60689","title":{"rendered":"Tunisie : Inauguration de deux projets de production d\u2019\u00e9lectricit\u00e9 \u00e0 partir de l\u2019\u00e9nergie solaire \u00e0 Kasserine"},"content":{"rendered":"\n<p class=\"wp-block-paragraph\">La Ministre de l\u2019Industrie, des Mines et de l\u2019Energie, Mme Fatima Thabet Chiboub, a supervis\u00e9, vendredi 6 d\u00e9cembre, la c\u00e9r\u00e9monie d\u2019inauguration &nbsp;de deux projets de production d\u2019\u00e9lectricit\u00e9 \u00e0 partir de l\u2019\u00e9nergie solaire photovolta\u00efque d\u2019une capacit\u00e9 de 10 MW pour chaque projet, dans la d\u00e9l\u00e9gation de Feriana du gouvernorat de Kasserine, en pr\u00e9sence du Secr\u00e9taire d\u2019Etat charg\u00e9 de la Transition Energ\u00e9tique, M. Wael Chouchane, du Pr\u00e9sident et Directeur G\u00e9n\u00e9ral de la Soci\u00e9t\u00e9 Tunisienne de l\u2019Electricit\u00e9 et du Gaz, M. Fay\u00e7al Tarifa, du Directeur G\u00e9n\u00e9ral de l\u2019Electricit\u00e9 et de la Transition Energ\u00e9tique, M. Belhassen Chiboub, des repr\u00e9sentants des entreprises investissant dans le projet et des bailleurs de fonds.<\/p>\n\n\n\n<p class=\"wp-block-paragraph\">Ces projets sont mis en \u0153uvre par Qair et Mazarine dans le cadre du syst\u00e8me d\u2019agr\u00e9ment et financ\u00e9s par la Banque europ\u00e9enne pour la reconstruction et le d\u00e9veloppement pour un co\u00fbt d\u2019environ 14,5 millions d\u2019euros (48 millions de dinars).<\/p>\n\n\n\n<p class=\"wp-block-paragraph\">La ministre a soulign\u00e9 que ces deux projets contribueront \u00e0 renforcer le r\u00e9seau \u00e9lectrique national, ainsi qu\u2019\u00e0 assurer la qualit\u00e9 et la continuit\u00e9 de l\u2019approvisionnement en \u00e9lectricit\u00e9 dans la r\u00e9gion et \u00e0 r\u00e9pondre \u00e0 la demande, notamment pendant la p\u00e9riode de pointe de consommation.<\/p>\n\n\n\n<p class=\"wp-block-paragraph\">Elle a ajout\u00e9 que la r\u00e9alisation de ces projets s\u2019inscrit dans le cadre de la mise en \u0153uvre de la strat\u00e9gie nationale de transition \u00e9nerg\u00e9tique en atteignant le taux d\u2019int\u00e9gration des \u00e9nergies renouvelables dans le mix \u00e9lectrique national de 35% d\u2019ici 2030, ce qui contribuera \u00e9galement \u00e0 encourager davantage les investissements dans le domaine des \u00e9nergies propres en contrepartie de la r\u00e9duction du d\u00e9ficit du bilan \u00e9nerg\u00e9tique primaire.<\/p>\n\n\n\n<p class=\"wp-block-paragraph\">Pour sa part, M. Wael Shoshan a expliqu\u00e9 que ces deux projets permettront de produire de l\u2019\u00e9lectricit\u00e9 \u00e9quivalente \u00e0 la consommation d\u2019environ 30 000 foyers et de r\u00e9aliser une \u00e9conomie d\u2019environ 8 000 tonnes de gaz naturel annuellement d\u2019une valeur d\u2019environ 4 millions de dollars.<\/p>\n\n\n\n<p class=\"wp-block-paragraph\">Il a \u00e9galement d\u00e9clar\u00e9 que les deux projets contribueront \u00e0 r\u00e9duire les \u00e9missions de gaz \u00e0 effet de serre d\u2019environ 17 000 tonnes par an. Ils devraient \u00eatre en production avant l\u2019\u00e9t\u00e9 2025.<\/p>\n","protected":false},"excerpt":{"rendered":"<p>La Ministre de l\u2019Industrie, des Mines et de l\u2019Energie, Mme Fatima Thabet Chiboub, a supervis\u00e9, vendredi 6 d\u00e9cembre, la c\u00e9r\u00e9monie d\u2019inauguration &nbsp;de deux projets de production d\u2019\u00e9lectricit\u00e9 \u00e0 partir de l\u2019\u00e9nergie solaire photovolta\u00efque d\u2019une capacit\u00e9 de 10 MW pour chaque projet, dans la d\u00e9l\u00e9gation de Feriana du gouvernorat de Kasserine, en pr\u00e9sence du Secr\u00e9taire d\u2019Etat [&hellip;]<\/p>\n","protected":false},"author":4,"featured_media":60690,"comment_status":"open","ping_status":"closed","sticky":false,"template":"","format":"standard","meta":{"content-type":"","jnews-multi-image_gallery":[],"jnews_single_post":{"subtitle":"","format":"standard","video":"","gallery":"","source_name":"","source_url":"","via_name":"","via_url":"","override_template":"0","override":[{"template":"1","single_blog_custom":"","parallax":"1","fullscreen":"1","layout":"right-sidebar","sidebar":"default-sidebar","second_sidebar":"default-sidebar","sticky_sidebar":"1","share_position":"top","share_float_style":"share-monocrhome","show_share_counter":"1","show_view_counter":"1","show_featured":"1","show_post_meta":"1","show_post_author":"1","show_post_author_image":"1","show_post_date":"1","post_date_format":"default","post_date_format_custom":"Y\/m\/d","show_post_category":"1","show_post_reading_time":"0","post_reading_time_wpm":"300","show_zoom_button":"0","zoom_button_out_step":"2","zoom_button_in_step":"3","show_post_tag":"1","show_prev_next_post":"1","show_popup_post":"1","number_popup_post":"1","show_author_box":"0","show_post_related":"0","show_inline_post_related":"0"}],"override_image_size":"0","image_override":[{"single_post_thumbnail_size":"crop-500","single_post_gallery_size":"crop-500"}],"trending_post":"0","trending_post_position":"meta","trending_post_label":"Trending","sponsored_post":"0","sponsored_post_label":"Sponsored by","sponsored_post_name":"","sponsored_post_url":"","sponsored_post_logo_enable":"0","sponsored_post_logo":"","sponsored_post_desc":"","disable_ad":"0"},"jnews_primary_category":{"id":"","hide":""},"jnews_override_bookmark_settings":[],"jnews_review":[],"enable_review":"","type":"","name":"","summary":"","brand":"","sku":"","good":[],"bad":[],"score_override":"","override_value":"","rating":[],"price":[],"jnews_post_split":[],"footnotes":""},"categories":[2],"tags":[227,602,9851],"class_list":["post-60689","post","type-post","status-publish","format-standard","has-post-thumbnail","hentry","category-news-politique","tag-inauguration","tag-kasserine","tag-lenergie-solaire"],"_links":{"self":[{"href":"https:\/\/www.africanchallenges.com\/index.php?rest_route=\/wp\/v2\/posts\/60689","targetHints":{"allow":["GET"]}}],"collection":[{"href":"https:\/\/www.africanchallenges.com\/index.php?rest_route=\/wp\/v2\/posts"}],"about":[{"href":"https:\/\/www.africanchallenges.com\/index.php?rest_route=\/wp\/v2\/types\/post"}],"author":[{"embeddable":true,"href":"https:\/\/www.africanchallenges.com\/index.php?rest_route=\/wp\/v2\/users\/4"}],"replies":[{"embeddable":true,"href":"https:\/\/www.africanchallenges.com\/index.php?rest_route=%2Fwp%2Fv2%2Fcomments&post=60689"}],"version-history":[{"count":1,"href":"https:\/\/www.africanchallenges.com\/index.php?rest_route=\/wp\/v2\/posts\/60689\/revisions"}],"predecessor-version":[{"id":60691,"href":"https:\/\/www.africanchallenges.com\/index.php?rest_route=\/wp\/v2\/posts\/60689\/revisions\/60691"}],"wp:featuredmedia":[{"embeddable":true,"href":"https:\/\/www.africanchallenges.com\/index.php?rest_route=\/wp\/v2\/media\/60690"}],"wp:attachment":[{"href":"https:\/\/www.africanchallenges.com\/index.php?rest_route=%2Fwp%2Fv2%2Fmedia&parent=60689"}],"wp:term":[{"taxonomy":"category","embeddable":true,"href":"https:\/\/www.africanchallenges.com\/index.php?rest_route=%2Fwp%2Fv2%2Fcategories&post=60689"},{"taxonomy":"post_tag","embeddable":true,"href":"https:\/\/www.africanchallenges.com\/index.php?rest_route=%2Fwp%2Fv2%2Ftags&post=60689"}],"curies":[{"name":"wp","href":"https:\/\/api.w.org\/{rel}","templated":true}]}}