{"id":60564,"date":"2024-12-02T09:35:43","date_gmt":"2024-12-02T08:35:43","guid":{"rendered":"https:\/\/www.africanchallenges.com\/?p=60564"},"modified":"2024-12-02T09:50:35","modified_gmt":"2024-12-02T08:50:35","slug":"tunisie-le-secretaire-detat-charge-de-la-transition-energetique-wael-chouchane-effectue-une-visite-de-suivi-a-la-centrale-solaire-photovoltaique-de-kairouan","status":"publish","type":"post","link":"https:\/\/www.africanchallenges.com\/?p=60564","title":{"rendered":"Tunisie : Le secr\u00e9taire d&rsquo;Etat charg\u00e9 de la transition Energ\u00e9tique, Wael Chouchane effectue une visite de suivi \u00e0 la centrale solaire photovolta\u00efque de Kairouan"},"content":{"rendered":"\n<p class=\"wp-block-paragraph\">Le dimanche 1er d\u00e9cembre 2024, M. Wa\u00ebl Chouchane, Secr\u00e9taire d\u2019Etat  charg\u00e9 de la Transition \u00e9nerg\u00e9tique, a effectu\u00e9 une visite de suivi \u00e0 la centrale solaire photovolta\u00efque situ\u00e9e dans le gouvernorat de Kairouan, o\u00f9 il a examin\u00e9 l&rsquo;\u00e9tat d&rsquo;avancement des travaux relatifs \u00e0 ce projet.<\/p>\n\n\n\n<p class=\"wp-block-paragraph\">Lors de cette visite, M. Chouchane \u00e9tait accompagn\u00e9 de M. Dhakir Bargawi, Gouverneur de la r\u00e9gion, de M. Nabil Hamdi, d\u00e9put\u00e9 \u00e0 l\u2019Assembl\u00e9e des repr\u00e9sentants du peuple, ainsi que de membres des conseils locaux, dont M. Abdelwahab Abdelkader. \u00c9taient \u00e9galement pr\u00e9sents des responsables r\u00e9gionaux et locaux, ainsi que des repr\u00e9sentants de la Soci\u00e9t\u00e9 Tunisienne de l\u2019Electricit\u00e9 et du Gaz. Une d\u00e9l\u00e9gation de la soci\u00e9t\u00e9 en charge de la supervision du projet, \u00ab AMEA Power \u00bb, dirig\u00e9e par M. Sahbi Amara, Directeur G\u00e9n\u00e9ral R\u00e9gional, ainsi que M. Hamza Barakat, chef de projet, et des repr\u00e9sentants de la soci\u00e9t\u00e9 chinoise \u00ab China Energy \u00bb, responsable de la r\u00e9alisation du projet, ont \u00e9galement pris part \u00e0 cette visite.<\/p>\n\n\n\n<p class=\"wp-block-paragraph\">En marge de cette visite, M. Wael Chouchane a pr\u00e9sid\u00e9 une r\u00e9union o\u00f9 il a \u00e9t\u00e9 question de l&rsquo;avancement des travaux de construction de la station, ainsi que de la r\u00e9vision du calendrier des \u00e9tapes \u00e0 venir afin de respecter les d\u00e9lais pr\u00e9vus. Il convient de mentionner que les travaux de g\u00e9nie civil ont d\u00e9j\u00e0 d\u00e9but\u00e9 et que les \u00e9quipements n\u00e9cessaires au projet ont \u00e9t\u00e9 livr\u00e9s. <\/p>\n\n\n\n<p class=\"wp-block-paragraph\">Dans son discours, M. Wael Chouchane a mis en avant l&rsquo;importance de ce projet, qui dispose d&rsquo;une capacit\u00e9 de 100 MW, et son r\u00f4le dans la r\u00e9duction des co\u00fbts \u00e9nerg\u00e9tiques tout en soutenant les objectifs nationaux d&rsquo;acc\u00e9l\u00e9ration de la transition \u00e9nerg\u00e9tique. Il a insist\u00e9 sur la n\u00e9cessit\u00e9 de suivre le calendrier \u00e9tabli pour garantir l&rsquo;ach\u00e8vement du projet dans les d\u00e9lais impartis. <\/p>\n\n\n\n<p class=\"wp-block-paragraph\">De son c\u00f4t\u00e9, Mme Donia Mejri, directrice de la sant\u00e9, de la s\u00e9curit\u00e9 et de l&rsquo;environnement chez AMEA Power, a soulign\u00e9 l&rsquo;importance de la responsabilit\u00e9 sociale associ\u00e9e \u00e0 ce projet. Elle a annonc\u00e9 que l&rsquo;entreprise envisageait de r\u00e9aliser des initiatives de d\u00e9veloppement au b\u00e9n\u00e9fice des communaut\u00e9s environnantes, telles que l&rsquo;installation de panneaux solaires dans les \u00e9coles et les centres de sant\u00e9, ainsi que l&rsquo;acquisition de mat\u00e9riel m\u00e9dical et la fourniture de fourrage agricole pour la r\u00e9gion. <\/p>\n\n\n\n<p class=\"wp-block-paragraph\">Il est \u00e0 noter que la construction de cette centrale fait partie de la premi\u00e8re phase du programme de production d&rsquo;\u00e9nergie renouvelable, qui comprend cinq projets destin\u00e9s \u00e0 produire de l&rsquo;\u00e9lectricit\u00e9 \u00e0 partir de l&rsquo;\u00e9nergie solaire, totalisant une capacit\u00e9 de 500 MW r\u00e9partie sur cinq gouvernorats: Tataouine (200 MW), Tozeur (50 MW), Sidi Bouzid (50 MW), Kairouan (100 MW) et Gafsa (100 MW) dans le cadre du r\u00e9gime des  licences.<\/p>\n","protected":false},"excerpt":{"rendered":"<p>Le dimanche 1er d\u00e9cembre 2024, M. Wa\u00ebl Chouchane, Secr\u00e9taire d\u2019Etat charg\u00e9 de la Transition \u00e9nerg\u00e9tique, a effectu\u00e9 une visite de suivi \u00e0 la centrale solaire photovolta\u00efque situ\u00e9e dans le gouvernorat de Kairouan, o\u00f9 il a examin\u00e9 l&rsquo;\u00e9tat d&rsquo;avancement des travaux relatifs \u00e0 ce projet. Lors de cette visite, M. Chouchane \u00e9tait accompagn\u00e9 de M. Dhakir [&hellip;]<\/p>\n","protected":false},"author":4,"featured_media":60565,"comment_status":"open","ping_status":"closed","sticky":false,"template":"","format":"standard","meta":{"content-type":"","jnews-multi-image_gallery":[],"jnews_single_post":{"subtitle":"","format":"standard","video":"","gallery":"","source_name":"","source_url":"","via_name":"","via_url":"","override_template":"0","override":[{"template":"1","single_blog_custom":"","parallax":"1","fullscreen":"1","layout":"right-sidebar","sidebar":"default-sidebar","second_sidebar":"default-sidebar","sticky_sidebar":"1","share_position":"top","share_float_style":"share-monocrhome","show_share_counter":"1","show_view_counter":"1","show_featured":"1","show_post_meta":"1","show_post_author":"1","show_post_author_image":"1","show_post_date":"1","post_date_format":"default","post_date_format_custom":"Y\/m\/d","show_post_category":"1","show_post_reading_time":"0","post_reading_time_wpm":"300","show_zoom_button":"0","zoom_button_out_step":"2","zoom_button_in_step":"3","show_post_tag":"1","show_prev_next_post":"1","show_popup_post":"1","number_popup_post":"1","show_author_box":"0","show_post_related":"0","show_inline_post_related":"0"}],"override_image_size":"0","image_override":[{"single_post_thumbnail_size":"crop-500","single_post_gallery_size":"crop-500"}],"trending_post":"0","trending_post_position":"meta","trending_post_label":"Trending","sponsored_post":"0","sponsored_post_label":"Sponsored by","sponsored_post_name":"","sponsored_post_url":"","sponsored_post_logo_enable":"0","sponsored_post_logo":"","sponsored_post_desc":"","disable_ad":"0"},"jnews_primary_category":{"id":"","hide":""},"jnews_override_bookmark_settings":[],"jnews_review":[],"enable_review":"","type":"","name":"","summary":"","brand":"","sku":"","good":[],"bad":[],"score_override":"","override_value":"","rating":[],"price":[],"jnews_post_split":[],"footnotes":""},"categories":[2],"tags":[10881,257,1190,11464],"class_list":["post-60564","post","type-post","status-publish","format-standard","has-post-thumbnail","hentry","category-news-politique","tag-centrale-solaire-photovoltaique","tag-kairouan","tag-visite","tag-wael-chouchane"],"_links":{"self":[{"href":"https:\/\/www.africanchallenges.com\/index.php?rest_route=\/wp\/v2\/posts\/60564","targetHints":{"allow":["GET"]}}],"collection":[{"href":"https:\/\/www.africanchallenges.com\/index.php?rest_route=\/wp\/v2\/posts"}],"about":[{"href":"https:\/\/www.africanchallenges.com\/index.php?rest_route=\/wp\/v2\/types\/post"}],"author":[{"embeddable":true,"href":"https:\/\/www.africanchallenges.com\/index.php?rest_route=\/wp\/v2\/users\/4"}],"replies":[{"embeddable":true,"href":"https:\/\/www.africanchallenges.com\/index.php?rest_route=%2Fwp%2Fv2%2Fcomments&post=60564"}],"version-history":[{"count":9,"href":"https:\/\/www.africanchallenges.com\/index.php?rest_route=\/wp\/v2\/posts\/60564\/revisions"}],"predecessor-version":[{"id":60576,"href":"https:\/\/www.africanchallenges.com\/index.php?rest_route=\/wp\/v2\/posts\/60564\/revisions\/60576"}],"wp:featuredmedia":[{"embeddable":true,"href":"https:\/\/www.africanchallenges.com\/index.php?rest_route=\/wp\/v2\/media\/60565"}],"wp:attachment":[{"href":"https:\/\/www.africanchallenges.com\/index.php?rest_route=%2Fwp%2Fv2%2Fmedia&parent=60564"}],"wp:term":[{"taxonomy":"category","embeddable":true,"href":"https:\/\/www.africanchallenges.com\/index.php?rest_route=%2Fwp%2Fv2%2Fcategories&post=60564"},{"taxonomy":"post_tag","embeddable":true,"href":"https:\/\/www.africanchallenges.com\/index.php?rest_route=%2Fwp%2Fv2%2Ftags&post=60564"}],"curies":[{"name":"wp","href":"https:\/\/api.w.org\/{rel}","templated":true}]}}