{"id":60562,"date":"2024-12-02T09:21:08","date_gmt":"2024-12-02T08:21:08","guid":{"rendered":"https:\/\/www.africanchallenges.com\/?p=60562"},"modified":"2024-12-02T09:21:10","modified_gmt":"2024-12-02T08:21:10","slug":"la-tunisie-participe-a-la-conference-ministerielle-sur-la-reponse-humanitaire-a-gaza-au-caire","status":"publish","type":"post","link":"https:\/\/www.africanchallenges.com\/?p=60562","title":{"rendered":"La Tunisie participe \u00e0 la Conf\u00e9rence minist\u00e9rielle sur la r\u00e9ponse humanitaire \u00e0 Gaza au Caire"},"content":{"rendered":"\n<p class=\"wp-block-paragraph\">Sur instructions de son Excellence Monsieur le Pr\u00e9sident de la R\u00e9publique, le Ministre des Affaires \u00c9trang\u00e8res, de la Migration et des Tunisiens \u00e0 l\u2019\u00c9tranger, M. Mohamed Ali Nafti, participera \u00e0 la Conf\u00e9rence minist\u00e9rielle sur la r\u00e9ponse humanitaire \u00e0 Gaza, qui se tiendra au Caire le 2 d\u00e9cembre 2024. L&rsquo;objectif de cette rencontre est de discuter des moyens de faire face \u00e0 la catastrophe humanitaire dans la Bande de Gaza, de prendre les mesures logistiques urgentes et n\u00e9cessaires pour permettre l&rsquo;acheminement imm\u00e9diat, \u00e9largi, s\u00fbr et sans entrave de l\u2019aide, et de renforcer la pression en vue d\u2019un arr\u00eat de l\u2019agression contre la Bande de Gaza.<\/p>\n\n\n\n<p class=\"wp-block-paragraph\">Cette r\u00e9union a \u00e9t\u00e9 convoqu\u00e9e par l\u2019\u00c9gypte, le Bureau des Nations Unies pour les Affaires Humanitaires et la Reconstruction \u00e0 Gaza, l&rsquo;Agence des Nations Unies pour les R\u00e9fugi\u00e9s de Palestine au Proche-Orient (UNRWA) et le Bureau de Coordination des Affaires Humanitaires des Nations Unies dans les Territoires Palestiniens Occup\u00e9s (OCHA).<\/p>\n\n\n\n<p class=\"wp-block-paragraph\">En marge des travaux de la Conf\u00e9rence, M. le Ministre tiendra des rencontres bilat\u00e9rales avec ses homologues de plusieurs pays fr\u00e8res et amis. Ces \u00e9changes porteront \u00e0 la fois sur les th\u00e9matiques abord\u00e9es lors de la Conf\u00e9rence et sur les moyens de renforcer davantage les relations de coop\u00e9ration bilat\u00e9rale.<\/p>\n","protected":false},"excerpt":{"rendered":"<p>Sur instructions de son Excellence Monsieur le Pr\u00e9sident de la R\u00e9publique, le Ministre des Affaires \u00c9trang\u00e8res, de la Migration et des Tunisiens \u00e0 l\u2019\u00c9tranger, M. Mohamed Ali Nafti, participera \u00e0 la Conf\u00e9rence minist\u00e9rielle sur la r\u00e9ponse humanitaire \u00e0 Gaza, qui se tiendra au Caire le 2 d\u00e9cembre 2024. L&rsquo;objectif de cette rencontre est de discuter [&hellip;]<\/p>\n","protected":false},"author":4,"featured_media":20675,"comment_status":"open","ping_status":"closed","sticky":false,"template":"","format":"standard","meta":{"content-type":"","jnews-multi-image_gallery":[],"jnews_single_post":{"subtitle":"","format":"standard","video":"","gallery":"","source_name":"","source_url":"","via_name":"","via_url":"","override_template":"0","override":[{"template":"1","single_blog_custom":"","parallax":"1","fullscreen":"1","layout":"right-sidebar","sidebar":"default-sidebar","second_sidebar":"default-sidebar","sticky_sidebar":"1","share_position":"top","share_float_style":"share-monocrhome","show_share_counter":"1","show_view_counter":"1","show_featured":"1","show_post_meta":"1","show_post_author":"1","show_post_author_image":"1","show_post_date":"1","post_date_format":"default","post_date_format_custom":"Y\/m\/d","show_post_category":"1","show_post_reading_time":"0","post_reading_time_wpm":"300","show_zoom_button":"0","zoom_button_out_step":"2","zoom_button_in_step":"3","show_post_tag":"1","show_prev_next_post":"1","show_popup_post":"1","number_popup_post":"1","show_author_box":"0","show_post_related":"0","show_inline_post_related":"0"}],"override_image_size":"0","image_override":[{"single_post_thumbnail_size":"crop-500","single_post_gallery_size":"crop-500"}],"trending_post":"0","trending_post_position":"meta","trending_post_label":"Trending","sponsored_post":"0","sponsored_post_label":"Sponsored by","sponsored_post_name":"","sponsored_post_url":"","sponsored_post_logo_enable":"0","sponsored_post_logo":"","sponsored_post_desc":"","disable_ad":"0"},"jnews_primary_category":{"id":"","hide":""},"jnews_override_bookmark_settings":[],"jnews_review":[],"enable_review":"","type":"","name":"","summary":"","brand":"","sku":"","good":[],"bad":[],"score_override":"","override_value":"","rating":[],"price":[],"jnews_post_split":[],"footnotes":""},"categories":[2],"tags":[13910,12907,54],"class_list":["post-60562","post","type-post","status-publish","format-standard","has-post-thumbnail","hentry","category-news-politique","tag-conference-ministerielle-sur-la-reponse-humanitaire-a-gaza","tag-mohamed-ali-nafti","tag-tunisie"],"_links":{"self":[{"href":"https:\/\/www.africanchallenges.com\/index.php?rest_route=\/wp\/v2\/posts\/60562","targetHints":{"allow":["GET"]}}],"collection":[{"href":"https:\/\/www.africanchallenges.com\/index.php?rest_route=\/wp\/v2\/posts"}],"about":[{"href":"https:\/\/www.africanchallenges.com\/index.php?rest_route=\/wp\/v2\/types\/post"}],"author":[{"embeddable":true,"href":"https:\/\/www.africanchallenges.com\/index.php?rest_route=\/wp\/v2\/users\/4"}],"replies":[{"embeddable":true,"href":"https:\/\/www.africanchallenges.com\/index.php?rest_route=%2Fwp%2Fv2%2Fcomments&post=60562"}],"version-history":[{"count":1,"href":"https:\/\/www.africanchallenges.com\/index.php?rest_route=\/wp\/v2\/posts\/60562\/revisions"}],"predecessor-version":[{"id":60563,"href":"https:\/\/www.africanchallenges.com\/index.php?rest_route=\/wp\/v2\/posts\/60562\/revisions\/60563"}],"wp:featuredmedia":[{"embeddable":true,"href":"https:\/\/www.africanchallenges.com\/index.php?rest_route=\/wp\/v2\/media\/20675"}],"wp:attachment":[{"href":"https:\/\/www.africanchallenges.com\/index.php?rest_route=%2Fwp%2Fv2%2Fmedia&parent=60562"}],"wp:term":[{"taxonomy":"category","embeddable":true,"href":"https:\/\/www.africanchallenges.com\/index.php?rest_route=%2Fwp%2Fv2%2Fcategories&post=60562"},{"taxonomy":"post_tag","embeddable":true,"href":"https:\/\/www.africanchallenges.com\/index.php?rest_route=%2Fwp%2Fv2%2Ftags&post=60562"}],"curies":[{"name":"wp","href":"https:\/\/api.w.org\/{rel}","templated":true}]}}