{"id":60463,"date":"2024-11-28T22:29:34","date_gmt":"2024-11-28T21:29:34","guid":{"rendered":"https:\/\/www.africanchallenges.com\/?p=60463"},"modified":"2024-11-28T22:37:48","modified_gmt":"2024-11-28T21:37:48","slug":"partenariat-tunisie-union-europeenne-7eme-reunion-du-comite-de-pilotage-thamm","status":"publish","type":"post","link":"https:\/\/www.africanchallenges.com\/?p=60463","title":{"rendered":"Partenariat Tunisie Union europ\u00e9enne:  7eme r\u00e9union du Comit\u00e9 de pilotage THAMM"},"content":{"rendered":"\n<p class=\"wp-block-paragraph\"> Le 20 novembre 2024 s\u2019est tenu, \u00e0 Tunis, le 7eme Comit\u00e9 de pilotage national (CPN) du programme THAMM Tunisie. Cette r\u00e9union a permis aux partenaires et aux diff\u00e9rentes agences assurant la mise en oeuvre du programme (GIZ, OFII, OIT, OIM et Enabel) d\u2019\u00e9changer sur les avanc\u00e9es de cette initiative qui contribue \u00e0 renforcer la gouvernance de la migration et de la mobilit\u00e9 de main d\u2019oeuvre. Au cours de cet \u00e9change, l\u2019Ambassade de Belgique, Enabel et les institutions tunisiennes en charge de l\u2019emploi et de la formation professionnelle ont pu revenir sur les r\u00e9sultats atteints au travers du projet THAMM Enabel dont la mise en oeuvre se terminera le 31 d\u00e9cembre 2024. Parmi ces r\u00e9sultats, nous pouvons notamment citer : <\/p>\n\n\n\n<p class=\"wp-block-paragraph\"><img decoding=\"async\" height=\"16\" width=\"16\" src=\"https:\/\/static.xx.fbcdn.net\/images\/emoji.php\/v9\/t33\/1\/16\/2705.png\" alt=\"\u2705\"> La mise en place de processus de coop\u00e9ration permettant un transfert d\u2019expertise et l\u2019\u00e9tablissement de sch\u00e9mas de mobilit\u00e9 r\u00e9guli\u00e8re, coordonn\u00e9e et s\u00fbre entre l\u2019ANETI et les agences de l\u2019emploi wallonne, FOREM, et flamande, VDAB <\/p>\n\n\n\n<p class=\"wp-block-paragraph\"><img decoding=\"async\" height=\"16\" width=\"16\" src=\"https:\/\/static.xx.fbcdn.net\/images\/emoji.php\/v9\/t33\/1\/16\/2705.png\" alt=\"\u2705\"> La mont\u00e9e en comp\u00e9tences des services de l\u2019emploi et de la formation professionnelle tunisienne contribuant \u00e0 renforcer la r\u00e9ponse aux besoins en recrutement des entreprises :<\/p>\n\n\n\n<p class=\"wp-block-paragraph\"> <img decoding=\"async\" height=\"16\" width=\"16\" src=\"https:\/\/static.xx.fbcdn.net\/images\/emoji.php\/v9\/t51\/1\/16\/2714.png\" alt=\"\u2714\ufe0f\"> Le d\u00e9veloppement d\u2019une plateforme facilitant l\u2019authentification par le MFPE des dipl\u00f4mes de formation professionnelle<\/p>\n\n\n\n<p class=\"wp-block-paragraph\"> <img decoding=\"async\" height=\"16\" width=\"16\" src=\"https:\/\/static.xx.fbcdn.net\/images\/emoji.php\/v9\/t51\/1\/16\/2714.png\" alt=\"\u2714\ufe0f\"> La formation de 112 conseillers de l\u2019ANETI en mati\u00e8re de prospection d\u2019entreprises et d\u2019orientation socioculturelle.<\/p>\n\n\n\n<p class=\"wp-block-paragraph\"> <img decoding=\"async\" height=\"16\" width=\"16\" src=\"https:\/\/static.xx.fbcdn.net\/images\/emoji.php\/v9\/t51\/1\/16\/2714.png\" alt=\"\u2714\ufe0f\"> La formation de 30 formateurs de l\u2019ATFP dans des comp\u00e9tences techniques sp\u00e9cifiques recherch\u00e9es par actuellement par des entreprises tunisiennes et belges, ce qui permet une mont\u00e9e en comp\u00e9tences de la formation des talents tunisiens. <\/p>\n\n\n\n<p class=\"wp-block-paragraph\"><img decoding=\"async\" height=\"16\" width=\"16\" src=\"https:\/\/static.xx.fbcdn.net\/images\/emoji.php\/v9\/t51\/1\/16\/2714.png\" alt=\"\u2714\ufe0f\"> Le d\u00e9veloppement de laboratoires de formation au sein de 2 centres de formation de l\u2019ATFP. <\/p>\n\n\n\n<p class=\"wp-block-paragraph\"><img decoding=\"async\" height=\"16\" width=\"16\" src=\"https:\/\/static.xx.fbcdn.net\/images\/emoji.php\/v9\/t33\/1\/16\/2705.png\" alt=\"\u2705\">Le renforcement de l\u2019employabilit\u00e9 de talents tunisiens pour des m\u00e9tiers en p\u00e9nurie en Belgique et en Tunisie : 132 jeunes talents tunisiens ont \u00e9t\u00e9 form\u00e9s, parmi lesquels 110 ont sign\u00e9 des contrats de travail en Tunisie et 4 en Belgique. <\/p>\n\n\n\n<p class=\"wp-block-paragraph\">Le projet THAMM Enabel a \u00e9t\u00e9 l&rsquo;opportunit\u00e9 pour l&rsquo;agence belge de d\u00e9veloppement de revenir en Tunisie apr\u00e8s plus de 10 ans d&rsquo;absence. Ceci a \u00e9t\u00e9 fait dans le cadre d\u2019un projet qui, selon M. l\u2019Ambassadeur Fran\u00e7ois Dumont, \u201cincarne la vision belge de la coop\u00e9ration au d\u00e9veloppement dans le domaine de la mobilit\u00e9 humaine : int\u00e9grer le d\u00e9veloppement du secteur priv\u00e9 et la mobilit\u00e9 des personnes comme leviers d&rsquo;int\u00e9gration, de croissance inclusive, et de d\u00e9veloppement durable local. <\/p>\n\n\n\n<p class=\"wp-block-paragraph\">A titre de rappel, le projet THAMM-Enabel est financ\u00e9 par l\u2019Union europ\u00e9enne UE et mis en \u0153uvre par Enabel en partenariat avec le Minist\u00e8re de l\u2019Emploi et de la formation professionnelle, l\u2019ANETI et les agences de l\u2019emploi des r\u00e9gions flamande, wallonne et bruxelloise. Le projet contribue au renforcement de l\u2019employabilit\u00e9 en Tunisie et \u00e0 la mise en oeuvre d&rsquo;un sch\u00e9ma de mobilit\u00e9 et de coop\u00e9ration entre la Tunisie et la Belgique. Ce projet est \u00e9galement impl\u00e9ment\u00e9 au Maroc. <\/p>\n","protected":false},"excerpt":{"rendered":"<p>Le 20 novembre 2024 s\u2019est tenu, \u00e0 Tunis, le 7eme Comit\u00e9 de pilotage national (CPN) du programme THAMM Tunisie. Cette r\u00e9union a permis aux partenaires et aux diff\u00e9rentes agences assurant la mise en oeuvre du programme (GIZ, OFII, OIT, OIM et Enabel) d\u2019\u00e9changer sur les avanc\u00e9es de cette initiative qui contribue \u00e0 renforcer la gouvernance [&hellip;]<\/p>\n","protected":false},"author":4,"featured_media":60464,"comment_status":"open","ping_status":"closed","sticky":false,"template":"","format":"standard","meta":{"content-type":"","jnews-multi-image_gallery":[],"jnews_single_post":{"subtitle":"","format":"standard","video":"","gallery":"","source_name":"","source_url":"","via_name":"","via_url":"","override_template":"0","override":[{"template":"1","single_blog_custom":"","parallax":"1","fullscreen":"1","layout":"right-sidebar","sidebar":"default-sidebar","second_sidebar":"default-sidebar","sticky_sidebar":"1","share_position":"top","share_float_style":"share-monocrhome","show_share_counter":"1","show_view_counter":"1","show_featured":"1","show_post_meta":"1","show_post_author":"1","show_post_author_image":"1","show_post_date":"1","post_date_format":"default","post_date_format_custom":"Y\/m\/d","show_post_category":"1","show_post_reading_time":"0","post_reading_time_wpm":"300","show_zoom_button":"0","zoom_button_out_step":"2","zoom_button_in_step":"3","show_post_tag":"1","show_prev_next_post":"1","show_popup_post":"1","number_popup_post":"1","show_author_box":"0","show_post_related":"0","show_inline_post_related":"0"}],"override_image_size":"0","image_override":[{"single_post_thumbnail_size":"crop-500","single_post_gallery_size":"crop-500"}],"trending_post":"0","trending_post_position":"meta","trending_post_label":"Trending","sponsored_post":"0","sponsored_post_label":"Sponsored by","sponsored_post_name":"","sponsored_post_url":"","sponsored_post_logo_enable":"0","sponsored_post_logo":"","sponsored_post_desc":"","disable_ad":"0"},"jnews_primary_category":{"id":"","hide":""},"jnews_override_bookmark_settings":[],"jnews_review":[],"enable_review":"","type":"","name":"","summary":"","brand":"","sku":"","good":[],"bad":[],"score_override":"","override_value":"","rating":[],"price":[],"jnews_post_split":[],"footnotes":""},"categories":[2],"tags":[13869,355,54,471],"class_list":["post-60463","post","type-post","status-publish","format-standard","has-post-thumbnail","hentry","category-news-politique","tag-comite-de-pilotage-thamm","tag-partenariat","tag-tunisie","tag-union-europeenne"],"_links":{"self":[{"href":"https:\/\/www.africanchallenges.com\/index.php?rest_route=\/wp\/v2\/posts\/60463","targetHints":{"allow":["GET"]}}],"collection":[{"href":"https:\/\/www.africanchallenges.com\/index.php?rest_route=\/wp\/v2\/posts"}],"about":[{"href":"https:\/\/www.africanchallenges.com\/index.php?rest_route=\/wp\/v2\/types\/post"}],"author":[{"embeddable":true,"href":"https:\/\/www.africanchallenges.com\/index.php?rest_route=\/wp\/v2\/users\/4"}],"replies":[{"embeddable":true,"href":"https:\/\/www.africanchallenges.com\/index.php?rest_route=%2Fwp%2Fv2%2Fcomments&post=60463"}],"version-history":[{"count":2,"href":"https:\/\/www.africanchallenges.com\/index.php?rest_route=\/wp\/v2\/posts\/60463\/revisions"}],"predecessor-version":[{"id":60467,"href":"https:\/\/www.africanchallenges.com\/index.php?rest_route=\/wp\/v2\/posts\/60463\/revisions\/60467"}],"wp:featuredmedia":[{"embeddable":true,"href":"https:\/\/www.africanchallenges.com\/index.php?rest_route=\/wp\/v2\/media\/60464"}],"wp:attachment":[{"href":"https:\/\/www.africanchallenges.com\/index.php?rest_route=%2Fwp%2Fv2%2Fmedia&parent=60463"}],"wp:term":[{"taxonomy":"category","embeddable":true,"href":"https:\/\/www.africanchallenges.com\/index.php?rest_route=%2Fwp%2Fv2%2Fcategories&post=60463"},{"taxonomy":"post_tag","embeddable":true,"href":"https:\/\/www.africanchallenges.com\/index.php?rest_route=%2Fwp%2Fv2%2Ftags&post=60463"}],"curies":[{"name":"wp","href":"https:\/\/api.w.org\/{rel}","templated":true}]}}