{"id":60358,"date":"2024-11-27T10:13:43","date_gmt":"2024-11-27T09:13:43","guid":{"rendered":"https:\/\/www.africanchallenges.com\/?p=60358"},"modified":"2024-11-27T10:15:04","modified_gmt":"2024-11-27T09:15:04","slug":"tunisie-le-chef-de-letat-se-reunit-avec-les-directeurs-generaux-des-medias-publics","status":"publish","type":"post","link":"https:\/\/www.africanchallenges.com\/?p=60358","title":{"rendered":"Tunisie : Le chef de l&rsquo;Etat se r\u00e9unit avec les directeurs g\u00e9n\u00e9raux des m\u00e9dias publics"},"content":{"rendered":"\n<p class=\"wp-block-paragraph\">Le pr\u00e9sident de la R\u00e9publique, Ka\u00efs Sa\u00efed, a re\u00e7u, dans l&rsquo;apr\u00e8s-midi du lundi 25 novembre 2024 au palais de Carthage, Henda Ghribi, pr\u00e9sidente directrice g\u00e9n\u00e9rale de la Radio tunisienne, Chokri Ben Nessir, pr\u00e9sident directeur g\u00e9n\u00e9ral de la T\u00e9l\u00e9vision tunisienne, Najeh Missaoui, pr\u00e9sident directeur g\u00e9n\u00e9ral de l&rsquo;Agence Tunis Afrique Presse, ainsi que Mohamed Ben Salem, gestionnaire d\u00e9l\u00e9gu\u00e9 de Dar Essabah.<\/p>\n\n\n\n<p class=\"wp-block-paragraph\">Cette r\u00e9union a \u00e9t\u00e9 consacr\u00e9e \u00e0 l&rsquo;importance des m\u00e9dias nationaux dans le contexte actuel que traverse la Tunisie. Selon le communiqu\u00e9 diffus\u00e9 \u00e0 1h11 du matin, \u00ab la guerre de lib\u00e9ration nationale n\u2019est pas qu\u2019un simple slogan, mais un ensemble de fronts, parmi lesquels les m\u00e9dias occupent une place pr\u00e9pond\u00e9rante \u00bb.<\/p>\n\n\n\n<p class=\"wp-block-paragraph\">Le pr\u00e9sident a rappel\u00e9 plusieurs moments cl\u00e9s de l&rsquo;histoire de la presse en Tunisie, en commen\u00e7ant par la presse \u00e9crite, puis en abordant la presse audio et visuelle. Il a soulign\u00e9 que certaines publications, qui \u00e9taient sur le point d&rsquo;\u00eatre oubli\u00e9es, font d\u00e9sormais partie int\u00e9grante de l&rsquo;histoire tunisienne, et qu&rsquo;il est impossible de les effacer ou de les cacher.<\/p>\n\n\n\n<p class=\"wp-block-paragraph\">Il a \u00e9galement mentionn\u00e9 les bouleversements globaux que conna\u00eet l&rsquo;humanit\u00e9, en pr\u00e9cisant que bien que la pens\u00e9e humaine ait progress\u00e9, certaines id\u00e9es demeurent fig\u00e9es. Le choc entre les nouvelles id\u00e9es et les concepts anciens conduira \u00e0 l&rsquo;\u00e9mergence de nouvelles notions, rempla\u00e7ant celles qui ne sont plus en phase avec ce d\u00e9veloppement rapide et sans pr\u00e9c\u00e9dent.<\/p>\n\n\n\n<p class=\"wp-block-paragraph\">En conclusion, le pr\u00e9sident a affirm\u00e9 que le v\u00e9ritable r\u00e9volutionnaire est celui qui se bat pour les causes de la libert\u00e9 et de la justice, des valeurs d\u00e9sormais universelles, et celui qui \u00e9tablit les fondations d&rsquo;une construction solide, \u00e0 l&rsquo;abri des menaces de r\u00e9gression, d&rsquo;injustice et de corruption.<\/p>\n","protected":false},"excerpt":{"rendered":"<p>Le pr\u00e9sident de la R\u00e9publique, Ka\u00efs Sa\u00efed, a re\u00e7u, dans l&rsquo;apr\u00e8s-midi du lundi 25 novembre 2024 au palais de Carthage, Henda Ghribi, pr\u00e9sidente directrice g\u00e9n\u00e9rale de la Radio tunisienne, Chokri Ben Nessir, pr\u00e9sident directeur g\u00e9n\u00e9ral de la T\u00e9l\u00e9vision tunisienne, Najeh Missaoui, pr\u00e9sident directeur g\u00e9n\u00e9ral de l&rsquo;Agence Tunis Afrique Presse, ainsi que Mohamed Ben Salem, gestionnaire [&hellip;]<\/p>\n","protected":false},"author":4,"featured_media":60359,"comment_status":"open","ping_status":"closed","sticky":false,"template":"","format":"standard","meta":{"content-type":"","jnews-multi-image_gallery":[],"jnews_single_post":{"subtitle":"","format":"standard","video":"","gallery":"","source_name":"","source_url":"","via_name":"","via_url":"","override_template":"0","override":[{"template":"1","single_blog_custom":"","parallax":"1","fullscreen":"1","layout":"right-sidebar","sidebar":"default-sidebar","second_sidebar":"default-sidebar","sticky_sidebar":"1","share_position":"top","share_float_style":"share-monocrhome","show_share_counter":"1","show_view_counter":"1","show_featured":"1","show_post_meta":"1","show_post_author":"1","show_post_author_image":"1","show_post_date":"1","post_date_format":"default","post_date_format_custom":"Y\/m\/d","show_post_category":"1","show_post_reading_time":"0","post_reading_time_wpm":"300","show_zoom_button":"0","zoom_button_out_step":"2","zoom_button_in_step":"3","show_post_tag":"1","show_prev_next_post":"1","show_popup_post":"1","number_popup_post":"1","show_author_box":"0","show_post_related":"0","show_inline_post_related":"0"}],"override_image_size":"0","image_override":[{"single_post_thumbnail_size":"crop-500","single_post_gallery_size":"crop-500"}],"trending_post":"0","trending_post_position":"meta","trending_post_label":"Trending","sponsored_post":"0","sponsored_post_label":"Sponsored by","sponsored_post_name":"","sponsored_post_url":"","sponsored_post_logo_enable":"0","sponsored_post_logo":"","sponsored_post_desc":"","disable_ad":"0"},"jnews_primary_category":{"id":"","hide":""},"jnews_override_bookmark_settings":[],"jnews_review":[],"enable_review":"","type":"","name":"","summary":"","brand":"","sku":"","good":[],"bad":[],"score_override":"","override_value":"","rating":[],"price":[],"jnews_post_split":[],"footnotes":""},"categories":[2],"tags":[232,5001,3712,1261,4051,9093],"class_list":["post-60358","post","type-post","status-publish","format-standard","has-post-thumbnail","hentry","category-news-politique","tag-carthage","tag-justice","tag-kais-saied-2","tag-liberte","tag-medias-publics","tag-presse-ecrite"],"_links":{"self":[{"href":"https:\/\/www.africanchallenges.com\/index.php?rest_route=\/wp\/v2\/posts\/60358","targetHints":{"allow":["GET"]}}],"collection":[{"href":"https:\/\/www.africanchallenges.com\/index.php?rest_route=\/wp\/v2\/posts"}],"about":[{"href":"https:\/\/www.africanchallenges.com\/index.php?rest_route=\/wp\/v2\/types\/post"}],"author":[{"embeddable":true,"href":"https:\/\/www.africanchallenges.com\/index.php?rest_route=\/wp\/v2\/users\/4"}],"replies":[{"embeddable":true,"href":"https:\/\/www.africanchallenges.com\/index.php?rest_route=%2Fwp%2Fv2%2Fcomments&post=60358"}],"version-history":[{"count":1,"href":"https:\/\/www.africanchallenges.com\/index.php?rest_route=\/wp\/v2\/posts\/60358\/revisions"}],"predecessor-version":[{"id":60360,"href":"https:\/\/www.africanchallenges.com\/index.php?rest_route=\/wp\/v2\/posts\/60358\/revisions\/60360"}],"wp:featuredmedia":[{"embeddable":true,"href":"https:\/\/www.africanchallenges.com\/index.php?rest_route=\/wp\/v2\/media\/60359"}],"wp:attachment":[{"href":"https:\/\/www.africanchallenges.com\/index.php?rest_route=%2Fwp%2Fv2%2Fmedia&parent=60358"}],"wp:term":[{"taxonomy":"category","embeddable":true,"href":"https:\/\/www.africanchallenges.com\/index.php?rest_route=%2Fwp%2Fv2%2Fcategories&post=60358"},{"taxonomy":"post_tag","embeddable":true,"href":"https:\/\/www.africanchallenges.com\/index.php?rest_route=%2Fwp%2Fv2%2Ftags&post=60358"}],"curies":[{"name":"wp","href":"https:\/\/api.w.org\/{rel}","templated":true}]}}