{"id":60329,"date":"2024-11-25T20:43:55","date_gmt":"2024-11-25T19:43:55","guid":{"rendered":"https:\/\/www.africanchallenges.com\/?p=60329"},"modified":"2024-11-25T20:44:15","modified_gmt":"2024-11-25T19:44:15","slug":"tunisie-la-ministre-de-lindustrie-tient-une-serie-de-rencontres-bilaterales-en-marge-du-forum-tunisie-nordique-des-affaires-durables","status":"publish","type":"post","link":"https:\/\/www.africanchallenges.com\/?p=60329","title":{"rendered":"Tunisie :La ministre de l&rsquo;industrie tient une s\u00e9rie de rencontres bilat\u00e9rales en marge du Forum Tunisie-Nordique des Affaires Durables"},"content":{"rendered":"\n<p class=\"wp-block-paragraph\">En marge de la tenue de la premi\u00e8re \u00e9dition du Forum sur les affaires durables entre la Tunisie et les pays d&rsquo;Europe du Nord\u00a0\u00bb, Mme Fatma Chibouba tenu une s\u00e9rie de r\u00e9unions bilat\u00e9rales en pr\u00e9sence du secr\u00e9taire d&rsquo;\u00c9tat charg\u00e9 de la transition \u00e9nerg\u00e9tique, M. Wael Chouchane avec&nbsp;:<\/p>\n\n\n\n<p class=\"wp-block-paragraph\">\u25cf M. Daniel Westlen, secr\u00e9taire d&rsquo;\u00c9tat du ministre su\u00e9dois du climat et de l&rsquo;environnement, accompagn\u00e9 de l&rsquo;ambassadrice de Su\u00e8de en Tunisie, Mme C\u00e9cilia Wramsten.<\/p>\n\n\n\n<p class=\"wp-block-paragraph\">\u25cf Mme Lina Gandlose Hansen, secr\u00e9taire d&rsquo;\u00c9tat au Commerce et \u00e0 l&rsquo;Investissement du Danemark, en pr\u00e9sence de l&rsquo;ambassadrice et commissaire extraordinaire du Danemark en Tunisie, Mme Katrine From Hoyer.<\/p>\n\n\n\n<p class=\"wp-block-paragraph\">\u25cf M. Jarno Syrjala, vice-ministre finlandais du Commerce International, qui \u00e9tait accompagn\u00e9 d&rsquo;une d\u00e9l\u00e9gation, ainsi que de l&rsquo;ambassadeur de Finlande en Tunisie, M. Teemu Sepponen.<\/p>\n\n\n\n<p class=\"wp-block-paragraph\">\u25cf M. Terje Osmundsen, Directeur Ex\u00e9cutif de la Fondation Norv\u00e9gienne \u00ab\u00a0Empower New Energy\u00a0\u00bb, en pr\u00e9sence de l&rsquo;ambassadeur de Norv\u00e8ge en Tunisie, M. Loken Gheziel.<\/p>\n\n\n\n<p class=\"wp-block-paragraph\">Cette rencontre ainsi que les r\u00e9unions bilat\u00e9rales ont permis d&rsquo;explorer les perspectives de coop\u00e9ration r\u00e9ciproque avec les secteurs en lien avec le Minist\u00e8re. <\/p>\n\n\n\n<p class=\"wp-block-paragraph\">La collaboration dans le domaine de l&rsquo;\u00e9valuation des d\u00e9chets m\u00e9nagers a \u00e9galement \u00e9t\u00e9 envisag\u00e9e. Par ailleurs, il a \u00e9t\u00e9 discut\u00e9 de l&rsquo;importance de renforcer les efforts pour faire face aux risques li\u00e9s au changement climatique et de favoriser les investissements dans les \u00e9nergies renouvelables. Il a \u00e9t\u00e9 mis en avant le transfert de connaissances, d&rsquo;exp\u00e9riences et d&rsquo;expertise en mati\u00e8re de s\u00e9curit\u00e9 \u00e9nerg\u00e9tique vers le continent africain, en passant par notre pays, qui sert de porte d&rsquo;entr\u00e9e vers le continent.<\/p>\n","protected":false},"excerpt":{"rendered":"<p>En marge de la tenue de la premi\u00e8re \u00e9dition du Forum sur les affaires durables entre la Tunisie et les pays d&rsquo;Europe du Nord\u00a0\u00bb, Mme Fatma Chibouba tenu une s\u00e9rie de r\u00e9unions bilat\u00e9rales en pr\u00e9sence du secr\u00e9taire d&rsquo;\u00c9tat charg\u00e9 de la transition \u00e9nerg\u00e9tique, M. Wael Chouchane avec&nbsp;: \u25cf M. Daniel Westlen, secr\u00e9taire d&rsquo;\u00c9tat du ministre [&hellip;]<\/p>\n","protected":false},"author":4,"featured_media":60330,"comment_status":"open","ping_status":"closed","sticky":false,"template":"","format":"standard","meta":{"content-type":"","jnews-multi-image_gallery":[],"jnews_single_post":{"subtitle":"","format":"standard","video":"","gallery":"","source_name":"","source_url":"","via_name":"","via_url":"","override_template":"0","override":[{"template":"1","single_blog_custom":"","parallax":"1","fullscreen":"1","layout":"right-sidebar","sidebar":"default-sidebar","second_sidebar":"default-sidebar","sticky_sidebar":"1","share_position":"top","share_float_style":"share-monocrhome","show_share_counter":"1","show_view_counter":"1","show_featured":"1","show_post_meta":"1","show_post_author":"1","show_post_author_image":"1","show_post_date":"1","post_date_format":"default","post_date_format_custom":"Y\/m\/d","show_post_category":"1","show_post_reading_time":"0","post_reading_time_wpm":"300","show_zoom_button":"0","zoom_button_out_step":"2","zoom_button_in_step":"3","show_post_tag":"1","show_prev_next_post":"1","show_popup_post":"1","number_popup_post":"1","show_author_box":"0","show_post_related":"0","show_inline_post_related":"0"}],"override_image_size":"0","image_override":[{"single_post_thumbnail_size":"crop-500","single_post_gallery_size":"crop-500"}],"trending_post":"0","trending_post_position":"meta","trending_post_label":"Trending","sponsored_post":"0","sponsored_post_label":"Sponsored by","sponsored_post_name":"","sponsored_post_url":"","sponsored_post_logo_enable":"0","sponsored_post_logo":"","sponsored_post_desc":"","disable_ad":"0"},"jnews_primary_category":{"id":"","hide":""},"jnews_override_bookmark_settings":[],"jnews_review":[],"enable_review":"","type":"","name":"","summary":"","brand":"","sku":"","good":[],"bad":[],"score_override":"","override_value":"","rating":[],"price":[],"jnews_post_split":[],"footnotes":""},"categories":[2],"tags":[298,13814],"class_list":["post-60329","post","type-post","status-publish","format-standard","has-post-thumbnail","hentry","category-news-politique","tag-cooperation","tag-forum-tunisie-nordique-des-affaires-durables"],"_links":{"self":[{"href":"https:\/\/www.africanchallenges.com\/index.php?rest_route=\/wp\/v2\/posts\/60329","targetHints":{"allow":["GET"]}}],"collection":[{"href":"https:\/\/www.africanchallenges.com\/index.php?rest_route=\/wp\/v2\/posts"}],"about":[{"href":"https:\/\/www.africanchallenges.com\/index.php?rest_route=\/wp\/v2\/types\/post"}],"author":[{"embeddable":true,"href":"https:\/\/www.africanchallenges.com\/index.php?rest_route=\/wp\/v2\/users\/4"}],"replies":[{"embeddable":true,"href":"https:\/\/www.africanchallenges.com\/index.php?rest_route=%2Fwp%2Fv2%2Fcomments&post=60329"}],"version-history":[{"count":1,"href":"https:\/\/www.africanchallenges.com\/index.php?rest_route=\/wp\/v2\/posts\/60329\/revisions"}],"predecessor-version":[{"id":60331,"href":"https:\/\/www.africanchallenges.com\/index.php?rest_route=\/wp\/v2\/posts\/60329\/revisions\/60331"}],"wp:featuredmedia":[{"embeddable":true,"href":"https:\/\/www.africanchallenges.com\/index.php?rest_route=\/wp\/v2\/media\/60330"}],"wp:attachment":[{"href":"https:\/\/www.africanchallenges.com\/index.php?rest_route=%2Fwp%2Fv2%2Fmedia&parent=60329"}],"wp:term":[{"taxonomy":"category","embeddable":true,"href":"https:\/\/www.africanchallenges.com\/index.php?rest_route=%2Fwp%2Fv2%2Fcategories&post=60329"},{"taxonomy":"post_tag","embeddable":true,"href":"https:\/\/www.africanchallenges.com\/index.php?rest_route=%2Fwp%2Fv2%2Ftags&post=60329"}],"curies":[{"name":"wp","href":"https:\/\/api.w.org\/{rel}","templated":true}]}}