{"id":60291,"date":"2024-11-24T19:28:06","date_gmt":"2024-11-24T18:28:06","guid":{"rendered":"https:\/\/www.africanchallenges.com\/?p=60291"},"modified":"2024-11-24T19:28:33","modified_gmt":"2024-11-24T18:28:33","slug":"tunisie-deces-de-mohamed-chaker-ancien-diplomate-et-ministre-de-la-justice-sous-le-regime-de-bourguiba","status":"publish","type":"post","link":"https:\/\/www.africanchallenges.com\/?p=60291","title":{"rendered":"Tunisie : D\u00e9c\u00e8s de Mohamed Chaker, ancien diplomate et ministre de la Justice sous le r\u00e9gime de Bourguiba"},"content":{"rendered":"\n<p class=\"wp-block-paragraph\">Mohamed Chaker, ancien diplomate et ministre de la Justice sous le r\u00e9gime de Bourguiba, est d\u00e9c\u00e9d\u00e9 ce dimanche 24 novembre 2024, \u00e0 l&rsquo;\u00e2ge de 93 ans. <\/p>\n\n\n\n<p class=\"wp-block-paragraph\">Fils du martyr H\u00e9di Chaker, il s&rsquo;est engag\u00e9 d\u00e8s sa jeunesse dans les mouvements nationalistes et \u00e9tudiants, et a pr\u00e9sid\u00e9 le bureau de l&rsquo;Union g\u00e9n\u00e9rale des \u00e9tudiants de Tunisie \u00e0 Paris. Il a occup\u00e9 divers postes au sein du minist\u00e8re de l&rsquo;Int\u00e9rieur, puis a travaill\u00e9 aupr\u00e8s de la pr\u00e9sidence du gouvernement et de l&rsquo;Agence tunisienne de coop\u00e9ration technique. <\/p>\n\n\n\n<p class=\"wp-block-paragraph\">En 1979, Mohamed Chaker a int\u00e9gr\u00e9 le gouvernement en tant que secr\u00e9taire d&rsquo;\u00c9tat aupr\u00e8s du Premier ministre, responsable de la Fonction publique et de la R\u00e9forme administrative. Il a ensuite \u00e9t\u00e9 ministre de la Justice de 1980 \u00e0 1985, tout en \u00e9tant d\u00e9put\u00e9 au Parlement depuis 1981. Il a \u00e9galement \u00e9t\u00e9 nomm\u00e9 ambassadeur de Tunisie en Alg\u00e9rie et en Yougoslavie, avant d&rsquo;\u00eatre \u00e9lu maire de Sfax. <\/p>\n\n\n\n<p class=\"wp-block-paragraph\">Que Dieu, dans sa grande mis\u00e9ricorde, lui accorde le repos \u00e9ternel et l&rsquo;accueille dans son vaste Paradis.<\/p>\n","protected":false},"excerpt":{"rendered":"<p>Mohamed Chaker, ancien diplomate et ministre de la Justice sous le r\u00e9gime de Bourguiba, est d\u00e9c\u00e9d\u00e9 ce dimanche 24 novembre 2024, \u00e0 l&rsquo;\u00e2ge de 93 ans. Fils du martyr H\u00e9di Chaker, il s&rsquo;est engag\u00e9 d\u00e8s sa jeunesse dans les mouvements nationalistes et \u00e9tudiants, et a pr\u00e9sid\u00e9 le bureau de l&rsquo;Union g\u00e9n\u00e9rale des \u00e9tudiants de Tunisie [&hellip;]<\/p>\n","protected":false},"author":4,"featured_media":60292,"comment_status":"open","ping_status":"closed","sticky":false,"template":"","format":"standard","meta":{"content-type":"","jnews-multi-image_gallery":[],"jnews_single_post":{"subtitle":"","format":"standard","video":"","gallery":"","source_name":"","source_url":"","via_name":"","via_url":"","override_template":"0","override":[{"template":"1","single_blog_custom":"","parallax":"1","fullscreen":"1","layout":"right-sidebar","sidebar":"default-sidebar","second_sidebar":"default-sidebar","sticky_sidebar":"1","share_position":"top","share_float_style":"share-monocrhome","show_share_counter":"1","show_view_counter":"1","show_featured":"1","show_post_meta":"1","show_post_author":"1","show_post_author_image":"1","show_post_date":"1","post_date_format":"default","post_date_format_custom":"Y\/m\/d","show_post_category":"1","show_post_reading_time":"0","post_reading_time_wpm":"300","show_zoom_button":"0","zoom_button_out_step":"2","zoom_button_in_step":"3","show_post_tag":"1","show_prev_next_post":"1","show_popup_post":"1","number_popup_post":"1","show_author_box":"0","show_post_related":"0","show_inline_post_related":"0"}],"override_image_size":"0","image_override":[{"single_post_thumbnail_size":"crop-500","single_post_gallery_size":"crop-500"}],"trending_post":"0","trending_post_position":"meta","trending_post_label":"Trending","sponsored_post":"0","sponsored_post_label":"Sponsored by","sponsored_post_name":"","sponsored_post_url":"","sponsored_post_logo_enable":"0","sponsored_post_logo":"","sponsored_post_desc":"","disable_ad":"0"},"jnews_primary_category":{"id":"","hide":""},"jnews_override_bookmark_settings":[],"jnews_review":[],"enable_review":"","type":"","name":"","summary":"","brand":"","sku":"","good":[],"bad":[],"score_override":"","override_value":"","rating":[],"price":[],"jnews_post_split":[],"footnotes":""},"categories":[2],"tags":[2019,13795,13796],"class_list":["post-60291","post","type-post","status-publish","format-standard","has-post-thumbnail","hentry","category-news-politique","tag-deces","tag-mohamed-chaker","tag-regime-de-bourguiba"],"_links":{"self":[{"href":"https:\/\/www.africanchallenges.com\/index.php?rest_route=\/wp\/v2\/posts\/60291","targetHints":{"allow":["GET"]}}],"collection":[{"href":"https:\/\/www.africanchallenges.com\/index.php?rest_route=\/wp\/v2\/posts"}],"about":[{"href":"https:\/\/www.africanchallenges.com\/index.php?rest_route=\/wp\/v2\/types\/post"}],"author":[{"embeddable":true,"href":"https:\/\/www.africanchallenges.com\/index.php?rest_route=\/wp\/v2\/users\/4"}],"replies":[{"embeddable":true,"href":"https:\/\/www.africanchallenges.com\/index.php?rest_route=%2Fwp%2Fv2%2Fcomments&post=60291"}],"version-history":[{"count":1,"href":"https:\/\/www.africanchallenges.com\/index.php?rest_route=\/wp\/v2\/posts\/60291\/revisions"}],"predecessor-version":[{"id":60293,"href":"https:\/\/www.africanchallenges.com\/index.php?rest_route=\/wp\/v2\/posts\/60291\/revisions\/60293"}],"wp:featuredmedia":[{"embeddable":true,"href":"https:\/\/www.africanchallenges.com\/index.php?rest_route=\/wp\/v2\/media\/60292"}],"wp:attachment":[{"href":"https:\/\/www.africanchallenges.com\/index.php?rest_route=%2Fwp%2Fv2%2Fmedia&parent=60291"}],"wp:term":[{"taxonomy":"category","embeddable":true,"href":"https:\/\/www.africanchallenges.com\/index.php?rest_route=%2Fwp%2Fv2%2Fcategories&post=60291"},{"taxonomy":"post_tag","embeddable":true,"href":"https:\/\/www.africanchallenges.com\/index.php?rest_route=%2Fwp%2Fv2%2Ftags&post=60291"}],"curies":[{"name":"wp","href":"https:\/\/api.w.org\/{rel}","templated":true}]}}