{"id":60210,"date":"2024-11-21T13:53:17","date_gmt":"2024-11-21T12:53:17","guid":{"rendered":"https:\/\/www.africanchallenges.com\/?p=60210"},"modified":"2024-11-21T13:53:24","modified_gmt":"2024-11-21T12:53:24","slug":"tunisie-signature-de-quatorze-accords-dans-divers-domaines-entre-la-tunisie-et-le-koweit","status":"publish","type":"post","link":"https:\/\/www.africanchallenges.com\/?p=60210","title":{"rendered":"Tunisie : Signature de quatorze accords dans divers domaines entre la Tunisie et le Koweit"},"content":{"rendered":"\n<p class=\"wp-block-paragraph\">Le Ministre des Affaires \u00c9trang\u00e8res, de la Migration et des Tunisiens \u00e0 l&rsquo;\u00c9tranger, M. Mohamed Ali Nafti, a re\u00e7u, ce jour 20 novembre 2024, au si\u00e8ge du Minist\u00e8re, son homologue kowe\u00eftien, Son Excellence M. Abdullah Ali Abdullah Al-Yahya, en visite officielle en Tunisie les 19 et 20 novembre 2024 dans le cadre des travaux de la quatri\u00e8me session de la Commission Mixte Tuniso-Kowe\u00eftienne.<\/p>\n\n\n\n<p class=\"wp-block-paragraph\">Au cours de la matin\u00e9e du 20 novembre 2024, Son Excellence M. Abdullah Ali Abdullah Al-Yahya et la d\u00e9l\u00e9gation qui l\u2019accompagne ont \u00e9t\u00e9 re\u00e7us en audience par Son Excellence le Pr\u00e9sident de la R\u00e9publique, M. Ka\u00efs Sa\u00efed, au Palais de Carthage.<\/p>\n\n\n\n<p class=\"wp-block-paragraph\">Les deux Ministres ont co-pr\u00e9sid\u00e9 les travaux de la Commission Mixte Tuniso-Kowe\u00eftienne \u00e0 l\u2019Acad\u00e9mie Diplomatique Internationale de Tunis (ADIT), dans une atmosph\u00e8re empreinte de fraternit\u00e9 et de cordialit\u00e9, refl\u00e9tant la profondeur des relations tuniso-kowe\u00eftiennes. \u00c0 cette occasion, ils ont exprim\u00e9 leur satisfaction quant au niveau exceptionnel de coop\u00e9ration entre les deux pays et leur aspiration commune \u00e0 renforcer davantage ces liens dans divers domaines, conform\u00e9ment aux orientations de Son Excellence le Pr\u00e9sident Ka\u00efs Sa\u00efed et de Son Altesse Cheikh Mishal Al-Ahmad Al-Jaber Al-Sabah, \u00c9mir de l&rsquo;\u00c9tat du Kowe\u00eft.<\/p>\n\n\n\n<p class=\"wp-block-paragraph\">Les deux Ministres ont salu\u00e9 l\u2019adoption de plusieurs recommandations importantes par la Commission Mixte, ouvrant de nouvelles perspectives afin de consolider la coop\u00e9ration bilat\u00e9rale, en particulier dans les secteurs de la s\u00e9curit\u00e9 alimentaire, du tourisme et des industries pharmaceutiques.<\/p>\n\n\n\n<p class=\"wp-block-paragraph\">Ils ont \u00e9galement exprim\u00e9 leur satisfaction quant aux r\u00e9sultats de cette session, couvrant divers domaines, notamment la coop\u00e9ration judiciaire, commerciale, m\u00e9dicale, culturelle et technique, ainsi que l&rsquo;aviation civile et la m\u00e9t\u00e9orologie. Ils ont r\u00e9affirm\u00e9 leur engagement \u00e0 assurer une mise en \u0153uvre efficace des d\u00e9cisions issues de cette session, et leur enthousiasme pour la tenue de la prochaine session en 2025 au Kowe\u00eft.<\/p>\n\n\n\n<p class=\"wp-block-paragraph\">Les Ministres ont \u00e9galement soulign\u00e9 la convergence des points de vue des deux pays sur les dossiers internationaux et r\u00e9gionaux, en particulier sur la juste Cause Palestinienne et le droit imprescriptible du Peuple Palestinien \u00e0 \u00e9tablir un \u00c9tat ind\u00e9pendant sur l\u2019int\u00e9gralit\u00e9 de ses terres avec pour capitale Al-Quds Al Sharif.<\/p>\n\n\n\n<p class=\"wp-block-paragraph\">\u00c0 l\u2019issue des travaux de la Commission, les deux Ministres ont proc\u00e9d\u00e9 \u00e0 la signature de 14 accords, dont le proc\u00e8s-verbal de la Commission Mixte et un Memorandum d\u2019Entente entre l\u2019Acad\u00e9mie Diplomatique Internationale de Tunis (ADIT) et l\u2019Institut Diplomatique Saud Al-Nasser Al-Sabah du Kowe\u00eft. Ces accords couvrent divers domaines, notamment le renouvellement et la modernisation des lignes ferroviaires pour le transport du phosphate, l\u2019industrie, le tourisme, les services a\u00e9riens, l\u2019\u00e9change de main-d\u2019\u0153uvre dans le secteur citoyen, les affaires sociales, la normalisation, le sport, la m\u00e9t\u00e9orologie et le climat, ainsi que la coop\u00e9ration technique en mati\u00e8re d\u2019accr\u00e9ditation et d\u2019\u00e9valuation de la conformit\u00e9.<\/p>\n","protected":false},"excerpt":{"rendered":"<p>Le Ministre des Affaires \u00c9trang\u00e8res, de la Migration et des Tunisiens \u00e0 l&rsquo;\u00c9tranger, M. Mohamed Ali Nafti, a re\u00e7u, ce jour 20 novembre 2024, au si\u00e8ge du Minist\u00e8re, son homologue kowe\u00eftien, Son Excellence M. Abdullah Ali Abdullah Al-Yahya, en visite officielle en Tunisie les 19 et 20 novembre 2024 dans le cadre des travaux de [&hellip;]<\/p>\n","protected":false},"author":4,"featured_media":60211,"comment_status":"open","ping_status":"closed","sticky":false,"template":"","format":"standard","meta":{"content-type":"","jnews-multi-image_gallery":[],"jnews_single_post":{"subtitle":"","format":"standard","video":"","gallery":"","source_name":"","source_url":"","via_name":"","via_url":"","override_template":"0","override":[{"template":"1","single_blog_custom":"","parallax":"1","fullscreen":"1","layout":"right-sidebar","sidebar":"default-sidebar","second_sidebar":"default-sidebar","sticky_sidebar":"1","share_position":"top","share_float_style":"share-monocrhome","show_share_counter":"1","show_view_counter":"1","show_featured":"1","show_post_meta":"1","show_post_author":"1","show_post_author_image":"1","show_post_date":"1","post_date_format":"default","post_date_format_custom":"Y\/m\/d","show_post_category":"1","show_post_reading_time":"0","post_reading_time_wpm":"300","show_zoom_button":"0","zoom_button_out_step":"2","zoom_button_in_step":"3","show_post_tag":"1","show_prev_next_post":"1","show_popup_post":"1","number_popup_post":"1","show_author_box":"0","show_post_related":"0","show_inline_post_related":"0"}],"override_image_size":"0","image_override":[{"single_post_thumbnail_size":"crop-500","single_post_gallery_size":"crop-500"}],"trending_post":"0","trending_post_position":"meta","trending_post_label":"Trending","sponsored_post":"0","sponsored_post_label":"Sponsored by","sponsored_post_name":"","sponsored_post_url":"","sponsored_post_logo_enable":"0","sponsored_post_logo":"","sponsored_post_desc":"","disable_ad":"0"},"jnews_primary_category":{"id":"","hide":""},"jnews_override_bookmark_settings":[],"jnews_review":[],"enable_review":"","type":"","name":"","summary":"","brand":"","sku":"","good":[],"bad":[],"score_override":"","override_value":"","rating":[],"price":[],"jnews_post_split":[],"footnotes":""},"categories":[2],"tags":[1103,13765,54],"class_list":["post-60210","post","type-post","status-publish","format-standard","has-post-thumbnail","hentry","category-news-politique","tag-accord","tag-koweit-2","tag-tunisie"],"_links":{"self":[{"href":"https:\/\/www.africanchallenges.com\/index.php?rest_route=\/wp\/v2\/posts\/60210","targetHints":{"allow":["GET"]}}],"collection":[{"href":"https:\/\/www.africanchallenges.com\/index.php?rest_route=\/wp\/v2\/posts"}],"about":[{"href":"https:\/\/www.africanchallenges.com\/index.php?rest_route=\/wp\/v2\/types\/post"}],"author":[{"embeddable":true,"href":"https:\/\/www.africanchallenges.com\/index.php?rest_route=\/wp\/v2\/users\/4"}],"replies":[{"embeddable":true,"href":"https:\/\/www.africanchallenges.com\/index.php?rest_route=%2Fwp%2Fv2%2Fcomments&post=60210"}],"version-history":[{"count":1,"href":"https:\/\/www.africanchallenges.com\/index.php?rest_route=\/wp\/v2\/posts\/60210\/revisions"}],"predecessor-version":[{"id":60212,"href":"https:\/\/www.africanchallenges.com\/index.php?rest_route=\/wp\/v2\/posts\/60210\/revisions\/60212"}],"wp:featuredmedia":[{"embeddable":true,"href":"https:\/\/www.africanchallenges.com\/index.php?rest_route=\/wp\/v2\/media\/60211"}],"wp:attachment":[{"href":"https:\/\/www.africanchallenges.com\/index.php?rest_route=%2Fwp%2Fv2%2Fmedia&parent=60210"}],"wp:term":[{"taxonomy":"category","embeddable":true,"href":"https:\/\/www.africanchallenges.com\/index.php?rest_route=%2Fwp%2Fv2%2Fcategories&post=60210"},{"taxonomy":"post_tag","embeddable":true,"href":"https:\/\/www.africanchallenges.com\/index.php?rest_route=%2Fwp%2Fv2%2Ftags&post=60210"}],"curies":[{"name":"wp","href":"https:\/\/api.w.org\/{rel}","templated":true}]}}