{"id":60204,"date":"2024-11-21T13:05:40","date_gmt":"2024-11-21T12:05:40","guid":{"rendered":"https:\/\/www.africanchallenges.com\/?p=60204"},"modified":"2024-11-21T13:07:17","modified_gmt":"2024-11-21T12:07:17","slug":"tunisie-gtex-menatex-lance-un-appel-a-candidatures-pour-des-solutions-technologiques-vertes","status":"publish","type":"post","link":"https:\/\/www.africanchallenges.com\/?p=60204","title":{"rendered":"Tunisie : GTEX\/MENATEX lance un appel \u00e0 candidatures pour des solutions technologiques vertes"},"content":{"rendered":"\n<p class=\"wp-block-paragraph\">Les startups et entrepreneurs d\u00e9veloppant des solutions technologiques vertes seront accompagn\u00e9s par le Programme Global pour le textile et l\u2019habillement (GTEX\/MENATEX) pour transformer leurs solutions technologiques en des opportunit\u00e9s \u00e9conomiques.<\/p>\n\n\n\n<p class=\"wp-block-paragraph\">Les b\u00e9n\u00e9ficiaires seront s\u00e9lectionn\u00e9s \u00e0 la suite d\u2019un appel \u00e0 candidatures qui vient d\u2019\u00eatre lanc\u00e9. La date limite a \u00e9t\u00e9 fix\u00e9e au 8 d\u00e9cembre 2024.<\/p>\n\n\n\n<p class=\"wp-block-paragraph\">Il s\u2019adresse aux startups et aux entrepreneurs qui travaillent sur le d\u00e9veloppement de solutions technologiques vertes applicables sur toute la cha\u00eene de valeurs du secteur du textile et de l\u2019habillement en Tunisie et ceux dont la technologie pourrait apporter des solutions aux d\u00e9fis et priorit\u00e9s des entreprises du secteur textile en termes de d\u00e9veloppement durable et de digitalisation.<\/p>\n\n\n\n<p class=\"wp-block-paragraph\">Y seront \u00e9galement s\u00e9lectionn\u00e9s, les startups et les entrepreneurs qui disposent de solutions qui pourraient contribuer \u00e0 la double transition \u00e9cologique et digitale du secteur textile en Tunisie \u00e0 travers le renforcement de la circularit\u00e9, le respect de l\u2019environnement et l\u2019optimisation de la consommation de l\u2019eau et de l\u2019\u00e9nergie.<\/p>\n\n\n\n<p class=\"wp-block-paragraph\">En effet GTEX MENATEX Tunisie, fournira aux startups et aux entrepreneurs s\u00e9lectionn\u00e9s, l\u2019assistance et l\u2019expertise n\u00e9cessaires dans diff\u00e9rents domaines, \u00e0 savoir la maturation de la technologie, la validation de la solution et la protection de l\u2019innovation.<\/p>\n\n\n\n<p class=\"wp-block-paragraph\">Il favorisera \u00e9galement leur mise en relation avec les entreprises industrielles op\u00e9rant dans toute la cha\u00eene de valeurs du secteur textile en Tunisie et le networking avec les acteurs cl\u00e9s de l\u2019innovation et du d\u00e9veloppement technologique en Tunisie et \u00e0 l\u2019\u00e9chelle internationale.<\/p>\n\n\n\n<p class=\"wp-block-paragraph\">Le projet en question apportera aussi son appui pour la lev\u00e9e des fonds n\u00e9cessaires et pour l\u2019acc\u00e8s \u00e0 des financements appropri\u00e9s.<\/p>\n\n\n\n<p class=\"wp-block-paragraph\">Le projet GTEX\/MENATEX-Tunisie est le r\u00e9sultat d\u2019un partenariat entre le Gouvernement tunisien, le Secr\u00e9tariat d\u2019\u00c9tat suisse \u00e0 l\u2019\u00e9conomie (SECO), et l\u2019Agence Su\u00e9doise de D\u00e9veloppement et Coop\u00e9ration Internationale (SIDA) en tant que bailleurs de fonds, lesquels ont mis \u00e0 la disposition du projet, les fonds n\u00e9cessaires \u00e0 sa mise en \u0153uvre et le Centre du Commerce international (ITC), organe des Nations Unies (ONU) et de l\u2019Organisation mondiale du commerce (OMC), en tant qu\u2019agence charg\u00e9e de l\u2019ex\u00e9cution du projet.<\/p>\n\n\n\n<p class=\"wp-block-paragraph\">Il vise \u00e0 accro\u00eetre la comp\u00e9titivit\u00e9 des exportations dans l\u2019industrie textile et de l\u2019habillement. L\u2019impact envisag\u00e9 du programme est d\u2019accro\u00eetre l\u2019emploi et les revenus tout au long de la cha\u00eene de valeur de cette industrie.<\/p>\n\n\n\n<p class=\"wp-block-paragraph\"><strong>Avec TAP<\/strong><\/p>\n","protected":false},"excerpt":{"rendered":"<p>Les startups et entrepreneurs d\u00e9veloppant des solutions technologiques vertes seront accompagn\u00e9s par le Programme Global pour le textile et l\u2019habillement (GTEX\/MENATEX) pour transformer leurs solutions technologiques en des opportunit\u00e9s \u00e9conomiques. Les b\u00e9n\u00e9ficiaires seront s\u00e9lectionn\u00e9s \u00e0 la suite d\u2019un appel \u00e0 candidatures qui vient d\u2019\u00eatre lanc\u00e9. La date limite a \u00e9t\u00e9 fix\u00e9e au 8 d\u00e9cembre 2024. [&hellip;]<\/p>\n","protected":false},"author":4,"featured_media":60205,"comment_status":"open","ping_status":"closed","sticky":false,"template":"","format":"standard","meta":{"content-type":"","jnews-multi-image_gallery":[],"jnews_single_post":{"subtitle":"","format":"standard","video":"","gallery":"","source_name":"","source_url":"","via_name":"","via_url":"","override_template":"0","override":[{"template":"1","single_blog_custom":"","parallax":"1","fullscreen":"1","layout":"right-sidebar","sidebar":"default-sidebar","second_sidebar":"default-sidebar","sticky_sidebar":"1","share_position":"top","share_float_style":"share-monocrhome","show_share_counter":"1","show_view_counter":"1","show_featured":"1","show_post_meta":"1","show_post_author":"1","show_post_author_image":"1","show_post_date":"1","post_date_format":"default","post_date_format_custom":"Y\/m\/d","show_post_category":"1","show_post_reading_time":"0","post_reading_time_wpm":"300","show_zoom_button":"0","zoom_button_out_step":"2","zoom_button_in_step":"3","show_post_tag":"1","show_prev_next_post":"1","show_popup_post":"1","number_popup_post":"1","show_author_box":"0","show_post_related":"0","show_inline_post_related":"0"}],"override_image_size":"0","image_override":[{"single_post_thumbnail_size":"crop-500","single_post_gallery_size":"crop-500"}],"trending_post":"0","trending_post_position":"meta","trending_post_label":"Trending","sponsored_post":"0","sponsored_post_label":"Sponsored by","sponsored_post_name":"","sponsored_post_url":"","sponsored_post_logo_enable":"0","sponsored_post_logo":"","sponsored_post_desc":"","disable_ad":"0"},"jnews_primary_category":{"id":"","hide":""},"jnews_override_bookmark_settings":[],"jnews_review":[],"enable_review":"","type":"","name":"","summary":"","brand":"","sku":"","good":[],"bad":[],"score_override":"","override_value":"","rating":[],"price":[],"jnews_post_split":[],"footnotes":""},"categories":[43,73],"tags":[4457,12424,13762],"class_list":["post-60204","post","type-post","status-publish","format-standard","has-post-thumbnail","hentry","category-eco-business","category-eco","tag-candidatures","tag-gtex-menatex","tag-tunisie-gtex-menatex-lance-un-appel-a-candidatures-pour-des-solutions-technologiques-vertes"],"_links":{"self":[{"href":"https:\/\/www.africanchallenges.com\/index.php?rest_route=\/wp\/v2\/posts\/60204","targetHints":{"allow":["GET"]}}],"collection":[{"href":"https:\/\/www.africanchallenges.com\/index.php?rest_route=\/wp\/v2\/posts"}],"about":[{"href":"https:\/\/www.africanchallenges.com\/index.php?rest_route=\/wp\/v2\/types\/post"}],"author":[{"embeddable":true,"href":"https:\/\/www.africanchallenges.com\/index.php?rest_route=\/wp\/v2\/users\/4"}],"replies":[{"embeddable":true,"href":"https:\/\/www.africanchallenges.com\/index.php?rest_route=%2Fwp%2Fv2%2Fcomments&post=60204"}],"version-history":[{"count":1,"href":"https:\/\/www.africanchallenges.com\/index.php?rest_route=\/wp\/v2\/posts\/60204\/revisions"}],"predecessor-version":[{"id":60206,"href":"https:\/\/www.africanchallenges.com\/index.php?rest_route=\/wp\/v2\/posts\/60204\/revisions\/60206"}],"wp:featuredmedia":[{"embeddable":true,"href":"https:\/\/www.africanchallenges.com\/index.php?rest_route=\/wp\/v2\/media\/60205"}],"wp:attachment":[{"href":"https:\/\/www.africanchallenges.com\/index.php?rest_route=%2Fwp%2Fv2%2Fmedia&parent=60204"}],"wp:term":[{"taxonomy":"category","embeddable":true,"href":"https:\/\/www.africanchallenges.com\/index.php?rest_route=%2Fwp%2Fv2%2Fcategories&post=60204"},{"taxonomy":"post_tag","embeddable":true,"href":"https:\/\/www.africanchallenges.com\/index.php?rest_route=%2Fwp%2Fv2%2Ftags&post=60204"}],"curies":[{"name":"wp","href":"https:\/\/api.w.org\/{rel}","templated":true}]}}