{"id":60190,"date":"2024-11-20T23:49:04","date_gmt":"2024-11-20T22:49:04","guid":{"rendered":"https:\/\/www.africanchallenges.com\/?p=60190"},"modified":"2024-11-21T00:04:02","modified_gmt":"2024-11-20T23:04:02","slug":"la-ministre-de-la-famille-annonce-le-lancement-du-plan-national-de-lutte-contre-les-violences-a-legard-des-enfants-dans-lespace-numerique","status":"publish","type":"post","link":"https:\/\/www.africanchallenges.com\/?p=60190","title":{"rendered":"La Ministre de la Famille annonce le lancement du \u00ab\u00a0Plan National pour pr\u00e9venir et r\u00e9ponde \u00e0 la violence \u00e0 l\u2019\u00e9gard des enfants dans l\u2019Espace Num\u00e9rique\u00a0\u00bb"},"content":{"rendered":"\n<p class=\"wp-block-paragraph\">Dans le cadre de l\u2019anniversaire de l\u00a0\u00bbadoption de la Convention Internationale des Droits de l\u2019Enfant et du lancement du Mois de la Protection du 20 novembre au 20 d\u00e9cembre, sous le slogan \u00ab Pr\u00e9venir c\u2019est Prot\u00e9ger \u00bb, Mme Asma Jebri, Ministre de la Famille, de la Femme, de l\u2019Enfant et des Personnes \u00e2g\u00e9es, a annonc\u00e9 ce mercredi 20 novembre 2024, le lancement du \u00ab Plan National pour pr\u00e9venir et r\u00e9ponde \u00e0 la violence \u00e0 l\u2019\u00e9gard des enfants  dans l\u2019Espace Num\u00e9rique \u00bb.<\/p>\n\n\n\n<p class=\"wp-block-paragraph\">La Ministre a \u00e9galement annonc\u00e9 le lancement du \u00ab Comit\u00e9 national multisectoriel de lutte contre la violence \u00e0 l\u2019\u00e9gard des enfants \u00bb, qui assurera le suivi des projets et programmes relatifs aux diverses formes de violence \u00e0 l\u2019\u00e9gard des enfants.<\/p>\n\n\n\n<p class=\"wp-block-paragraph\"><br>Mme Asma Jebri a d\u00e9clar\u00e9 que le Minist\u00e8re, en partenariat avec les \u00a0autres minist\u00e8res et les associations concern\u00e9es par les enfants, et avec l\u2019appui du bureau de l\u2019UNICEF en Tunisie, a commenc\u00e9 \u00e0 \u0153uvrer pour soutenir le r\u00f4le positif de l\u2019espace num\u00e9rique sur les enfants en am\u00e9liorant le niveau des services fournis par les institutions sous la tutelle du Minist\u00e8re, en particulier les centres de m\u00e9dias destin\u00e9s aux enfants, dans le but de pr\u00e9venir les risques de violence \u00e0 l\u2019\u00e9gard des enfants dans l\u2019espace num\u00e9rique et la menace qu\u2019elle fait peser sur l\u2019int\u00e9r\u00eat sup\u00e9rieur de l\u2019enfant et son \u00e9ducation.<\/p>\n\n\n\n<p class=\"wp-block-paragraph\"><br>Elle a estim\u00e9 que ce plan vise \u00e0 \u00e9laborer des lignes directrices, \u00e0 d\u00e9finir les principaux r\u00f4les et responsabilit\u00e9s des acteurs publics et non publics, et \u00e0 contr\u00f4ler les m\u00e9canismes de mise en \u0153uvre, les proc\u00e9dures et les activit\u00e9s communs \u00e0 tous les secteurs, dont les plus importants sont les donn\u00e9es, la recherche, l\u2019information, les politiques et la l\u00e9gislation bas\u00e9es sur des donn\u00e9es fiables et pr\u00e9cises.<br><br><\/p>\n","protected":false},"excerpt":{"rendered":"<p>Dans le cadre de l\u2019anniversaire de l\u00a0\u00bbadoption de la Convention Internationale des Droits de l\u2019Enfant et du lancement du Mois de la Protection du 20 novembre au 20 d\u00e9cembre, sous le slogan \u00ab Pr\u00e9venir c\u2019est Prot\u00e9ger \u00bb, Mme Asma Jebri, Ministre de la Famille, de la Femme, de l\u2019Enfant et des Personnes \u00e2g\u00e9es, a annonc\u00e9 [&hellip;]<\/p>\n","protected":false},"author":4,"featured_media":60191,"comment_status":"open","ping_status":"closed","sticky":false,"template":"","format":"standard","meta":{"content-type":"","jnews-multi-image_gallery":[],"jnews_single_post":{"subtitle":"","format":"standard","video":"","gallery":"","source_name":"","source_url":"","via_name":"","via_url":"","override_template":"0","override":[{"template":"1","single_blog_custom":"","parallax":"1","fullscreen":"1","layout":"right-sidebar","sidebar":"default-sidebar","second_sidebar":"default-sidebar","sticky_sidebar":"1","share_position":"top","share_float_style":"share-monocrhome","show_share_counter":"1","show_view_counter":"1","show_featured":"1","show_post_meta":"1","show_post_author":"1","show_post_author_image":"1","show_post_date":"1","post_date_format":"default","post_date_format_custom":"Y\/m\/d","show_post_category":"1","show_post_reading_time":"0","post_reading_time_wpm":"300","show_zoom_button":"0","zoom_button_out_step":"2","zoom_button_in_step":"3","show_post_tag":"1","show_prev_next_post":"1","show_popup_post":"1","number_popup_post":"1","show_author_box":"0","show_post_related":"0","show_inline_post_related":"0"}],"override_image_size":"0","image_override":[{"single_post_thumbnail_size":"crop-500","single_post_gallery_size":"crop-500"}],"trending_post":"0","trending_post_position":"meta","trending_post_label":"Trending","sponsored_post":"0","sponsored_post_label":"Sponsored by","sponsored_post_name":"","sponsored_post_url":"","sponsored_post_logo_enable":"0","sponsored_post_logo":"","sponsored_post_desc":"","disable_ad":"0"},"jnews_primary_category":{"id":"","hide":""},"jnews_override_bookmark_settings":[],"jnews_review":[],"enable_review":"","type":"","name":"","summary":"","brand":"","sku":"","good":[],"bad":[],"score_override":"","override_value":"","rating":[],"price":[],"jnews_post_split":[],"footnotes":""},"categories":[2],"tags":[577,13760,4331,5785],"class_list":["post-60190","post","type-post","status-publish","format-standard","has-post-thumbnail","hentry","category-news-politique","tag-enfants","tag-la-ministre-de-la-famille-annonce-le-lancement-du-plan-national-de-lutte-contre-les-violences-a-legard-des-enfants-dans-lespace-numerique","tag-plan-national","tag-violences"],"_links":{"self":[{"href":"https:\/\/www.africanchallenges.com\/index.php?rest_route=\/wp\/v2\/posts\/60190","targetHints":{"allow":["GET"]}}],"collection":[{"href":"https:\/\/www.africanchallenges.com\/index.php?rest_route=\/wp\/v2\/posts"}],"about":[{"href":"https:\/\/www.africanchallenges.com\/index.php?rest_route=\/wp\/v2\/types\/post"}],"author":[{"embeddable":true,"href":"https:\/\/www.africanchallenges.com\/index.php?rest_route=\/wp\/v2\/users\/4"}],"replies":[{"embeddable":true,"href":"https:\/\/www.africanchallenges.com\/index.php?rest_route=%2Fwp%2Fv2%2Fcomments&post=60190"}],"version-history":[{"count":3,"href":"https:\/\/www.africanchallenges.com\/index.php?rest_route=\/wp\/v2\/posts\/60190\/revisions"}],"predecessor-version":[{"id":60196,"href":"https:\/\/www.africanchallenges.com\/index.php?rest_route=\/wp\/v2\/posts\/60190\/revisions\/60196"}],"wp:featuredmedia":[{"embeddable":true,"href":"https:\/\/www.africanchallenges.com\/index.php?rest_route=\/wp\/v2\/media\/60191"}],"wp:attachment":[{"href":"https:\/\/www.africanchallenges.com\/index.php?rest_route=%2Fwp%2Fv2%2Fmedia&parent=60190"}],"wp:term":[{"taxonomy":"category","embeddable":true,"href":"https:\/\/www.africanchallenges.com\/index.php?rest_route=%2Fwp%2Fv2%2Fcategories&post=60190"},{"taxonomy":"post_tag","embeddable":true,"href":"https:\/\/www.africanchallenges.com\/index.php?rest_route=%2Fwp%2Fv2%2Ftags&post=60190"}],"curies":[{"name":"wp","href":"https:\/\/api.w.org\/{rel}","templated":true}]}}