{"id":60008,"date":"2024-11-15T09:44:57","date_gmt":"2024-11-15T08:44:57","guid":{"rendered":"https:\/\/www.africanchallenges.com\/?p=60008"},"modified":"2024-11-15T09:48:15","modified_gmt":"2024-11-15T08:48:15","slug":"tunisie-debat-sur-le-budget-du-ministere-de-lagriculture","status":"publish","type":"post","link":"https:\/\/www.africanchallenges.com\/?p=60008","title":{"rendered":"Tunisie : D\u00e9bat sur le budget du minist\u00e8re de l&rsquo;Agriculture"},"content":{"rendered":"\n<p class=\"wp-block-paragraph\">En pr\u00e9sence du Conseil national des r\u00e9gions et districts, le Parlement tunisien a continu\u00e9 ses d\u00e9lib\u00e9rations concernant le budget de l&rsquo;\u00c9tat pour l&rsquo;ann\u00e9e 2025. Une session d\u00e9di\u00e9e \u00e0 la mission de l\u2019Agriculture, des Ressources en Eau et de la P\u00eache a eu lieu le jeudi 14 novembre 2024. Le ministre de l&rsquo;Agriculture, M. Ezzeddine Ben Cheikh, et le secr\u00e9taire d&rsquo;\u00c9tat charg\u00e9 des ressources en eau, M. Hamadi Habib, ont particip\u00e9 \u00e0 la s\u00e9ance sous la pr\u00e9sidence de M. Brahim Bouderbala.<\/p>\n\n\n\n<p class=\"wp-block-paragraph\">M. Bouderbala a soulign\u00e9 la valeur cruciale de ce domaine pour la pr\u00e9servation des ressources en nourriture et en eau du pays, notamment face \u00e0 la r\u00e9duction des stocks d&rsquo;eau et aux cons\u00e9quences du changement climatique. D&rsquo;apr\u00e8s lui, il est essentiel que la mission l\u00e9gislative collabore avec le pouvoir ex\u00e9cutif pour assurer la souverainet\u00e9 de l&rsquo;alimentation en favorisant des r\u00e9formes l\u00e9gales et des d\u00e9marches conjointes.<\/p>\n\n\n\n<p class=\"wp-block-paragraph\">Le ministre de l\u2019Agriculture a ensuite d\u00e9taill\u00e9 les axes strat\u00e9giques pour 2025 :<\/p>\n\n\n\n<p class=\"wp-block-paragraph\">1. Production agricole durable pour atteindre l\u2019autosuffisance et ma\u00eetriser les surplus des produits v\u00e9g\u00e9taux et animaux.<\/p>\n\n\n\n<p class=\"wp-block-paragraph\">2. S\u00e9curit\u00e9 sanitaire des produits agricoles pour r\u00e9pondre aux normes internationales.<\/p>\n\n\n\n<p class=\"wp-block-paragraph\">3. D\u00e9veloppement de l\u2019agriculture biologique afin de renforcer son r\u00f4le dans l\u2019\u00e9conomie.<\/p>\n\n\n\n<p class=\"wp-block-paragraph\">4. Gestion optimale des ressources maritimes pour un d\u00e9veloppement durable de la p\u00eache.<\/p>\n\n\n\n<p class=\"wp-block-paragraph\">5. Am\u00e9lioration de la gestion de l\u2019eau par la connexion des barrages, la dessalination de l\u2019eau de mer et des \u00e9quipements d\u2019\u00e9conomie d\u2019eau.<\/p>\n\n\n\n<p class=\"wp-block-paragraph\">6. D\u00e9veloppement de syst\u00e8mes d\u2019alerte rapide pour les inondations et gestion des eaux trait\u00e9es.<\/p>\n\n\n\n<p class=\"wp-block-paragraph\">7. Protection des terres agricoles contre l\u2019\u00e9rosion et am\u00e9lioration des infrastructures foresti\u00e8res et pastorales.<\/p>\n\n\n\n<p class=\"wp-block-paragraph\">Les d\u00e9put\u00e9s ont soulign\u00e9 l\u2019urgence de :<\/p>\n\n\n\n<p class=\"wp-block-paragraph\">\u2013 Prot\u00e9ger la r\u00e9colte des olives et promouvoir l\u2019huile d\u2019olive \u00e0 l\u2019international.<\/p>\n\n\n\n<p class=\"wp-block-paragraph\">\u2013 Restructurer les offices agricoles, notamment celui des c\u00e9r\u00e9ales.<\/p>\n\n\n\n<p class=\"wp-block-paragraph\">\u2013 Prendre des mesures pour pr\u00e9server la ressource en eau et limiter la surexploitation des nappes phr\u00e9atiques.<\/p>\n\n\n\n<p class=\"wp-block-paragraph\">\u2013 Lutter contre la d\u00e9forestation et le braconnage forestier.<\/p>\n\n\n\n<p class=\"wp-block-paragraph\">\u2013 Faciliter l\u2019acc\u00e8s \u00e0 l\u2019eau potable et au mat\u00e9riel agricole, surtout dans les r\u00e9gions isol\u00e9es.<\/p>\n\n\n\n<p class=\"wp-block-paragraph\">L&rsquo;engagement de son d\u00e9partement pour une agriculture durable et r\u00e9siliente a \u00e9t\u00e9 r\u00e9affirm\u00e9 par le ministre. L&rsquo;int\u00e9gration des jeunes dans le domaine agricole, l&#8217;emploi d&rsquo;\u00e9nergies renouvelables pour la gestion de l&rsquo;eau et la transformation num\u00e9rique du secteur agricole font partie des projets propos\u00e9s.<\/p>\n","protected":false},"excerpt":{"rendered":"<p>En pr\u00e9sence du Conseil national des r\u00e9gions et districts, le Parlement tunisien a continu\u00e9 ses d\u00e9lib\u00e9rations concernant le budget de l&rsquo;\u00c9tat pour l&rsquo;ann\u00e9e 2025. Une session d\u00e9di\u00e9e \u00e0 la mission de l\u2019Agriculture, des Ressources en Eau et de la P\u00eache a eu lieu le jeudi 14 novembre 2024. Le ministre de l&rsquo;Agriculture, M. Ezzeddine Ben [&hellip;]<\/p>\n","protected":false},"author":4,"featured_media":60009,"comment_status":"open","ping_status":"closed","sticky":false,"template":"","format":"standard","meta":{"content-type":"","jnews-multi-image_gallery":[],"jnews_single_post":{"subtitle":"","format":"standard","video":"","gallery":"","source_name":"","source_url":"","via_name":"","via_url":"","override_template":"0","override":[{"template":"1","single_blog_custom":"","parallax":"1","fullscreen":"1","layout":"right-sidebar","sidebar":"default-sidebar","second_sidebar":"default-sidebar","sticky_sidebar":"1","share_position":"top","share_float_style":"share-monocrhome","show_share_counter":"1","show_view_counter":"1","show_featured":"1","show_post_meta":"1","show_post_author":"1","show_post_author_image":"1","show_post_date":"1","post_date_format":"default","post_date_format_custom":"Y\/m\/d","show_post_category":"1","show_post_reading_time":"0","post_reading_time_wpm":"300","show_zoom_button":"0","zoom_button_out_step":"2","zoom_button_in_step":"3","show_post_tag":"1","show_prev_next_post":"1","show_popup_post":"1","number_popup_post":"1","show_author_box":"0","show_post_related":"0","show_inline_post_related":"0"}],"override_image_size":"0","image_override":[{"single_post_thumbnail_size":"crop-500","single_post_gallery_size":"crop-500"}],"trending_post":"0","trending_post_position":"meta","trending_post_label":"Trending","sponsored_post":"0","sponsored_post_label":"Sponsored by","sponsored_post_name":"","sponsored_post_url":"","sponsored_post_logo_enable":"0","sponsored_post_logo":"","sponsored_post_desc":"","disable_ad":"0"},"jnews_primary_category":{"id":"","hide":""},"jnews_override_bookmark_settings":[],"jnews_review":[],"enable_review":"","type":"","name":"","summary":"","brand":"","sku":"","good":[],"bad":[],"score_override":"","override_value":"","rating":[],"price":[],"jnews_post_split":[],"footnotes":""},"categories":[6],"tags":[1144,2931,9393],"class_list":["post-60008","post","type-post","status-publish","format-standard","has-post-thumbnail","hentry","category-world","tag-budget","tag-debat","tag-ministere-de-lagriculture"],"_links":{"self":[{"href":"https:\/\/www.africanchallenges.com\/index.php?rest_route=\/wp\/v2\/posts\/60008","targetHints":{"allow":["GET"]}}],"collection":[{"href":"https:\/\/www.africanchallenges.com\/index.php?rest_route=\/wp\/v2\/posts"}],"about":[{"href":"https:\/\/www.africanchallenges.com\/index.php?rest_route=\/wp\/v2\/types\/post"}],"author":[{"embeddable":true,"href":"https:\/\/www.africanchallenges.com\/index.php?rest_route=\/wp\/v2\/users\/4"}],"replies":[{"embeddable":true,"href":"https:\/\/www.africanchallenges.com\/index.php?rest_route=%2Fwp%2Fv2%2Fcomments&post=60008"}],"version-history":[{"count":1,"href":"https:\/\/www.africanchallenges.com\/index.php?rest_route=\/wp\/v2\/posts\/60008\/revisions"}],"predecessor-version":[{"id":60010,"href":"https:\/\/www.africanchallenges.com\/index.php?rest_route=\/wp\/v2\/posts\/60008\/revisions\/60010"}],"wp:featuredmedia":[{"embeddable":true,"href":"https:\/\/www.africanchallenges.com\/index.php?rest_route=\/wp\/v2\/media\/60009"}],"wp:attachment":[{"href":"https:\/\/www.africanchallenges.com\/index.php?rest_route=%2Fwp%2Fv2%2Fmedia&parent=60008"}],"wp:term":[{"taxonomy":"category","embeddable":true,"href":"https:\/\/www.africanchallenges.com\/index.php?rest_route=%2Fwp%2Fv2%2Fcategories&post=60008"},{"taxonomy":"post_tag","embeddable":true,"href":"https:\/\/www.africanchallenges.com\/index.php?rest_route=%2Fwp%2Fv2%2Ftags&post=60008"}],"curies":[{"name":"wp","href":"https:\/\/api.w.org\/{rel}","templated":true}]}}