{"id":59823,"date":"2024-11-08T17:33:32","date_gmt":"2024-11-08T16:33:32","guid":{"rendered":"https:\/\/www.africanchallenges.com\/?p=59823"},"modified":"2024-11-08T18:21:19","modified_gmt":"2024-11-08T17:21:19","slug":"une-participation-estimee-de-150-a-200-personnalites-du-secteur-mediatique-a-la-4e-edition-de-la-conference-des-medias-arabes-sous-le-theme-le-role-des-medias-dans-la-lutte-contre-le-changement-clim","status":"publish","type":"post","link":"https:\/\/www.africanchallenges.com\/?p=59823","title":{"rendered":"Une participation estim\u00e9e de 150 \u00e0 200 personnalit\u00e9s du secteur m\u00e9diatique \u00e0 la 4\u00e8 \u00e9dition de la conf\u00e9rence des m\u00e9dias arabes sous le th\u00e8me \u00ab\u00a0Le r\u00f4le des m\u00e9dias dans la lutte contre le changement climatique\u00a0\u00bb, du 14 avril \u00a0au 16 avril 2025, \u00e0 Bgadad"},"content":{"rendered":"\n<p class=\"wp-block-paragraph\">Les m\u00e9dias occupent une position cruciale et d\u00e9terminante dans la sensibilisation au changement climatique, qui s&rsquo;est impos\u00e9 comme l&rsquo;un des enjeux mondiaux les plus pressants n\u00e9cessitant des solutions efficaces pour pr\u00e9server l&rsquo;humanit\u00e9. Ils jouent \u00e9galement un r\u00f4le cl\u00e9 dans l&rsquo;\u00e9ducation du public international sur les questions environnementales et incitent les gouvernements \u00e0 agir en faveur de la protection de l&rsquo;environnement et \u00e0 r\u00e9pondre aux d\u00e9fis pos\u00e9s par le changement climatique.<\/p>\n\n\n\n<p class=\"wp-block-paragraph\">Dans ce contexte s\u2019inscrit la 4\u00e8 \u00e9dition de la conf\u00e9rence des m\u00e9dias arabes sous le th\u00e8me&nbsp;\u00ab&nbsp;Le r\u00f4le des m\u00e9dias dans la lutte contre le changement climatique&nbsp;\u00bb, du 14 avril &nbsp;au 16 avril 2025, \u00e0 Bgadad en Irak.<\/p>\n\n\n\n<p class=\"wp-block-paragraph\">A cette occasion l&rsquo;Union de radiodiffusion des \u00c9tats arabes (ASBU) a tenu, ce vendredi 8 novembre 2024, une conf\u00e9rence de presse&nbsp; afin de pr\u00e9senter les pr\u00e9paratifs \u00e0 cette conf\u00e9rence ainsi que son programme, en pr\u00e9sence de Dr . Abdul Rahim Suleiman, le directeur g\u00e9n\u00e9ral de l\u2019ASBU, son excellence karim Hamadi, le chef du r\u00e9seau des m\u00e9dias irakiens, et des repr\u00e9sentants de plusieurs m\u00e9dias Tunisiennes et \u00e9trang\u00e8res.<\/p>\n\n\n\n<p class=\"wp-block-paragraph\">Dans son discours , Dr.Abdul Rahim Suleiman, le directeur g\u00e9n\u00e9ral l&rsquo;Union des radiodiffusions des \u00c9tats arabes (ASBU), a exprim\u00e9 sa gratitude \u00e0 l&rsquo;Irak pour avoir accueilli la prochaine Conf\u00e9rence des m\u00e9dias arabes, et a soulign\u00e9 sa confiance dans le succ\u00e8s de la conf\u00e9rence, car elle se tient pour la premi\u00e8re fois en dehors de la Tunisie, et l&rsquo;Irak a \u00e9t\u00e9 choisi en raison de son soutien constant \u00e0 l&rsquo;Union et de sa capacit\u00e9 \u00e0 organiser de telles conf\u00e9rences.<\/p>\n\n\n\n<p class=\"wp-block-paragraph\">Il a d\u00e9clar\u00e9 qu&rsquo;\u00ab il a \u00e9t\u00e9 convenu d&rsquo;organiser la conf\u00e9rence en avril prochain et ses d\u00e9tails ont \u00e9t\u00e9 discut\u00e9s \u00bb. La conf\u00e9rence souligne les enjeux pressants dans le but d&rsquo;identifier des solutions appropri\u00e9es.<\/p>\n\n\n\n<p class=\"wp-block-paragraph\"><strong>Le programme de la 4\u00e8 \u00e9dition de la conf\u00e9rence des m\u00e9dias arabes &nbsp;sera comme suit&nbsp;:<\/strong><\/p>\n\n\n\n<p class=\"wp-block-paragraph\"><strong>Le 14 avril 2025&nbsp;: <\/strong>deux ateliers avant la conf\u00e9rence<\/p>\n\n\n\n<p class=\"wp-block-paragraph\">1<sup>er<\/sup> atelier&nbsp;: Alerte pr\u00e9coce EW4 ALL pour tous et sensibilisation.<\/p>\n\n\n\n<p class=\"wp-block-paragraph\">2\u00e8 atelier&nbsp;: Exploiter l&rsquo;intelligence artificielle pour r\u00e9pondre aux enjeux climatiques.<\/p>\n\n\n\n<p class=\"wp-block-paragraph\"><strong>Le 15 avril&nbsp;:<\/strong> l\u2019ouverture officielle.<\/p>\n\n\n\n<p class=\"wp-block-paragraph\">-Pr\u00e9sentation d\u2019un film sur la R\u00e9publique de l\u2019Irak.<\/p>\n\n\n\n<p class=\"wp-block-paragraph\">-Pr\u00e9sentation d\u2019un film sur l&rsquo;Union des radiodiffusions des \u00c9tats arabes (ASBU).<\/p>\n\n\n\n<p class=\"wp-block-paragraph\">-Pr\u00e9sentation d\u2019un documentaire sur les dangers du changement climatique r\u00e9alis\u00e9 &nbsp;par l\u2019ONU.<\/p>\n\n\n\n<p class=\"wp-block-paragraph\">-Spectacle culturel folklorique irakien.<\/p>\n\n\n\n<p class=\"wp-block-paragraph\">Introduction g\u00e9nerale&nbsp;: pr\u00e9sentation du changement climatiques&nbsp;:causes et dangers.<\/p>\n\n\n\n<p class=\"wp-block-paragraph\">1<sup>er<\/sup> Axe&nbsp;: comment les m\u00e9dias traite les probl\u00e9matiques du &nbsp;changement climatique.<\/p>\n\n\n\n<p class=\"wp-block-paragraph\">2\u00e8 Axe&nbsp;: R\u00f4le des m\u00e9dias dans le traitement des probl\u00e9matiques du &nbsp;changement climatique&nbsp;:&nbsp; pr\u00e9sentations des politiques et Initiatives.<\/p>\n\n\n\n<p class=\"wp-block-paragraph\"><strong>Mercredi 16 avril&nbsp;:<\/strong><\/p>\n\n\n\n<p class=\"wp-block-paragraph\">3\u00e8 Axe&nbsp;:-Partenariat avec l\u2019ONU, les organisations sp\u00e9cialis\u00e9es et la soci\u00e9t\u00e9 civile<\/p>\n\n\n\n<p class=\"wp-block-paragraph\">             -L&rsquo;importance de la formation dans l&rsquo;acquisition des comp\u00e9tences des professionnels des m\u00e9dias.<\/p>\n\n\n\n<p class=\"wp-block-paragraph\"> <strong> Jeudi 17 avril :    <\/strong>       <\/p>\n\n\n\n<p class=\"wp-block-paragraph\">-Visite sp\u00e9ciale sugg\u00e9r\u00e9e par le r\u00e9seau \u00a0des m\u00e9dias irakiens.<\/p>\n\n\n\n<figure class=\"wp-block-image size-full\"><img fetchpriority=\"high\" decoding=\"async\" width=\"615\" height=\"461\" src=\"https:\/\/www.africanchallenges.com\/wp-content\/uploads\/2024\/11\/ASBU2.jpg\" alt=\"\" class=\"wp-image-59832\" srcset=\"https:\/\/www.africanchallenges.com\/wp-content\/uploads\/2024\/11\/ASBU2.jpg 615w, https:\/\/www.africanchallenges.com\/wp-content\/uploads\/2024\/11\/ASBU2-300x225.jpg 300w\" sizes=\"(max-width: 615px) 100vw, 615px\" \/><\/figure>\n\n\n\n<p class=\"wp-block-paragraph\">Pour sa part M.Karim Hamadi , le chef du r\u00e9seau \u00a0des m\u00e9dias irakiens, a indiqu\u00e9 que cette conf\u00e9rence de presse a pour objectif d&rsquo;aborder la Conf\u00e9rence des m\u00e9dias arabes, pr\u00e9vue pour avril prochain \u00e0 Bagdad.<\/p>\n\n\n\n<p class=\"wp-block-paragraph\">L&rsquo;accord pour l&rsquo;accueil de cette conf\u00e9rence par Bagdad a \u00e9t\u00e9 sign\u00e9 lors de la conf\u00e9rence de presse tenue par l\u2019ASBU. De plus, il a \u00e9t\u00e9 mentionn\u00e9 que le Premier ministre Mohammed Shia al-Sudani a donn\u00e9 des instructions pour assurer un soutien complet afin de garantir le succ\u00e8s de l&rsquo;accueil de la quatri\u00e8me \u00e9dition de la conf\u00e9rence des m\u00e9dias arabes, \u00e0 Bagdad, avec la participation attendue de 150 \u00e0 200 personnalit\u00e9s du secteur m\u00e9diatique.<\/p>\n\n\n\n<p class=\"wp-block-paragraph\">Hammadi a \u00e9galement annonc\u00e9 le lancement d&rsquo;un concours sp\u00e9cial en marge de la Conf\u00e9rence des m\u00e9dias arabes , qui r\u00e9compensera les meilleures r\u00e9alisations journalistiques dans le domaine de l&rsquo;environnement et du changement climatique, au nom de la cha\u00eene.<\/p>\n\n\n\n<p class=\"wp-block-paragraph\">&nbsp;Le chef du R\u00e9seau des m\u00e9dias irakiens a confirm\u00e9 que l&rsquo;Irak fait partie des stations de radio des pays arabes et qu&rsquo;il sera un acteur cl\u00e9, soutenant cette initiative dans tous les forums, tout en pr\u00e9cisant que la tenue de la conf\u00e9rence en avril prochain a \u00e9t\u00e9 convenue et que les d\u00e9tails ont \u00e9t\u00e9 discut\u00e9s.<\/p>\n\n\n\n<p class=\"wp-block-paragraph\">Il est \u00e0 noter que la troisi\u00e8me \u00e9dition de la Conf\u00e9rence des m\u00e9dias arabes avait port\u00e9 sur le th\u00e8me \u00ab Les m\u00e9dias \u00e0 l\u2019\u00e8re de l\u2019intelligence artificielle : opportunit\u00e9s et enjeux \u00bb, tandis que la deuxi\u00e8me \u00e9dition avait examin\u00e9 la question de \u00ab l\u2019h\u00e9g\u00e9monie num\u00e9rique mondiale et les moyens d\u2019y faire face dans le monde arabe \u00bb.<\/p>\n\n\n\n<p class=\"wp-block-paragraph\">La premi\u00e8re conf\u00e9rence a port\u00e9 sur les th\u00e8mes suivants :<\/p>\n\n\n\n<p class=\"wp-block-paragraph\">\u2013 Les m\u00e9dias publics face \u00e0 l\u2019explosion des cha\u00eenes priv\u00e9es et des nouveaux m\u00e9dias<\/p>\n\n\n\n<p class=\"wp-block-paragraph\">\u2013 La crise de la presse \u00e9crite et une vision d\u2019avenir<\/p>\n\n\n\n<p class=\"wp-block-paragraph\">\u2013 Formation et r\u00e9habilitation des ressources humaines<\/p>\n","protected":false},"excerpt":{"rendered":"<p>Les m\u00e9dias occupent une position cruciale et d\u00e9terminante dans la sensibilisation au changement climatique, qui s&rsquo;est impos\u00e9 comme l&rsquo;un des enjeux mondiaux les plus pressants n\u00e9cessitant des solutions efficaces pour pr\u00e9server l&rsquo;humanit\u00e9. Ils jouent \u00e9galement un r\u00f4le cl\u00e9 dans l&rsquo;\u00e9ducation du public international sur les questions environnementales et incitent les gouvernements \u00e0 agir en faveur [&hellip;]<\/p>\n","protected":false},"author":3,"featured_media":59824,"comment_status":"open","ping_status":"closed","sticky":false,"template":"","format":"standard","meta":{"content-type":"","jnews-multi-image_gallery":[],"jnews_single_post":{"subtitle":"","format":"standard","video":"","gallery":"","source_name":"","source_url":"","via_name":"","via_url":"","override_template":"0","override":[{"template":"1","single_blog_custom":"","parallax":"1","fullscreen":"1","layout":"right-sidebar","sidebar":"default-sidebar","second_sidebar":"default-sidebar","sticky_sidebar":"1","share_position":"top","share_float_style":"share-monocrhome","show_share_counter":"1","show_view_counter":"1","show_featured":"1","show_post_meta":"1","show_post_author":"1","show_post_author_image":"1","show_post_date":"1","post_date_format":"default","post_date_format_custom":"Y\/m\/d","show_post_category":"1","show_post_reading_time":"0","post_reading_time_wpm":"300","show_zoom_button":"0","zoom_button_out_step":"2","zoom_button_in_step":"3","show_post_tag":"1","show_prev_next_post":"1","show_popup_post":"1","number_popup_post":"1","show_author_box":"0","show_post_related":"0","show_inline_post_related":"0"}],"override_image_size":"0","image_override":[{"single_post_thumbnail_size":"crop-500","single_post_gallery_size":"crop-500"}],"trending_post":"0","trending_post_position":"meta","trending_post_label":"Trending","sponsored_post":"0","sponsored_post_label":"Sponsored by","sponsored_post_name":"","sponsored_post_url":"","sponsored_post_logo_enable":"0","sponsored_post_logo":"","sponsored_post_desc":"","disable_ad":"0"},"jnews_primary_category":{"id":"","hide":""},"jnews_override_bookmark_settings":[],"jnews_review":[],"enable_review":"","type":"","name":"","summary":"","brand":"","sku":"","good":[],"bad":[],"score_override":"","override_value":"","rating":[],"price":[],"jnews_post_split":[],"footnotes":""},"categories":[2],"tags":[13634,13637],"class_list":["post-59823","post","type-post","status-publish","format-standard","has-post-thumbnail","hentry","category-news-politique","tag-bgadad","tag-reseau-des-medias-irakiens"],"_links":{"self":[{"href":"https:\/\/www.africanchallenges.com\/index.php?rest_route=\/wp\/v2\/posts\/59823","targetHints":{"allow":["GET"]}}],"collection":[{"href":"https:\/\/www.africanchallenges.com\/index.php?rest_route=\/wp\/v2\/posts"}],"about":[{"href":"https:\/\/www.africanchallenges.com\/index.php?rest_route=\/wp\/v2\/types\/post"}],"author":[{"embeddable":true,"href":"https:\/\/www.africanchallenges.com\/index.php?rest_route=\/wp\/v2\/users\/3"}],"replies":[{"embeddable":true,"href":"https:\/\/www.africanchallenges.com\/index.php?rest_route=%2Fwp%2Fv2%2Fcomments&post=59823"}],"version-history":[{"count":5,"href":"https:\/\/www.africanchallenges.com\/index.php?rest_route=\/wp\/v2\/posts\/59823\/revisions"}],"predecessor-version":[{"id":59836,"href":"https:\/\/www.africanchallenges.com\/index.php?rest_route=\/wp\/v2\/posts\/59823\/revisions\/59836"}],"wp:featuredmedia":[{"embeddable":true,"href":"https:\/\/www.africanchallenges.com\/index.php?rest_route=\/wp\/v2\/media\/59824"}],"wp:attachment":[{"href":"https:\/\/www.africanchallenges.com\/index.php?rest_route=%2Fwp%2Fv2%2Fmedia&parent=59823"}],"wp:term":[{"taxonomy":"category","embeddable":true,"href":"https:\/\/www.africanchallenges.com\/index.php?rest_route=%2Fwp%2Fv2%2Fcategories&post=59823"},{"taxonomy":"post_tag","embeddable":true,"href":"https:\/\/www.africanchallenges.com\/index.php?rest_route=%2Fwp%2Fv2%2Ftags&post=59823"}],"curies":[{"name":"wp","href":"https:\/\/api.w.org\/{rel}","templated":true}]}}